{"id":159072,"date":"2025-04-08T17:38:14","date_gmt":"2025-04-08T14:38:14","guid":{"rendered":"https:\/\/www.tgrthaber.com\/mavikadin\/?p=159072"},"modified":"2025-04-08T17:38:13","modified_gmt":"2025-04-08T14:38:13","slug":"masterchef-turkiyenin-yeni-sezonu-ne-zaman-somer-seften-heyecan-verici-paylasim","status":"publish","type":"post","link":"https:\/\/www.tgrthaber.com\/mavikadin\/masterchef-turkiyenin-yeni-sezonu-ne-zaman-somer-seften-heyecan-verici-paylasim\/","title":{"rendered":"MasterChef T\u00fcrkiye\u2019nin yeni sezonu ne zaman? Somer \u015eef&#8217;ten heyecan verici payla\u015f\u0131m"},"content":{"rendered":"<p>T\u00fcrk televizyonlar\u0131n\u0131n en pop\u00fcler yemek yar\u0131\u015fmas\u0131 program\u0131 olan MasterChef T\u00fcrkiye, yeni sezonuyla ekranlara d\u00f6nmeye haz\u0131rlan\u0131yor. J\u00fcri \u00fcyelerinden Somer Sivrio\u011flu, Instagram hesab\u0131 \u00fczerinden yapt\u0131\u011f\u0131 payla\u015f\u0131m ile izleyicilere heyecan dolu bir duyuru yapt\u0131. \u201cEvimizdeyiz, ba\u015flad\u0131k\u201d notunu payla\u015fan \u00fcnl\u00fc \u015fef, yeni sezonun haz\u0131rl\u0131klar\u0131n\u0131n ba\u015flad\u0131\u011f\u0131n\u0131 m\u00fcjdeledi.<\/p>\n<p>Somer Sivrio\u011flu\u2019nun sosyal medyada yapt\u0131\u011f\u0131 bu a\u00e7\u0131klama, program\u0131n tutkulu takip\u00e7ilerini fazlas\u0131yla heyecanland\u0131rd\u0131. Sivrio\u011flu\u2019nun payla\u015f\u0131m\u0131, izleyicilere MasterChef T\u00fcrkiye\u2019nin yeni sezonunun \u00e7ok yak\u0131nda ba\u015flayaca\u011f\u0131 sinyalini verdi. Her y\u0131l b\u00fcy\u00fck bir ilgiyle izlenen ve T\u00fcrkiye\u2019nin en iddial\u0131 a\u015f\u00e7\u0131l\u0131k yar\u0131\u015fmalar\u0131ndan biri olan program, bu sezon da iddial\u0131 bir kadro ve heyecan verici yar\u0131\u015fmac\u0131larla izleyicilerin kar\u015f\u0131s\u0131na \u00e7\u0131kmaya haz\u0131rlan\u0131yor.<\/p>\n<h3>SOMER S\u0130VR\u0130O\u011eLU&#8217;NUN A\u00c7IKLAMASI<\/h3>\n<p>Somer Sivrio\u011flu, ge\u00e7ti\u011fimiz g\u00fcnlerde hakk\u0131ndaki \u201ckovuldu\u201d iddialar\u0131na a\u00e7\u0131kl\u0131k getirdi. \u00dcnl\u00fc \u015fef, MasterChef T\u00fcrkiye program\u0131ndan kovuldu\u011funa dair \u00e7\u0131kan haberlerin ger\u00e7e\u011fi yans\u0131tmad\u0131\u011f\u0131n\u0131 belirterek, \u201cKarar\u0131m tamamen ki\u015fisel bir duru\u015ftur. Programdaki g\u00f6revim devam ediyor\u201d a\u00e7\u0131klamas\u0131n\u0131 yapt\u0131. Bu a\u00e7\u0131klama, izleyicilerinin kafas\u0131nda olu\u015fan soru i\u015faretlerini ortadan kald\u0131rm\u0131\u015f oldu. Sivrio\u011flu, sosyal medya \u00fczerinden yapt\u0131\u011f\u0131 bu a\u00e7\u0131klama ile \u201cEvimizdeyiz, ba\u015flad\u0131k\u201d diyerek yeni sezonun ba\u015flad\u0131\u011f\u0131n\u0131 duyurdu.<\/p>\n<p><img loading=\"lazy\" decoding=\"async\" class=\"alignnone size-full wp-image-159092\" src=\"https:\/\/www.tgrthaber.com\/mavikadin\/wp-content\/uploads\/5-328.png\" alt=\"\" width=\"1280\" height=\"720\" title=\"\" srcset=\"https:\/\/www.tgrthaber.com\/mavikadin\/wp-content\/uploads\/5-328.png 1280w, https:\/\/www.tgrthaber.com\/mavikadin\/wp-content\/uploads\/5-328-300x169.png 300w, https:\/\/www.tgrthaber.com\/mavikadin\/wp-content\/uploads\/5-328-1024x576.png 1024w, https:\/\/www.tgrthaber.com\/mavikadin\/wp-content\/uploads\/5-328-768x432.png 768w\" sizes=\"(max-width: 1280px) 100vw, 1280px\" \/><\/p>\n<hr \/>\n<h3>MASTERCHEF TT\u00dcRK\u0130YE HAKKINDA GENEL B\u0130LG\u0130LER<\/h3>\n<p>MasterChef T\u00fcrkiye, 2011 y\u0131l\u0131nda Show TV\u2019de yay\u0131nlanmaya ba\u015flam\u0131\u015f, 2018 y\u0131l\u0131ndan itibaren ise TV8 kanal\u0131nda yay\u0131n hayat\u0131na devam etmektedir. \u0130ngiltere k\u00f6kenli olan bu a\u015f\u00e7\u0131l\u0131k yar\u0131\u015fmas\u0131, T\u00fcrkiye\u2019de de b\u00fcy\u00fck ilgiyle izlenmektedir. Yar\u0131\u015fma, her sezon yeni ve heyecan verici yar\u0131\u015fmac\u0131larla izleyicileri ekrana kilitliyor. Somer Sivrio\u011flu, Mehmet Yal\u00e7\u0131nkaya ve Danilo Zanna\u2019n\u0131n j\u00fcri \u00fcyeli\u011fini \u00fcstlendi\u011fi program, yemek tutkunlar\u0131 taraf\u0131ndan dikkatle izleniyor.<\/p>\n<p><img loading=\"lazy\" decoding=\"async\" class=\"alignnone size-full wp-image-159089\" src=\"https:\/\/www.tgrthaber.com\/mavikadin\/wp-content\/uploads\/2-663.png\" alt=\"\" width=\"1280\" height=\"720\" title=\"\" srcset=\"https:\/\/www.tgrthaber.com\/mavikadin\/wp-content\/uploads\/2-663.png 1280w, https:\/\/www.tgrthaber.com\/mavikadin\/wp-content\/uploads\/2-663-300x169.png 300w, https:\/\/www.tgrthaber.com\/mavikadin\/wp-content\/uploads\/2-663-1024x576.png 1024w, https:\/\/www.tgrthaber.com\/mavikadin\/wp-content\/uploads\/2-663-768x432.png 768w\" sizes=\"(max-width: 1280px) 100vw, 1280px\" \/><\/p>\n<hr \/>\n<h3>YEN\u0130 SEZONUN BA\u015eLANGI\u00c7 TAR\u0130H\u0130<\/h3>\n<p>Hen\u00fcz resmi olarak yay\u0131n tarihi a\u00e7\u0131klanmam\u0131\u015f olsa da, MasterChef T\u00fcrkiye\u2019nin yeni sezonunun yaz aylar\u0131nda izleyicilerle bulu\u015fmas\u0131 bekleniyor. Ge\u00e7mi\u015f y\u0131llarda yaz ay\u0131nda ba\u015flam\u0131\u015f olan yar\u0131\u015fman\u0131n, bu y\u0131l da benzer bir takvim izlemesi muhtemel. Program\u0131n detaylar\u0131, tan\u0131t\u0131mlar\u0131 ve yeni sezona dair geli\u015fmeleri MasterChef T\u00fcrkiye\u2019nin resmi sosyal medya hesaplar\u0131 \u00fczerinden takip edebilirsiniz.<\/p>\n<p><img loading=\"lazy\" decoding=\"async\" class=\"alignnone size-full wp-image-159090\" src=\"https:\/\/www.tgrthaber.com\/mavikadin\/wp-content\/uploads\/3-654.png\" alt=\"\" width=\"1280\" height=\"720\" title=\"\" srcset=\"https:\/\/www.tgrthaber.com\/mavikadin\/wp-content\/uploads\/3-654.png 1280w, https:\/\/www.tgrthaber.com\/mavikadin\/wp-content\/uploads\/3-654-300x169.png 300w, https:\/\/www.tgrthaber.com\/mavikadin\/wp-content\/uploads\/3-654-1024x576.png 1024w, https:\/\/www.tgrthaber.com\/mavikadin\/wp-content\/uploads\/3-654-768x432.png 768w\" sizes=\"(max-width: 1280px) 100vw, 1280px\" \/><\/p>\n<hr \/>\n<p>MasterChef T\u00fcrkiye yeni sezonuyla ekranlara d\u00f6nmeye haz\u0131rlan\u0131rken, Somer Sivrio\u011flu\u2019nun payla\u015ft\u0131\u011f\u0131 \u201cEvimizdeyiz, ba\u015flad\u0131k\u201d notu heyecan\u0131 daha da art\u0131rd\u0131. Program\u0131n takip\u00e7ileri, bu sezon da yine s\u00fcr\u00fckleyici b\u00f6l\u00fcmler, birbirinden yetenekli yar\u0131\u015fmac\u0131lar ve ustaca haz\u0131rlanan yemeklerle ekran ba\u015f\u0131na kilitlenecek. Yeni sezonun yay\u0131n tarihi ve geli\u015fmeleri i\u00e7in resmi a\u00e7\u0131klamalar bekleniyor.<\/p>\n<p>Somer Sivrio\u011flu ve j\u00fcri ekibinin katk\u0131lar\u0131yla bu sezon yine yemek d\u00fcnyas\u0131na damgas\u0131n\u0131 vurmas\u0131 beklenen MasterChef T\u00fcrkiye i\u00e7in izleyicilerin sab\u0131rs\u0131zl\u0131kla bekledi\u011fi bir d\u00f6neme giriyoruz.<\/p>\n","protected":false},"excerpt":{"rendered":"<p>MasterChef T\u00fcrkiye heyecan\u0131 geri d\u00f6n\u00fcyor! Ekranlar\u0131n en pop\u00fcler yemek yar\u0131\u015fmas\u0131, yeni sezonuyla izleyicilerle bulu\u015fmaya haz\u0131rlan\u0131yor. Y\u0131l boyunca b\u00fcy\u00fck bir ilgiyle takip edilen program, bu sezon da birbirinden yetenekli yar\u0131\u015fmac\u0131lar\u0131 ve s\u00fcrpriz geli\u015fmeleriyle izleyicileri ekrana kilitleyecek. \u0130\u015fte detaylar&#8230;<\/p>\n","protected":false},"author":28,"featured_media":159087,"comment_status":"closed","ping_status":"closed","sticky":false,"template":"","format":"standard","meta":{"rank_math_lock_modified_date":true,"footnotes":""},"categories":[76],"tags":[1120,17165],"class_list":["post-159072","post","type-post","status-publish","format-standard","has-post-thumbnail","hentry","category-magazin","tag-masterchef","tag-masterchef-yeni-sezon"],"_links":{"self":[{"href":"https:\/\/www.tgrthaber.com\/mavikadin\/wp-json\/wp\/v2\/posts\/159072"}],"collection":[{"href":"https:\/\/www.tgrthaber.com\/mavikadin\/wp-json\/wp\/v2\/posts"}],"about":[{"href":"https:\/\/www.tgrthaber.com\/mavikadin\/wp-json\/wp\/v2\/types\/post"}],"author":[{"embeddable":true,"href":"https:\/\/www.tgrthaber.com\/mavikadin\/wp-json\/wp\/v2\/users\/28"}],"replies":[{"embeddable":true,"href":"https:\/\/www.tgrthaber.com\/mavikadin\/wp-json\/wp\/v2\/comments?post=159072"}],"version-history":[{"count":1,"href":"https:\/\/www.tgrthaber.com\/mavikadin\/wp-json\/wp\/v2\/posts\/159072\/revisions"}],"predecessor-version":[{"id":159093,"href":"https:\/\/www.tgrthaber.com\/mavikadin\/wp-json\/wp\/v2\/posts\/159072\/revisions\/159093"}],"wp:featuredmedia":[{"embeddable":true,"href":"https:\/\/www.tgrthaber.com\/mavikadin\/wp-json\/wp\/v2\/media\/159087"}],"wp:attachment":[{"href":"https:\/\/www.tgrthaber.com\/mavikadin\/wp-json\/wp\/v2\/media?parent=159072"}],"wp:term":[{"taxonomy":"category","embeddable":true,"href":"https:\/\/www.tgrthaber.com\/mavikadin\/wp-json\/wp\/v2\/categories?post=159072"},{"taxonomy":"post_tag","embeddable":true,"href":"https:\/\/www.tgrthaber.com\/mavikadin\/wp-json\/wp\/v2\/tags?post=159072"}],"curies":[{"name":"wp","href":"https:\/\/api.w.org\/{rel}","templated":true}]}}