{"id":159094,"date":"2025-04-08T18:08:15","date_gmt":"2025-04-08T15:08:15","guid":{"rendered":"https:\/\/www.tgrthaber.com\/mavikadin\/?p=159094"},"modified":"2025-04-08T18:08:15","modified_gmt":"2025-04-08T15:08:15","slug":"nadide-sultanin-avmdeki-talihsiz-anlari-topugu-mazgala-sikisti-imdadina-calisanlar-kostu","status":"publish","type":"post","link":"https:\/\/www.tgrthaber.com\/mavikadin\/nadide-sultanin-avmdeki-talihsiz-anlari-topugu-mazgala-sikisti-imdadina-calisanlar-kostu\/","title":{"rendered":"Nadide Sultan&#8217;\u0131n AVM&#8217;deki talihsiz anlar\u0131! Topu\u011fu mazgala s\u0131k\u0131\u015ft\u0131 imdad\u0131na \u00e7al\u0131\u015fanlar ko\u015ftu"},"content":{"rendered":"<p class=\"p1\">\u00dcnl\u00fc \u015fark\u0131c\u0131 Nadide Sultan, al\u0131\u015fveri\u015f i\u00e7in gitti\u011fi bir AVM\u2019de beklenmedik bir olay ya\u015fad\u0131. Topuklu ayakkab\u0131s\u0131 mazgala s\u0131k\u0131\u015f\u0131nca neye u\u011frad\u0131\u011f\u0131n\u0131 \u015fa\u015f\u0131rd\u0131. Y\u00fcr\u00fcrken aniden dengesini kaybeden sanat\u00e7\u0131 k\u0131sa s\u00fcreli bir panik ya\u015fad\u0131. Etraf\u0131ndakiler durumu fark edince hemen yard\u0131m etmeye \u00e7al\u0131\u015ft\u0131. Neyse ki bir ma\u011faza \u00e7al\u0131\u015fan\u0131 olay\u0131 fark ederek h\u0131zla m\u00fcdahale etti. Bu k\u00fc\u00e7\u00fck aksilik, \u00e7evredekilerin ilgisi sayesinde k\u0131sa s\u00fcrede tatl\u0131 bir an\u0131ya d\u00f6n\u00fc\u015ft\u00fc ve o anlar sosyal medyada da g\u00fcndem oldu.<\/p>\n<h3>NAD\u0130DE SULTAN&#8217;IN AVM&#8217;DEK\u0130 TAL\u0130HS\u0130Z ANLARI! TOPU\u011eU MAZGALA SIKI\u015eTI<\/h3>\n<p class=\"p1\">\u00dcnl\u00fc sanat\u00e7\u0131 Nadide Sultan, al\u0131\u015fveri\u015f merkezinde y\u00fcr\u00fcrken ans\u0131z\u0131n bir sorunla kar\u015f\u0131la\u015ft\u0131. Topuklu ayakkab\u0131s\u0131n\u0131n mazgala tak\u0131lmas\u0131yla k\u0131sa s\u00fcreli bir duraksama ya\u015fand\u0131. Etraf\u0131ndaki bak\u0131\u015flar \u00fczerine utan\u00e7la ba\u015f\u0131n\u0131 \u00f6ne e\u011fen ve y\u00fcz\u00fcn\u00fc elleriyle kapatan \u015fark\u0131c\u0131n\u0131n imdad\u0131na ma\u011faza \u00e7al\u0131\u015fan\u0131 ko\u015ftu ve b\u00fcy\u00fck bir dikkatle ayakkab\u0131y\u0131 s\u0131k\u0131\u015ft\u0131\u011f\u0131 yerden \u00e7\u0131karmay\u0131 ba\u015fard\u0131. Nadide Sultan&#8217;\u0131n o anlar\u0131 sosyal medyada da g\u00fcndem oldu.<\/p>\n<div style=\"width: 640px;\" class=\"wp-video\"><!--[if lt IE 9]><script>document.createElement('video');<\/script><![endif]-->\n<video class=\"wp-video-shortcode\" id=\"video-159094-1\" width=\"640\" height=\"1138\" preload=\"metadata\" controls=\"controls\"><source type=\"video\/mp4\" src=\"https:\/\/www.tgrthaber.com\/mavikadin\/wp-content\/uploads\/nadidea.mp4?_=1\" \/><a href=\"https:\/\/www.tgrthaber.com\/mavikadin\/wp-content\/uploads\/nadidea.mp4\">https:\/\/www.tgrthaber.com\/mavikadin\/wp-content\/uploads\/nadidea.mp4<\/a><\/video><\/div>\n<h3>NAD\u0130DE SULTAN K\u0130MD\u0130R?<\/h3>\n<p class=\"p1\">Nadide Sultan, aslen Konya k\u00f6kenli bir aileden gelmekle birlikte, 15 Kas\u0131m 1976 tarihinde \u0130stanbul\u2019da hayata g\u00f6zlerini a\u00e7t\u0131. E\u011fitim hayat\u0131na \u0130dealtepe \u0130lkokulu\u2019nda ba\u015flayan sanat\u00e7\u0131, ard\u0131ndan Fenerbah\u00e7e Ortaokulu ve Lisesi\u2019nde \u00f6\u011frenim g\u00f6rd\u00fc. Lise sonras\u0131 m\u00fczi\u011fe olan ilgisi daha da peki\u015fti ve arkada\u015flar\u0131yla birlikte kurduklar\u0131 grupla \u00e7e\u015fitli sahnelerde solistlik yapmaya ba\u015flad\u0131. Bu s\u00fcre\u00e7te Emel Say\u0131n, Co\u015fkun Sabah, Altay ve Fatih \u00dcrek gibi isimlerin arkas\u0131nda vokal olarak da sahne ald\u0131. M\u00fczi\u011fe adanm\u0131\u015f kariyerinde yedi alb\u00fcm yay\u0131mlayan Sultan, 2001 y\u0131l\u0131nda ekranlara gelen &#8216;\u00c7ifte Bela&#8217; adl\u0131 dizide Ay\u015fe Tolga ile birlikte ba\u015frol\u00fc payla\u015ft\u0131.,<\/p>\n<p><img loading=\"lazy\" decoding=\"async\" class=\"alignnone wp-image-159107 size-full\" src=\"https:\/\/www.tgrthaber.com\/mavikadin\/wp-content\/uploads\/Ekran-Resmi-2025-04-08-18.01.02.png\" alt=\"\" width=\"926\" height=\"532\" title=\"\" srcset=\"https:\/\/www.tgrthaber.com\/mavikadin\/wp-content\/uploads\/Ekran-Resmi-2025-04-08-18.01.02.png 926w, https:\/\/www.tgrthaber.com\/mavikadin\/wp-content\/uploads\/Ekran-Resmi-2025-04-08-18.01.02-300x172.png 300w, https:\/\/www.tgrthaber.com\/mavikadin\/wp-content\/uploads\/Ekran-Resmi-2025-04-08-18.01.02-768x441.png 768w\" sizes=\"(max-width: 926px) 100vw, 926px\" \/><\/p>\n<hr \/>\n<p class=\"p1\">Televizyon kariyerinde ise TGRT\u2019de yay\u0131nlanan Anadolu Magazin ve Kanal 1\u2019deki Renkli Bir Gece programlar\u0131nda sunuculuk g\u00f6revini \u00fcstlendi. Uzun s\u00fcre ara verdi\u011fi akademik hayat\u0131na 2009\u2019da geri d\u00f6nd\u00fc ve \u0130stanbul Teknik \u00dcniversitesi T\u00fcrk M\u00fczi\u011fi Ses E\u011fitimi b\u00f6l\u00fcm\u00fcnden 2011 y\u0131l\u0131nda mezun oldu. 2012\u2019de TMC etiketiyle \u00e7\u0131kan Hayat A\u015fktan alb\u00fcm\u00fcnde Nadide Sultan, yal\u0131n ve akustik bir tarzla dinleyiciyle bulu\u015ftu. M\u00fczi\u011fin yan\u0131 s\u0131ra akademik alanda da ilerlemeyi s\u00fcrd\u00fcren sanat\u00e7\u0131, 2014\u2019te Hali\u00e7 \u00dcniversitesi\u2019nde y\u00fcksek lisans\u0131n\u0131 tamamlad\u0131 ve\u00a0 doktora e\u011fitimine devam ediyor.<\/p>\n","protected":false},"excerpt":{"rendered":"<p>Nadide Sultan, al\u0131\u015fveri\u015f merkezinde dola\u015f\u0131rken topu\u011fu mazgala denk geldi ve bir anda sendeledi. Ne oldu\u011funu anlayamadan k\u00fc\u00e7\u00fck bir \u015fa\u015fk\u0131nl\u0131k ya\u015fad\u0131. O esnada \u00e7evredeki bir g\u00f6revli h\u0131zl\u0131ca yan\u0131na geldi. O anlar kameralara b\u00f6yle yans\u0131d\u0131. <\/p>\n","protected":false},"author":16,"featured_media":159108,"comment_status":"closed","ping_status":"closed","sticky":false,"template":"","format":"standard","meta":{"rank_math_lock_modified_date":false,"footnotes":""},"categories":[76],"tags":[133,2218,17171,17172,10071],"class_list":["post-159094","post","type-post","status-publish","format-standard","has-post-thumbnail","hentry","category-magazin","tag-magazin","tag-magazin-haberleri","tag-nadide-sultan-avm-kaza","tag-nadide-sultan-avm-topklu-ayakkabi-mazgal","tag-nadide-sultan-kimdir"],"_links":{"self":[{"href":"https:\/\/www.tgrthaber.com\/mavikadin\/wp-json\/wp\/v2\/posts\/159094"}],"collection":[{"href":"https:\/\/www.tgrthaber.com\/mavikadin\/wp-json\/wp\/v2\/posts"}],"about":[{"href":"https:\/\/www.tgrthaber.com\/mavikadin\/wp-json\/wp\/v2\/types\/post"}],"author":[{"embeddable":true,"href":"https:\/\/www.tgrthaber.com\/mavikadin\/wp-json\/wp\/v2\/users\/16"}],"replies":[{"embeddable":true,"href":"https:\/\/www.tgrthaber.com\/mavikadin\/wp-json\/wp\/v2\/comments?post=159094"}],"version-history":[{"count":1,"href":"https:\/\/www.tgrthaber.com\/mavikadin\/wp-json\/wp\/v2\/posts\/159094\/revisions"}],"predecessor-version":[{"id":159110,"href":"https:\/\/www.tgrthaber.com\/mavikadin\/wp-json\/wp\/v2\/posts\/159094\/revisions\/159110"}],"wp:featuredmedia":[{"embeddable":true,"href":"https:\/\/www.tgrthaber.com\/mavikadin\/wp-json\/wp\/v2\/media\/159108"}],"wp:attachment":[{"href":"https:\/\/www.tgrthaber.com\/mavikadin\/wp-json\/wp\/v2\/media?parent=159094"}],"wp:term":[{"taxonomy":"category","embeddable":true,"href":"https:\/\/www.tgrthaber.com\/mavikadin\/wp-json\/wp\/v2\/categories?post=159094"},{"taxonomy":"post_tag","embeddable":true,"href":"https:\/\/www.tgrthaber.com\/mavikadin\/wp-json\/wp\/v2\/tags?post=159094"}],"curies":[{"name":"wp","href":"https:\/\/api.w.org\/{rel}","templated":true}]}}