{"id":159112,"date":"2025-04-08T18:40:00","date_gmt":"2025-04-08T15:40:00","guid":{"rendered":"https:\/\/www.tgrthaber.com\/mavikadin\/?p=159112"},"modified":"2025-04-08T18:43:10","modified_gmt":"2025-04-08T15:43:10","slug":"kizilcik-serbetinin-pembesine-duygulandiran-veda-ayrilik-netlesti-setten-gelen-goruntuler-gundem-oldu","status":"publish","type":"post","link":"https:\/\/www.tgrthaber.com\/mavikadin\/kizilcik-serbetinin-pembesine-duygulandiran-veda-ayrilik-netlesti-setten-gelen-goruntuler-gundem-oldu\/","title":{"rendered":"K\u0131z\u0131lc\u0131k \u015eerbeti\u2019nin Pembesi\u2019ne duyguland\u0131ran veda! Ayr\u0131l\u0131k netle\u015fti setten gelen g\u00f6r\u00fcnt\u00fcler g\u00fcndem oldu!"},"content":{"rendered":"<p class=\"p2\">Show TV\u2019nin ilgiyle takip edilen dizisi K\u0131z\u0131lc\u0131k \u015eerbeti\u2019nde Pembe karakterini ba\u015far\u0131yla oynayan Sibel Ta\u015f\u00e7\u0131o\u011flu\u2019nun projeden ayr\u0131ld\u0131\u011f\u0131 bir s\u00fcre \u00f6nce g\u00fcndeme gelmi\u015fti. Ancak bu haberin ard\u0131ndan \u00e7e\u015fitli platformlarda \u00e7eli\u015fkili s\u00f6ylentiler dola\u015fmaya ba\u015flad\u0131. Baz\u0131 iddialar, karakterin diziden ayr\u0131lmad\u0131\u011f\u0131n\u0131 ileri s\u00fcrd\u00fc. T\u00fcm bu tart\u0131\u015fmalara son noktay\u0131 ise gazeteci Birsen Altunta\u015f koydu. Sosyal medya hesab\u0131ndan yapt\u0131\u011f\u0131 payla\u015f\u0131mla ayr\u0131l\u0131\u011f\u0131 do\u011frulayan Altunta\u015f, veda sahnesine dair duygusal anlar\u0131n da yer ald\u0131\u011f\u0131 g\u00f6r\u00fcnt\u00fcleri payla\u015ft\u0131. K\u0131z\u0131lc\u0131k \u015eerbeti setinde ger\u00e7ekle\u015fen bu vedada ekip arkada\u015flar\u0131n\u0131n da g\u00f6zleri doldu. O anlar ilk kez izleyiciyle bulu\u015ftu.<\/p>\n<h3>KIZILCIK \u015eERBET\u0130&#8217;N\u0130N PEMBES\u0130&#8217;NE SETTE DUYGULANDIRAN VEDA<\/h3>\n<p class=\"p1\">Show TV ekranlar\u0131nda yay\u0131nlanan ve geni\u015f bir izleyici kitlesine ula\u015fan K\u0131z\u0131lc\u0131k \u015eerbeti dizisinde, Sibel Ta\u015f\u00e7\u0131o\u011flu\u2019nun ba\u015far\u0131yla oynad\u0131\u011f\u0131 Pembe karakterinin projeye veda edece\u011fi y\u00f6n\u00fcndeki haberler bir s\u00fcredir g\u00fcndemdeydi. \u0130lk olarak gazeteci Birsen Altunta\u015f\u2019\u0131n yapt\u0131\u011f\u0131 a\u00e7\u0131klamayla g\u00fcndeme d\u00fc\u015fen bu ayr\u0131l\u0131k, izleyiciler taraf\u0131ndan ba\u015flang\u0131\u00e7ta pek ciddiye al\u0131nmad\u0131. Sosyal medya kullan\u0131c\u0131lar\u0131n\u0131n bir k\u0131sm\u0131 bu haberi kabul etmekte zorland\u0131 ve dizinin takip\u00e7ileri duruma yo\u011fun tepki g\u00f6sterdi. Ard\u0131ndan farkl\u0131 kaynaklardan gelen \u00e7eli\u015fkili bilgiler kafalar\u0131 kar\u0131\u015ft\u0131rd\u0131. Baz\u0131 a\u00e7\u0131klamalar, Pembe karakterinin diziden \u00e7\u0131kmad\u0131\u011f\u0131n\u0131 savundu. Ancak tart\u0131\u015fmalara noktay\u0131 koyan yine Altunta\u015f oldu. Son payla\u015f\u0131m\u0131yla birlikte Pembe\u2019nin ayr\u0131l\u0131\u011f\u0131 kesinlik kazand\u0131 ve bu geli\u015fme bir\u00e7ok izleyiciyi etkiledi.<\/p>\n<div style=\"width: 640px;\" class=\"wp-video\"><!--[if lt IE 9]><script>document.createElement('video');<\/script><![endif]-->\n<video class=\"wp-video-shortcode\" id=\"video-159112-1\" width=\"640\" height=\"1387\" preload=\"metadata\" controls=\"controls\"><source type=\"video\/mp4\" src=\"https:\/\/www.tgrthaber.com\/mavikadin\/wp-content\/uploads\/pembe.mp4?_=1\" \/><a href=\"https:\/\/www.tgrthaber.com\/mavikadin\/wp-content\/uploads\/pembe.mp4\">https:\/\/www.tgrthaber.com\/mavikadin\/wp-content\/uploads\/pembe.mp4<\/a><\/video><\/div>\n<h3>PEMBE \u0130\u00c7\u0130N SETTE VEDA PASTASI KES\u0130LD\u0130<\/h3>\n<p class=\"p1\">Dizinin sevilen karakteri Pembe i\u00e7in sette duygusal bir veda t\u00f6reni d\u00fczenlendi. T\u00fcm ekip, bu \u00f6zel anlarda bir araya gelirken, duygular yo\u011fun bir \u015fekilde ya\u015fand\u0131. Yap\u0131mc\u0131 Faruk Turgut da etkinli\u011fe kat\u0131larak, \u00fc\u00e7 sezondur karakteri oynayan Sibel Ta\u015f\u00e7\u0131o\u011flu\u2019na te\u015fekk\u00fcrlerini iletti.<\/p>\n<p><img loading=\"lazy\" decoding=\"async\" class=\"alignnone wp-image-159114 size-full\" src=\"https:\/\/www.tgrthaber.com\/mavikadin\/wp-content\/uploads\/Ekran-Resmi-2025-04-08-18.30.14.png\" alt=\"\" width=\"936\" height=\"604\" title=\"\" srcset=\"https:\/\/www.tgrthaber.com\/mavikadin\/wp-content\/uploads\/Ekran-Resmi-2025-04-08-18.30.14.png 936w, https:\/\/www.tgrthaber.com\/mavikadin\/wp-content\/uploads\/Ekran-Resmi-2025-04-08-18.30.14-300x194.png 300w, https:\/\/www.tgrthaber.com\/mavikadin\/wp-content\/uploads\/Ekran-Resmi-2025-04-08-18.30.14-768x496.png 768w\" sizes=\"(max-width: 936px) 100vw, 936px\" \/><\/p>\n<hr \/>\n<p class=\"p1\">Veda pastas\u0131n\u0131n \u00fcst\u00fcnde Pembe karakterine ait \u00f6zel bir foto\u011fraf yer ald\u0131. Ta\u015f\u00e7\u0131o\u011flu, pastay\u0131 keserken ekip arkada\u015flar\u0131 da duygusal anlar ya\u015fad\u0131. Uzun s\u00fcredir ekranlara damga vuran, kaotik enerjisiyle izleyicide yer edinen Pinko karakteri i\u00e7in bu veda unutulmaz anlara sahne oldu.<\/p>\n","protected":false},"excerpt":{"rendered":"<p>Sette bir araya gelen ekip, Pembe karakteri i\u00e7in haz\u0131rlanan s\u00fcrpriz pastayla duygu dolu bir veda ger\u00e7ekle\u015ftirdi. Sosyal medyada da k\u0131sa s\u00fcre i\u00e7erisinde g\u00fcndem olan bu anlara yorum ve be\u011feni ya\u011fd\u0131. <\/p>\n","protected":false},"author":16,"featured_media":159115,"comment_status":"closed","ping_status":"closed","sticky":false,"template":"","format":"standard","meta":{"rank_math_lock_modified_date":false,"footnotes":""},"categories":[602],"tags":[2628,17173,17175,17174],"class_list":["post-159112","post","type-post","status-publish","format-standard","has-post-thumbnail","hentry","category-diziler","tag-dizi-haberleri","tag-kizilcik-serbeti-pembe-sette-veda","tag-kizilcik-serbeti-pembe-sibel-tascioglu","tag-kizilcik-serbeti-pembe-veda"],"_links":{"self":[{"href":"https:\/\/www.tgrthaber.com\/mavikadin\/wp-json\/wp\/v2\/posts\/159112"}],"collection":[{"href":"https:\/\/www.tgrthaber.com\/mavikadin\/wp-json\/wp\/v2\/posts"}],"about":[{"href":"https:\/\/www.tgrthaber.com\/mavikadin\/wp-json\/wp\/v2\/types\/post"}],"author":[{"embeddable":true,"href":"https:\/\/www.tgrthaber.com\/mavikadin\/wp-json\/wp\/v2\/users\/16"}],"replies":[{"embeddable":true,"href":"https:\/\/www.tgrthaber.com\/mavikadin\/wp-json\/wp\/v2\/comments?post=159112"}],"version-history":[{"count":2,"href":"https:\/\/www.tgrthaber.com\/mavikadin\/wp-json\/wp\/v2\/posts\/159112\/revisions"}],"predecessor-version":[{"id":159117,"href":"https:\/\/www.tgrthaber.com\/mavikadin\/wp-json\/wp\/v2\/posts\/159112\/revisions\/159117"}],"wp:featuredmedia":[{"embeddable":true,"href":"https:\/\/www.tgrthaber.com\/mavikadin\/wp-json\/wp\/v2\/media\/159115"}],"wp:attachment":[{"href":"https:\/\/www.tgrthaber.com\/mavikadin\/wp-json\/wp\/v2\/media?parent=159112"}],"wp:term":[{"taxonomy":"category","embeddable":true,"href":"https:\/\/www.tgrthaber.com\/mavikadin\/wp-json\/wp\/v2\/categories?post=159112"},{"taxonomy":"post_tag","embeddable":true,"href":"https:\/\/www.tgrthaber.com\/mavikadin\/wp-json\/wp\/v2\/tags?post=159112"}],"curies":[{"name":"wp","href":"https:\/\/api.w.org\/{rel}","templated":true}]}}