{"id":159229,"date":"2025-04-08T23:07:22","date_gmt":"2025-04-08T20:07:22","guid":{"rendered":"https:\/\/www.tgrthaber.com\/mavikadin\/?p=159229"},"modified":"2025-04-11T16:10:18","modified_gmt":"2025-04-11T13:10:18","slug":"survivor-2025-yarismacisi-meger-somer-sefin-eski-elemaniymis-fotograflari-sosyal-medyada-gundem-oldu","status":"publish","type":"post","link":"https:\/\/www.tgrthaber.com\/mavikadin\/survivor-2025-yarismacisi-meger-somer-sefin-eski-elemaniymis-fotograflari-sosyal-medyada-gundem-oldu\/","title":{"rendered":"Survivor 2025 yar\u0131\u015fmac\u0131s\u0131 me\u011fer Somer \u015eef\u2019in eski eleman\u0131ym\u0131\u015f! Foto\u011fraflar\u0131 sosyal medyada g\u00fcndem oldu!"},"content":{"rendered":"<p class=\"p1\">Survivor 2025\u2019in \u00f6ne \u00e7\u0131kan yar\u0131\u015fmac\u0131lar\u0131ndan biri hakk\u0131nda ortaya \u00e7\u0131kan s\u00fcrpriz bilgi g\u00fcndeme bomba gibi d\u00fc\u015ft\u00fc. Me\u011fer gen\u00e7 yar\u0131\u015fmac\u0131 Yi\u011fit Poyraz y\u0131llar \u00f6nce Somer \u015eef\u2019in restoran\u0131nda g\u00f6rev alm\u0131\u015f.<\/p>\n<h3>SURV\u0130VOR 2025 YARI\u015eMACISI SOMER \u015eEF&#8217;\u0130N YANINDA \u00c7ALI\u015eMI\u015e<\/h3>\n<p class=\"p1\">Survivor All Star 2025\u2019in \u00f6ne \u00e7\u0131kan isimlerinden biri olan Yi\u011fit Poyraz, yaln\u0131zca parkurlardaki ba\u015far\u0131s\u0131yla de\u011fil, ge\u00e7mi\u015fine dair ortaya \u00e7\u0131kan detaylarla da dikkatleri \u00fczerine \u00e7ekiyor. Yar\u0131\u015fman\u0131n s\u0131k\u0131 takip\u00e7ileri Poyraz\u2019\u0131 ilk kez 2021 sezonunda tan\u0131m\u0131\u015ft\u0131. O sezonda g\u00f6sterdi\u011fi \u00fcst\u00fcn performansla b\u00fcy\u00fck bir hayran kitlesi edinmi\u015f, sonras\u0131nda da Survivor 2024 ve \u015fimdilerde devam eden 2025 All Star kadrosuna dahil olarak iddias\u0131n\u0131 korumu\u015ftu.<\/p>\n<p><img loading=\"lazy\" decoding=\"async\" class=\"alignnone wp-image-159251 size-large\" src=\"https:\/\/www.tgrthaber.com\/mavikadin\/wp-content\/uploads\/Ekran-Resmi-2025-04-08-23.05.24-1024x477.png\" alt=\"\" width=\"1024\" height=\"477\" title=\"\" srcset=\"https:\/\/www.tgrthaber.com\/mavikadin\/wp-content\/uploads\/Ekran-Resmi-2025-04-08-23.05.24-1024x477.png 1024w, https:\/\/www.tgrthaber.com\/mavikadin\/wp-content\/uploads\/Ekran-Resmi-2025-04-08-23.05.24-300x140.png 300w, https:\/\/www.tgrthaber.com\/mavikadin\/wp-content\/uploads\/Ekran-Resmi-2025-04-08-23.05.24-768x358.png 768w, https:\/\/www.tgrthaber.com\/mavikadin\/wp-content\/uploads\/Ekran-Resmi-2025-04-08-23.05.24-1536x716.png 1536w, https:\/\/www.tgrthaber.com\/mavikadin\/wp-content\/uploads\/Ekran-Resmi-2025-04-08-23.05.24.png 1660w\" sizes=\"(max-width: 1024px) 100vw, 1024px\" \/><\/p>\n<hr \/>\n<p class=\"p1\">Ancak bu kez Poyraz\u2019\u0131n \u00e7ok bilinmeyen bir y\u00f6n\u00fc g\u00fcndeme geldi. Ortaya \u00e7\u0131kan bilgiye g\u00f6re, ba\u015far\u0131l\u0131 yar\u0131\u015fmac\u0131 bir d\u00f6nem MasterChef T\u00fcrkiye\u2019nin sevilen j\u00fcrisi Somer Sivrio\u011flu ile ayn\u0131 mutfakta bulunmu\u015f. \u00dcniversite e\u011fitimi s\u0131ras\u0131nda bir y\u0131l boyunca Avustralya\u2019da kalan Yi\u011fit Poyraz, o s\u00fcre\u00e7te Somer \u015eef\u2019in sahibi oldu\u011fu Efendy adl\u0131 restoranda garson olarak \u00e7al\u0131\u015fm\u0131\u015f.<\/p>\n<p><img loading=\"lazy\" decoding=\"async\" class=\"alignnone wp-image-159246 size-full\" src=\"https:\/\/www.tgrthaber.com\/mavikadin\/wp-content\/uploads\/Ekran-Resmi-2025-04-08-22.55.04.png\" alt=\"\" width=\"902\" height=\"584\" title=\"\" srcset=\"https:\/\/www.tgrthaber.com\/mavikadin\/wp-content\/uploads\/Ekran-Resmi-2025-04-08-22.55.04.png 902w, https:\/\/www.tgrthaber.com\/mavikadin\/wp-content\/uploads\/Ekran-Resmi-2025-04-08-22.55.04-300x194.png 300w, https:\/\/www.tgrthaber.com\/mavikadin\/wp-content\/uploads\/Ekran-Resmi-2025-04-08-22.55.04-768x497.png 768w\" sizes=\"(max-width: 902px) 100vw, 902px\" \/><\/p>\n<hr \/>\n<p class=\"p1\">Poyraz, Survivor ba\u015fvuru videosunda bu deneyimi \u015fu s\u00f6zlerle aktarm\u0131\u015ft\u0131: &#8216;\u00dcniversitenin \u00fc\u00e7\u00fcnc\u00fc s\u0131n\u0131f\u0131ndayken Avustralya\u2019ya e\u011fitim i\u00e7in gittim. O s\u00fcre zarf\u0131nda bir sene boyunca Somer \u015eef\u2019in restoran\u0131nda \u00e7al\u0131\u015ft\u0131m. Benim i\u00e7in hem e\u011flenceli hem \u00f6\u011fretici bir d\u00f6nemdi.&#8217; Bu a\u00e7\u0131klaman\u0131n ard\u0131ndan Poyraz&#8217;\u0131n foto\u011fraflar\u0131 sosyal medya da g\u00fcndem oldu. Survivor yar\u0131\u015fmac\u0131s\u0131n\u0131n\u00a0 mutfakla da i\u00e7li d\u0131\u015fl\u0131 olmas\u0131, hayranlar\u0131n\u0131 bir kez daha \u015fa\u015f\u0131rtt\u0131. Yar\u0131\u015fmadaki g\u00fc\u00e7l\u00fc duru\u015funun yan\u0131 s\u0131ra, ge\u00e7mi\u015fte edindi\u011fi farkl\u0131 deneyimlerle \u00e7ok y\u00f6nl\u00fc bir karakter sergileyen Yi\u011fit Poyraz, All Star 2025\u2019in en \u00e7ok konu\u015fulan isimlerinden biri olmay\u0131 s\u00fcrd\u00fcr\u00fcyor.<\/p>\n<p><img loading=\"lazy\" decoding=\"async\" class=\"alignnone wp-image-159247 size-full\" src=\"https:\/\/www.tgrthaber.com\/mavikadin\/wp-content\/uploads\/Ekran-Resmi-2025-04-08-22.55.10.png\" alt=\"\" width=\"944\" height=\"528\" title=\"\" srcset=\"https:\/\/www.tgrthaber.com\/mavikadin\/wp-content\/uploads\/Ekran-Resmi-2025-04-08-22.55.10.png 944w, https:\/\/www.tgrthaber.com\/mavikadin\/wp-content\/uploads\/Ekran-Resmi-2025-04-08-22.55.10-300x168.png 300w, https:\/\/www.tgrthaber.com\/mavikadin\/wp-content\/uploads\/Ekran-Resmi-2025-04-08-22.55.10-768x430.png 768w\" sizes=\"(max-width: 944px) 100vw, 944px\" \/><\/p>\n<hr \/>\n<h3>SURV\u0130VOR 2025 Y\u0130\u011e\u0130T POYRAZ K\u0130MD\u0130R?<\/h3>\n<p class=\"p1\">Survivor 2021 sezonuyla geni\u015f kitleler taraf\u0131ndan tan\u0131nan Yi\u011fit Poyraz, yar\u0131\u015fmada s\u0131k\u00e7a kullan\u0131lan lakab\u0131n\u0131n asl\u0131nda arkada\u015f \u00e7evresinde soyad\u0131yla an\u0131lmas\u0131ndan kaynakland\u0131\u011f\u0131n\u0131 belirtmi\u015ftir. 26 Aral\u0131k 1994 tarihinde d\u00fcnyaya gelen Poyraz, 1.80 cm boyundad\u0131r. \u0130zmir k\u00f6kenli olan ba\u015far\u0131l\u0131 yar\u0131\u015fmac\u0131, \u00e7ocukluk ve gen\u00e7lik y\u0131llar\u0131n\u0131 Bodrum\u2019da ge\u00e7irmi\u015ftir.<\/p>\n<p class=\"p1\">2009 y\u0131l\u0131nda Robert Kolej\u2019i kazanarak e\u011fitim hayat\u0131na \u0130stanbul\u2019da devam etmi\u015f, sonras\u0131nda Bo\u011fazi\u00e7i \u00dcniversitesi\u2019nde i\u015fletme b\u00f6l\u00fcm\u00fcn\u00fc tercih etmi\u015ftir. \u00dcniversite y\u0131llar\u0131nda Sydney \u00dcniversitesi\u2019nde bir y\u0131l s\u00fcren de\u011fi\u015fim program\u0131na kat\u0131larak yurt d\u0131\u015f\u0131 tecr\u00fcbesi de edinmi\u015ftir.<\/p>\n<p><img loading=\"lazy\" decoding=\"async\" class=\"alignnone wp-image-159248 size-full\" src=\"https:\/\/www.tgrthaber.com\/mavikadin\/wp-content\/uploads\/Ekran-Resmi-2025-04-08-22.55.16.png\" alt=\"\" width=\"940\" height=\"544\" title=\"\" srcset=\"https:\/\/www.tgrthaber.com\/mavikadin\/wp-content\/uploads\/Ekran-Resmi-2025-04-08-22.55.16.png 940w, https:\/\/www.tgrthaber.com\/mavikadin\/wp-content\/uploads\/Ekran-Resmi-2025-04-08-22.55.16-300x174.png 300w, https:\/\/www.tgrthaber.com\/mavikadin\/wp-content\/uploads\/Ekran-Resmi-2025-04-08-22.55.16-768x444.png 768w\" sizes=\"(max-width: 940px) 100vw, 940px\" \/><\/p>\n<hr \/>\n<p class=\"p1\">K\u00fc\u00e7\u00fck ya\u015flardan itibaren basketbola ilgi duyan Poyraz, sporla i\u00e7 i\u00e7e b\u00fcy\u00fcm\u00fc\u015ft\u00fcr. Son d\u00f6nemde ailesiyle birlikte \u0130talyan ve Amerikan markalar\u0131n temsilcili\u011fini yapt\u0131\u011f\u0131 tekstil sekt\u00f6r\u00fcnde \u00e7al\u0131\u015fmakta, ayn\u0131 zamanda fitness ile ilgilenmektedir. \u00dcnl\u00fc yar\u0131\u015fmac\u0131, ba\u015far\u0131l\u0131 duru\u015fu ve \u00e7ok y\u00f6nl\u00fc ki\u015fili\u011fiyle dikkat \u00e7ekmeye devam ediyor.<\/p>\n","protected":false},"excerpt":{"rendered":"<p>Survivor 2025 kadrosunda yer alan yar\u0131\u015fmac\u0131n\u0131n ge\u00e7mi\u015fine dair \u015fa\u015f\u0131rt\u0131c\u0131 bir detay g\u00fcn y\u00fcz\u00fcne \u00e7\u0131kt\u0131. Y\u0131llar \u00f6nce Somer Sivrio\u011flu\u2019nun restoran\u0131nda \u00e7al\u0131\u015ft\u0131\u011f\u0131 \u00f6\u011frenilen ismin eski foto\u011fraflar\u0131 k\u0131sa s\u00fcrede sosyal medyada b\u00fcy\u00fck ilgi g\u00f6rd\u00fc. <\/p>\n","protected":false},"author":16,"featured_media":159250,"comment_status":"closed","ping_status":"closed","sticky":false,"template":"","format":"standard","meta":{"rank_math_lock_modified_date":false,"footnotes":""},"categories":[76],"tags":[17222,10018,17223],"class_list":["post-159229","post","type-post","status-publish","format-standard","has-post-thumbnail","hentry","category-magazin","tag-survivor-2025-yarismacisi-somer-sivrioglu-garson","tag-survivor-2025-yigit-poyraz-kimdir","tag-yigit-poyraz-somer-sivrioglu-garson"],"_links":{"self":[{"href":"https:\/\/www.tgrthaber.com\/mavikadin\/wp-json\/wp\/v2\/posts\/159229"}],"collection":[{"href":"https:\/\/www.tgrthaber.com\/mavikadin\/wp-json\/wp\/v2\/posts"}],"about":[{"href":"https:\/\/www.tgrthaber.com\/mavikadin\/wp-json\/wp\/v2\/types\/post"}],"author":[{"embeddable":true,"href":"https:\/\/www.tgrthaber.com\/mavikadin\/wp-json\/wp\/v2\/users\/16"}],"replies":[{"embeddable":true,"href":"https:\/\/www.tgrthaber.com\/mavikadin\/wp-json\/wp\/v2\/comments?post=159229"}],"version-history":[{"count":2,"href":"https:\/\/www.tgrthaber.com\/mavikadin\/wp-json\/wp\/v2\/posts\/159229\/revisions"}],"predecessor-version":[{"id":159253,"href":"https:\/\/www.tgrthaber.com\/mavikadin\/wp-json\/wp\/v2\/posts\/159229\/revisions\/159253"}],"wp:featuredmedia":[{"embeddable":true,"href":"https:\/\/www.tgrthaber.com\/mavikadin\/wp-json\/wp\/v2\/media\/159250"}],"wp:attachment":[{"href":"https:\/\/www.tgrthaber.com\/mavikadin\/wp-json\/wp\/v2\/media?parent=159229"}],"wp:term":[{"taxonomy":"category","embeddable":true,"href":"https:\/\/www.tgrthaber.com\/mavikadin\/wp-json\/wp\/v2\/categories?post=159229"},{"taxonomy":"post_tag","embeddable":true,"href":"https:\/\/www.tgrthaber.com\/mavikadin\/wp-json\/wp\/v2\/tags?post=159229"}],"curies":[{"name":"wp","href":"https:\/\/api.w.org\/{rel}","templated":true}]}}