{"id":159242,"date":"2025-04-08T23:16:13","date_gmt":"2025-04-08T20:16:13","guid":{"rendered":"https:\/\/www.tgrthaber.com\/mavikadin\/?p=159242"},"modified":"2025-04-08T23:16:13","modified_gmt":"2025-04-08T20:16:13","slug":"amca-ve-yegen-ayni-sahnede-17-yasindaki-arya-kenan-dogulunun-vokalisti-olacak","status":"publish","type":"post","link":"https:\/\/www.tgrthaber.com\/mavikadin\/amca-ve-yegen-ayni-sahnede-17-yasindaki-arya-kenan-dogulunun-vokalisti-olacak\/","title":{"rendered":"Amca ve ye\u011fen ayn\u0131 sahnede! 17 ya\u015f\u0131ndaki Arya Kenan Do\u011fulu\u2019nun vokalisti olacak!"},"content":{"rendered":"<p>T\u00fcrk m\u00fczik d\u00fcnyas\u0131n\u0131n ba\u015far\u0131l\u0131 aranj\u00f6r\u00fc Ozan Do\u011fulu\u2019nun k\u0131z\u0131 Arya T\u00fcrk pop m\u00fczi\u011finin efsane ismi Kenan Do\u011fulu\u2019nun vokalisti olacak. Aile k\u00f6klerinden gelen m\u00fczik a\u015final\u0131\u011f\u0131 Ozan Do\u011fulu\u2019nun 17 ya\u015f\u0131ndaki k\u0131z\u0131 Arya Do\u011fulu\u2019yu da m\u00fczik sekt\u00f6r\u00fcne katt\u0131. 2024 yaz ay\u0131nda bir etkinlikte seslendirdi\u011fi \u015fark\u0131yla dikkatleri \u00fczerine \u00e7eken Arya Do\u011fulu, amcas\u0131 Kenan Do\u011fulu\u2019nun vokalisti olarak sahnelere \u00e7\u0131kmaya haz\u0131rlan\u0131yor.<\/p>\n<h3>AMCA VE YE\u011eEN AYNI SAHNEDE!<\/h3>\n<p>Aranj\u00f6r ve Dj Ozan Do\u011fulu, eski e\u015fi Ece Yosmao\u011flu\u2019yla olan evlili\u011finden d\u00fcnyaya gelen 3 k\u0131z \u00e7ocu\u011fundan en b\u00fcy\u00fc\u011f\u00fc Arya Do\u011fulu m\u00fczik d\u00fcnyas\u0131na ad\u0131m at\u0131yor. \u0130lk sahne deneyimini 2024 ya ay\u0131nda ger\u00e7ekle\u015ftiren 17 ya\u015f\u0131ndaki Arya Do\u011fulu, profesyonel sahne hayat\u0131na 2025 yaz ay\u0131nda amcas\u0131 Kenan Do\u011fulu\u2019nun sahnesinde vokalist olarak yer alacak. K\u0131z\u0131n\u0131n sahneye \u00e7\u0131kacak olmas\u0131ndan dolay\u0131 hissetti\u011fi duygusall\u0131\u011f\u0131 dile getiren Ozan Do\u011fulu, k\u00fc\u00e7\u00fckl\u00fc\u011f\u00fcnden beri Arya Do\u011fulu\u2019nun m\u00fczi\u011fe olan ilgisini ve tutkusunu oldu\u011funu fark etti\u011fini ifade etti.<\/p>\n<p><img loading=\"lazy\" decoding=\"async\" class=\"alignnone wp-image-159255\" src=\"https:\/\/www.tgrthaber.com\/mavikadin\/wp-content\/uploads\/ozan-doglunun-kizi-arya-dogulu-300x169.jpg\" alt=\"ozan do\u011flunun k\u0131z\u0131 arya do\u011fulu\" width=\"1208\" height=\"680\" title=\"\" srcset=\"https:\/\/www.tgrthaber.com\/mavikadin\/wp-content\/uploads\/ozan-doglunun-kizi-arya-dogulu-300x169.jpg 300w, https:\/\/www.tgrthaber.com\/mavikadin\/wp-content\/uploads\/ozan-doglunun-kizi-arya-dogulu-1024x576.jpg 1024w, https:\/\/www.tgrthaber.com\/mavikadin\/wp-content\/uploads\/ozan-doglunun-kizi-arya-dogulu-768x432.jpg 768w, https:\/\/www.tgrthaber.com\/mavikadin\/wp-content\/uploads\/ozan-doglunun-kizi-arya-dogulu-1536x864.jpg 1536w, https:\/\/www.tgrthaber.com\/mavikadin\/wp-content\/uploads\/ozan-doglunun-kizi-arya-dogulu.jpg 1920w\" sizes=\"(max-width: 1208px) 100vw, 1208px\" \/><\/p>\n<hr \/>\n<h3>ARYA DO\u011eULU KENAN DO\u011eULU\u2019NUN VOKAL\u0130ST\u0130<\/h3>\n<p>Arya Do\u011fulu, amcas\u0131 Kenan Do\u011fulu\u2019nun vokalisti olarak ilk sahne deneyimini profesyonel olarak ya\u015fayacak. Yaz ay\u0131nda Kenan Do\u011fulu\u2019nun verece\u011fi konserlerde vokalist olarak yer alacak olan 17 ya\u015f\u0131ndaki Arya Do\u011fulu, \u00e7al\u0131\u015fmalara ba\u015flad\u0131. M\u00fczik ile i\u00e7 i\u00e7e b\u00fcy\u00fcyen Arya Do\u011fulu amcas\u0131n\u0131 Kenan Do\u011fulu\u2019yu \u00f6rnek ald\u0131\u011f\u0131n\u0131 dile getirmi\u015fti. \u0130lk sahne deneyiminde seslendirdi\u011fi \u015fark\u0131yla b\u00fcy\u00fck be\u011feni toplayan Arya Do\u011fulu\u2019nun gelecekte hangi ba\u015far\u0131lara imza ataca\u011f\u0131 ise \u015fimdiden merak konusu oldu. Amcas\u0131 Kenan Do\u011fulu ile \u00e7\u0131kaca\u011f\u0131 ilk canl\u0131 sahne performans\u0131nda neler yapacak?<\/p>\n","protected":false},"excerpt":{"rendered":"<p>Ozan Do\u011fulu\u2019nun 17 ya\u015f\u0131ndaki k\u0131z\u0131 Arya, amcas\u0131 Kenan Do\u011fulu\u2019nun sahnesinde vokalist olacak. Ge\u00e7ti\u011fimiz yaz aylar\u0131nda kad\u0131nlara y\u00f6nelik yap\u0131lan bir etkinlikte \u015fark\u0131 s\u00f6yleyen Arya, \u015fark\u0131c\u0131l\u0131k i\u00e7in ye\u015fil \u0131\u015f\u0131k yakm\u0131\u015ft\u0131. Babas\u0131n\u0131 ve amcas\u0131n\u0131 rol model alan Arya, ilk sahne deneyimini amcas\u0131 Kenan Do\u011fulu ile birlikte ya\u015fayacak. <\/p>\n","protected":false},"author":10,"featured_media":159256,"comment_status":"closed","ping_status":"closed","sticky":false,"template":"","format":"standard","meta":{"rank_math_lock_modified_date":false,"footnotes":""},"categories":[76],"tags":[3103,6638,133,16351,2218,3054],"class_list":["post-159242","post","type-post","status-publish","format-standard","has-post-thumbnail","hentry","category-magazin","tag-arya-dogulu","tag-kenan-dogulu","tag-magazin","tag-magazin-gundemi","tag-magazin-haberleri","tag-ozan-dogulu"],"_links":{"self":[{"href":"https:\/\/www.tgrthaber.com\/mavikadin\/wp-json\/wp\/v2\/posts\/159242"}],"collection":[{"href":"https:\/\/www.tgrthaber.com\/mavikadin\/wp-json\/wp\/v2\/posts"}],"about":[{"href":"https:\/\/www.tgrthaber.com\/mavikadin\/wp-json\/wp\/v2\/types\/post"}],"author":[{"embeddable":true,"href":"https:\/\/www.tgrthaber.com\/mavikadin\/wp-json\/wp\/v2\/users\/10"}],"replies":[{"embeddable":true,"href":"https:\/\/www.tgrthaber.com\/mavikadin\/wp-json\/wp\/v2\/comments?post=159242"}],"version-history":[{"count":1,"href":"https:\/\/www.tgrthaber.com\/mavikadin\/wp-json\/wp\/v2\/posts\/159242\/revisions"}],"predecessor-version":[{"id":159258,"href":"https:\/\/www.tgrthaber.com\/mavikadin\/wp-json\/wp\/v2\/posts\/159242\/revisions\/159258"}],"wp:featuredmedia":[{"embeddable":true,"href":"https:\/\/www.tgrthaber.com\/mavikadin\/wp-json\/wp\/v2\/media\/159256"}],"wp:attachment":[{"href":"https:\/\/www.tgrthaber.com\/mavikadin\/wp-json\/wp\/v2\/media?parent=159242"}],"wp:term":[{"taxonomy":"category","embeddable":true,"href":"https:\/\/www.tgrthaber.com\/mavikadin\/wp-json\/wp\/v2\/categories?post=159242"},{"taxonomy":"post_tag","embeddable":true,"href":"https:\/\/www.tgrthaber.com\/mavikadin\/wp-json\/wp\/v2\/tags?post=159242"}],"curies":[{"name":"wp","href":"https:\/\/api.w.org\/{rel}","templated":true}]}}