{"id":159276,"date":"2025-04-08T23:51:31","date_gmt":"2025-04-08T20:51:31","guid":{"rendered":"https:\/\/www.tgrthaber.com\/mavikadin\/?p=159276"},"modified":"2025-04-08T23:51:31","modified_gmt":"2025-04-08T20:51:31","slug":"kapicilar-krali-filminin-sevda-ferdagin-akrabasi-kim-cikti-sevda-ferdag-hakkinda-bilinmeyenler","status":"publish","type":"post","link":"https:\/\/www.tgrthaber.com\/mavikadin\/kapicilar-krali-filminin-sevda-ferdagin-akrabasi-kim-cikti-sevda-ferdag-hakkinda-bilinmeyenler\/","title":{"rendered":"Kap\u0131c\u0131lar Kral\u0131 filminin Sevda Ferda\u011f\u2019\u0131n akrabas\u0131 kim \u00e7\u0131kt\u0131? Sevda Ferda\u011f hakk\u0131nda bilinmeyenler"},"content":{"rendered":"<p>Ye\u015fil\u00e7am sinemas\u0131n\u0131n \u00f6nemli isimlerinden biri olan Sevda Ferda\u011f, ge\u00e7ti\u011fimiz 2024 y\u0131l\u0131nda hayat\u0131n\u0131 kaybetti. \u00dcnl\u00fc oyuncu sinema sekt\u00f6r\u00fcnde bir\u00e7ok yap\u0131mda rol almas\u0131n\u0131n yan\u0131 s\u0131ra \u015fark\u0131c\u0131l\u0131k da yapt\u0131. Sevda Ferada\u011f\u2019\u0131n oyunculuk yapmadan \u00f6nceki hayat\u0131 ise sevenleri taraf\u0131ndan merak konusu oldu. Yoksulluktan sinema sekt\u00f6r\u00fcne ge\u00e7i\u015f yolculu\u011funda kimsenin bilmedi\u011fi bir s\u0131rda ortaya \u00e7\u0131kt\u0131. Peki, Sevda Ferda\u011f kimdir? Sevda Ferda\u011f\u2019\u0131n ablas\u0131 kim? Sevda Ferda\u011f neden Almanya gitti?<\/p>\n<h3>SEVDA FERDA\u011e K\u0130MD\u0130R?<\/h3>\n<p>15 A\u011fustos 1942 y\u0131l\u0131nda d\u00fcnyaya gelen Sevda Ferda\u011f\u2019\u0131n ger\u00e7ek ad\u0131 L\u00fctfiye Dumrul\u2019dur. Bal\u0131kesir\u2019in Edremit il\u00e7esinde do\u011fan Sevda Ferda\u011f, babas\u0131 \u015eakir Bey\u2019i ilkokul y\u0131llar\u0131nda kaybetti. \u0130stanbul\u2019da ya\u015fama tutunmaya \u00e7al\u0131\u015fan \u00fcnl\u00fc oyuncu, annesi Ay\u015fe Han\u0131m ve oyuncu olan ablas\u0131 Ferda Ferda\u011f&#8217;\u0131n bask\u0131s\u0131 sonucu sinema ile tan\u0131\u015ft\u0131.<\/p>\n<p><img loading=\"lazy\" decoding=\"async\" class=\"alignnone wp-image-159279\" src=\"https:\/\/www.tgrthaber.com\/mavikadin\/wp-content\/uploads\/Kapicilar-Krali-filminin-Sevda-Ferdagin-akrabasi-kim-cikti-Sevda-Ferdag-hakkinda-bilinmeyenler-300x169.jpg\" alt=\"Kap\u0131c\u0131lar Kral\u0131 filminin Sevda Ferda\u011f\u2019\u0131n akrabas\u0131 kim \u00e7\u0131kt\u0131 Sevda Ferda\u011f hakk\u0131nda bilinmeyenler\" width=\"1208\" height=\"680\" title=\"\" srcset=\"https:\/\/www.tgrthaber.com\/mavikadin\/wp-content\/uploads\/Kapicilar-Krali-filminin-Sevda-Ferdagin-akrabasi-kim-cikti-Sevda-Ferdag-hakkinda-bilinmeyenler-300x169.jpg 300w, https:\/\/www.tgrthaber.com\/mavikadin\/wp-content\/uploads\/Kapicilar-Krali-filminin-Sevda-Ferdagin-akrabasi-kim-cikti-Sevda-Ferdag-hakkinda-bilinmeyenler-1024x576.jpg 1024w, https:\/\/www.tgrthaber.com\/mavikadin\/wp-content\/uploads\/Kapicilar-Krali-filminin-Sevda-Ferdagin-akrabasi-kim-cikti-Sevda-Ferdag-hakkinda-bilinmeyenler-768x432.jpg 768w, https:\/\/www.tgrthaber.com\/mavikadin\/wp-content\/uploads\/Kapicilar-Krali-filminin-Sevda-Ferdagin-akrabasi-kim-cikti-Sevda-Ferdag-hakkinda-bilinmeyenler-1536x864.jpg 1536w, https:\/\/www.tgrthaber.com\/mavikadin\/wp-content\/uploads\/Kapicilar-Krali-filminin-Sevda-Ferdagin-akrabasi-kim-cikti-Sevda-Ferdag-hakkinda-bilinmeyenler.jpg 1920w\" sizes=\"(max-width: 1208px) 100vw, 1208px\" \/><\/p>\n<hr \/>\n<h3>SEVDA FERDA\u011e OYUNCULUK KAR\u0130YER\u0130<\/h3>\n<p>\u00c7ocuklu\u011fundan beri sinemaya olan ilgisini gizleyemeyen Sevda Ferda\u011f, sinemaya gidebilmek i\u00e7in yo\u011furt kab\u0131 satarak sinemaya film izlemeye gidermi\u015f. G\u00fcnde 4 tane film birden izleyen Sevda Ferda\u011f, ablas\u0131 ve annesinin bask\u0131s\u0131 ile sinema alan\u0131na ge\u00e7i\u015f yapar. 1958 y\u0131l\u0131nda (16 ya\u015f\u0131nda) \u00a0O G\u00fcnden Sonra filmi ile T\u00fcrk sinema sekt\u00f6r\u00fcne ilk ad\u0131m\u0131n\u0131 att\u0131.<\/p>\n<p>\u0130lk filminde istedi\u011fi ba\u015far\u0131y\u0131 elde edemeyen ve \u00e7al\u0131\u015fma \u015fartlar\u0131n\u0131 a\u011f\u0131r bulan Sevda Ferda\u011f, Almanya\u2019ya gitmeye karar verdi. Almanya\u2019da bir\u00e7ok derginin kapak sayfalar\u0131na modellik yapm\u0131\u015f ve bir\u00e7ok sinema menajerinden oyunculuk teklifi alm\u0131\u015ft\u0131. 5 y\u0131l sonra T\u00fcrkiye&#8217;ye geri d\u00f6nen Ye\u015fil\u00e7am\u2019\u0131n efsane oyuncusu 1963 y\u0131l\u0131nda Azrail&#8217;in Habercisi filmi ile seyirci kar\u015f\u0131s\u0131na \u00e7\u0131kt\u0131. 1964&#8217;te Halit Refi\u011f\u2019in Gurbet Ku\u015flar\u0131 filminde dans\u00f6z rol\u00fcn\u00fc oynayarak ad\u0131ndan s\u00f6z ettirmeye ba\u015flam\u0131\u015ft\u0131.<\/p>\n<p>1970&#8217;li y\u0131llar\u0131n ikinci d\u00f6neminde T\u00fcrk sinemas\u0131 seks furyas\u0131 filmlerinin etkisi alt\u0131na girdi. Bu d\u00f6nemde bir\u00e7ok kad\u0131n oyuncu film \u00e7ekmekte zorland\u0131. 70\u2019li y\u0131llarda komedi ve arabesk filmleri de \u00e7ok fazla izlenen yap\u0131mlar aras\u0131nda yer ald\u0131. Kurallar\u0131 olmayan oyuncu olan Sevda Ferda\u011f, 50&#8217;nin \u00fczerinde filmde rol ald\u0131. Bir\u00e7ok oynad\u0131\u011f\u0131 yap\u0131mda &#8220;erkekleri ba\u015ftan \u00e7\u0131karan vamp kad\u0131n\u0131&#8221; rollerini oynad\u0131.<\/p>\n<p>1979 y\u0131l\u0131nda Seninle Son Defa filmindeki Nesrin karakteri ile Antalya Alt\u0131n Portakal Film Festivali&#8217;nde En \u0130yi Kad\u0131n Oyuncu \u00f6d\u00fcl\u00fcn\u00fc kazand\u0131. 1998&#8217;de A\u011f\u0131r Roman filmindeki rol\u00fc ile Alt\u0131n Portakal En \u0130yi Yard\u0131mc\u0131 Kad\u0131n Oyuncu \u00f6d\u00fcl\u00fcne de\u011fer g\u00f6r\u00fcld\u00fc. 2003 Sadri Al\u0131\u015f\u0131k Tiyatro ve Sinema Oyuncu \u00d6d\u00fclleri&#8217;nde Orhan Aksoy ile birlikte Onur \u00d6d\u00fcl\u00fc tevcih edildi. 2009 y\u0131l\u0131nda Vedat T\u00fcrkali, \u00dclk\u00fc Erakal\u0131n, Yal\u00e7\u0131n Tura ile birlikte Alt\u0131n Portakal Ya\u015fam Boyu Onur \u00d6d\u00fcl\u00fc&#8217;ne lay\u0131k g\u00f6r\u00fcld\u00fc.<\/p>\n<h3>SEVDA FERDA\u011e\u2019IN \u015eARKICILIK KAR\u0130YER\u0130<\/h3>\n<p>Ye\u015fil\u00e7am\u2019\u0131n \u00fcnl\u00fc oyuncusu Sevda Ferda\u011f, sinema sekt\u00f6r\u00fcn\u00fcn k\u00f6t\u00fcye gitmesinin ard\u0131ndan i\u015f bulmada s\u0131k\u0131nt\u0131lar ya\u015famaya ba\u015flad\u0131. T\u00fcrk filmlerine olan ilgi azalmaya ba\u015flay\u0131nca Sevda Ferda\u011f, gazinocular kral\u0131 Fahrettin Aslan\u2019\u0131n yan\u0131na giderek orada \u00e7al\u0131\u015fmaya ba\u015flad\u0131. \u00dcnl\u00fc oyuncu Sevda Ferda\u011f, Fahrettin Aslan gazinolar\u0131nda \u015fark\u0131c\u0131l\u0131k yaparak ge\u00e7imini sa\u011flad\u0131.<\/p>\n<p><img loading=\"lazy\" decoding=\"async\" class=\"alignnone wp-image-159277\" src=\"https:\/\/www.tgrthaber.com\/mavikadin\/wp-content\/uploads\/sevda-ferdag-kiz-kardesi-kim-300x169.jpg\" alt=\"sevda ferda\u011f k\u0131z karde\u015fi kim\" width=\"1208\" height=\"680\" title=\"\" srcset=\"https:\/\/www.tgrthaber.com\/mavikadin\/wp-content\/uploads\/sevda-ferdag-kiz-kardesi-kim-300x169.jpg 300w, https:\/\/www.tgrthaber.com\/mavikadin\/wp-content\/uploads\/sevda-ferdag-kiz-kardesi-kim-1024x576.jpg 1024w, https:\/\/www.tgrthaber.com\/mavikadin\/wp-content\/uploads\/sevda-ferdag-kiz-kardesi-kim-768x432.jpg 768w, https:\/\/www.tgrthaber.com\/mavikadin\/wp-content\/uploads\/sevda-ferdag-kiz-kardesi-kim-1536x864.jpg 1536w, https:\/\/www.tgrthaber.com\/mavikadin\/wp-content\/uploads\/sevda-ferdag-kiz-kardesi-kim.jpg 1920w\" sizes=\"(max-width: 1208px) 100vw, 1208px\" \/><\/p>\n<hr \/>\n<h3>SEVDA FERDA\u011e\u2019IN KARDE\u015e\u0130 K\u0130M?<\/h3>\n<p>Sevda Ferda\u011f\u2019\u0131n karde\u015fi de sinema sekt\u00f6r\u00fcnde oynayan bir oyuncudur. Sinema ve tiyatro alan\u0131nda \u00e7al\u0131\u015fmalar yapan Ferda Ferda\u011f, Sevda Ferda\u011f\u2019\u0131 da sinema sekt\u00f6r\u00fcne girmesi i\u00e7in bask\u0131 yapm\u0131\u015ft\u0131r.<\/p>\n<p><img loading=\"lazy\" decoding=\"async\" class=\"alignnone wp-image-159278\" src=\"https:\/\/www.tgrthaber.com\/mavikadin\/wp-content\/uploads\/sevda-ferdag-neden-oldu-300x169.jpg\" alt=\"sevda ferda\u011f neden \u00f6ld\u00fc\" width=\"1208\" height=\"680\" title=\"\" srcset=\"https:\/\/www.tgrthaber.com\/mavikadin\/wp-content\/uploads\/sevda-ferdag-neden-oldu-300x169.jpg 300w, https:\/\/www.tgrthaber.com\/mavikadin\/wp-content\/uploads\/sevda-ferdag-neden-oldu-1024x576.jpg 1024w, https:\/\/www.tgrthaber.com\/mavikadin\/wp-content\/uploads\/sevda-ferdag-neden-oldu-768x432.jpg 768w, https:\/\/www.tgrthaber.com\/mavikadin\/wp-content\/uploads\/sevda-ferdag-neden-oldu-1536x864.jpg 1536w, https:\/\/www.tgrthaber.com\/mavikadin\/wp-content\/uploads\/sevda-ferdag-neden-oldu.jpg 1920w\" sizes=\"(max-width: 1208px) 100vw, 1208px\" \/><\/p>\n<hr \/>\n<h3>SEVDA FERDA\u011e NEDEN \u00d6LD\u00dc?<\/h3>\n<p>Sevda Ferda\u011f, 17 \u015eubat 2024&#8217;te \u0130stanbul Cihangir&#8217;deki evinde 81 ya\u015f\u0131nda hayat\u0131n\u0131 kaybetti. 18 \u015eubat&#8217;ta Zincirlikuyu Camiinde k\u0131l\u0131nan cenaze namaz\u0131n\u0131n ard\u0131ndan Be\u015fikta\u015f Kuru\u00e7e\u015fme Mezarl\u0131\u011f\u0131na defnedildi.<\/p>\n","protected":false},"excerpt":{"rendered":"<p>Ye\u015fil\u00e7am\u2019\u0131n efsane isimlerinden Sevda Ferda\u011f, 17 \u015eubat 2024 y\u0131l\u0131nda hayata veda etti. \u00d6l\u00fcm\u00fcn\u00fcn ard\u0131ndan Ye\u015fil\u00e7am kad\u0131n oyuncusu Sevda Ferda\u011f\u2019\u0131n hayat\u0131 merak edilir oldu. Sevda Ferda\u011f\u2019\u0131n ablas\u0131 da kendi gibi oyuncu \u00e7\u0131kt\u0131. Peki, Sevda Ferda\u011f kimdir? Sevda Ferda\u011f\u2019\u0131n ablas\u0131 kim? <\/p>\n","protected":false},"author":10,"featured_media":159277,"comment_status":"closed","ping_status":"closed","sticky":false,"template":"","format":"standard","meta":{"rank_math_lock_modified_date":false,"footnotes":""},"categories":[491],"tags":[3374,17237,17236,17239,17238,667],"class_list":["post-159276","post","type-post","status-publish","format-standard","has-post-thumbnail","hentry","category-biyografi","tag-biyografi","tag-sevda-ferdag-kardesi-kim","tag-sevda-ferdag-kim","tag-sevda-ferdag-olumu","tag-sevda-ferdag-oyunculuk-kariyeri","tag-yesilcam"],"_links":{"self":[{"href":"https:\/\/www.tgrthaber.com\/mavikadin\/wp-json\/wp\/v2\/posts\/159276"}],"collection":[{"href":"https:\/\/www.tgrthaber.com\/mavikadin\/wp-json\/wp\/v2\/posts"}],"about":[{"href":"https:\/\/www.tgrthaber.com\/mavikadin\/wp-json\/wp\/v2\/types\/post"}],"author":[{"embeddable":true,"href":"https:\/\/www.tgrthaber.com\/mavikadin\/wp-json\/wp\/v2\/users\/10"}],"replies":[{"embeddable":true,"href":"https:\/\/www.tgrthaber.com\/mavikadin\/wp-json\/wp\/v2\/comments?post=159276"}],"version-history":[{"count":1,"href":"https:\/\/www.tgrthaber.com\/mavikadin\/wp-json\/wp\/v2\/posts\/159276\/revisions"}],"predecessor-version":[{"id":159281,"href":"https:\/\/www.tgrthaber.com\/mavikadin\/wp-json\/wp\/v2\/posts\/159276\/revisions\/159281"}],"wp:featuredmedia":[{"embeddable":true,"href":"https:\/\/www.tgrthaber.com\/mavikadin\/wp-json\/wp\/v2\/media\/159277"}],"wp:attachment":[{"href":"https:\/\/www.tgrthaber.com\/mavikadin\/wp-json\/wp\/v2\/media?parent=159276"}],"wp:term":[{"taxonomy":"category","embeddable":true,"href":"https:\/\/www.tgrthaber.com\/mavikadin\/wp-json\/wp\/v2\/categories?post=159276"},{"taxonomy":"post_tag","embeddable":true,"href":"https:\/\/www.tgrthaber.com\/mavikadin\/wp-json\/wp\/v2\/tags?post=159276"}],"curies":[{"name":"wp","href":"https:\/\/api.w.org\/{rel}","templated":true}]}}