{"id":159300,"date":"2025-04-09T01:02:08","date_gmt":"2025-04-08T22:02:08","guid":{"rendered":"https:\/\/www.tgrthaber.com\/mavikadin\/?p=159300"},"modified":"2025-09-18T16:40:31","modified_gmt":"2025-09-18T13:40:31","slug":"unlu-oyuncu-dilan-cicek-denizin-anneanne-evi-paylasimina-begeni-yagdi","status":"publish","type":"post","link":"https:\/\/www.tgrthaber.com\/mavikadin\/unlu-oyuncu-dilan-cicek-denizin-anneanne-evi-paylasimina-begeni-yagdi\/","title":{"rendered":"Oyuncu Dilan \u00c7i\u00e7ek Deniz&#8217;in &#8216;Anneanne evi&#8217; payla\u015f\u0131m\u0131na be\u011feni ya\u011fd\u0131"},"content":{"rendered":"<p>&#8220;\u00c7ukur&#8221;, &#8220;Alev Alev&#8221;, &#8220;G\u00fcne\u015fin K\u0131zlar\u0131&#8221;, &#8220;Bodrum Masal\u0131&#8221;, &#8220;Yar\u0131m Kalan A\u015fklar&#8221; gibi dizilerde rol alarak ba\u015far\u0131l\u0131 bir oyunculuk performans\u0131 sergileyen g\u00fczel oyuncu Dilan \u00c7i\u00e7ek Deniz, Victoria&#8217;s Secret&#8217;\u0131n Pembe Hal\u0131s\u0131&#8217;nda boy g\u00f6steren ilk T\u00fcrk olarak dikkat \u00e7eken isimlerden olmu\u015ftu.<\/p>\n<p>Bir s\u00fcredir film y\u00f6netmeni olan Sinan \u00c7etin&#8217;in o\u011flu Rafael Cemo \u00c7etin ile beraber olup a\u015fk ya\u015fayan oyuncu Dilan \u00c7i\u00e7ek Deniz, ekranlardaki oyunculuk performans\u0131n\u0131n yan\u0131 s\u0131ra \u00f6zel hayat\u0131 ile de g\u00fcndemden ad\u0131n\u0131 d\u00fc\u015f\u00fcrm\u00fcyor.<\/p>\n<p>\u00d6zel hayat\u0131ndaki birlikteli\u011fini ve aile ili\u015fkisini sosyal medya payla\u015f\u0131mlar\u0131na da yans\u0131tan 30 ya\u015f\u0131ndaki g\u00fczel isim Dilan \u00c7i\u00e7ek Deniz&#8217;in son yay\u0131nlad\u0131\u011f\u0131 g\u00f6nderi de sosyal medyada olduk\u00e7a ilgi g\u00f6rd\u00fc. Peki oyuncu Dilan \u00c7i\u00e7ek Deniz ne payla\u015ft\u0131?<\/p>\n<h3>OYUNCU D\u0130LAN \u00c7\u0130\u00c7EK DEN\u0130Z&#8217;DEN BE\u011eEN\u0130 ALAN PAYLA\u015eIM!<\/h3>\n<p>Sosyal medya hesab\u0131nda yay\u0131nlad\u0131\u011f\u0131 g\u00f6nderilerle de isminden bahsettiren \u00fcnl\u00fc oyuncu Dilan \u00c7i\u00e7ek Deniz, en son olarak anneannesinin evinde ge\u00e7irdi\u011fi keyifli anlar\u0131 payla\u015farak sosyal medyan\u0131n ilgi oda\u011f\u0131 oldu.<\/p>\n<p><img loading=\"lazy\" decoding=\"async\" class=\"alignnone wp-image-159301\" src=\"https:\/\/www.tgrthaber.com\/mavikadin\/wp-content\/uploads\/rtrt-1.png\" alt=\"\" width=\"1208\" height=\"678\" title=\"\" srcset=\"https:\/\/www.tgrthaber.com\/mavikadin\/wp-content\/uploads\/rtrt-1.png 793w, https:\/\/www.tgrthaber.com\/mavikadin\/wp-content\/uploads\/rtrt-1-300x168.png 300w, https:\/\/www.tgrthaber.com\/mavikadin\/wp-content\/uploads\/rtrt-1-768x431.png 768w\" sizes=\"(max-width: 1208px) 100vw, 1208px\" \/><\/p>\n<hr \/>\n<p>Anneannesi ve onun arkada\u015flar\u0131yla poz verip bunu Instagram hesab\u0131ndan takip\u00e7ileri ile payla\u015fan oyuncu Dilan \u00c7i\u00e7ek Deniz, g\u00f6nderisine \u00a0&#8220;Anneanne evi&#8221; notunu yazd\u0131. G\u00fczel oyuncu Dilan \u00c7i\u00e7ek Deniz&#8217;in anneanne evinden yay\u0131nlad\u0131\u011f\u0131 g\u00f6nderi \u00e7ok say\u0131da be\u011feni ald\u0131.<\/p>\n<h3>OYUNCU D\u0130LAN \u00c7\u0130\u00c7EK DEN\u0130Z: &#8220;B\u0130R NEV\u0130 \u00c7OCUK ES\u0130RGEMEDE B\u00dcY\u00dcD\u00dcM&#8221;<\/h3>\n<p>\u00d6te yandan 30 ya\u015f\u0131ndaki ekranlar\u0131n sevilen oyuncusu Dilan \u00c7i\u00e7ek Deniz, ge\u00e7ti\u011fimiz ay ailesi hakk\u0131nda konu\u015fmu\u015f ve &#8220;Annem edebiyat \u00f6\u011fretmeni, babam da s\u0131n\u0131f \u00f6\u011fretmeni. Y\u0131llarca hep k\u00f6y okullar\u0131nda \u00f6\u011fretmenlik yapt\u0131.<\/p>\n<p><img loading=\"lazy\" decoding=\"async\" class=\"alignnone wp-image-131886\" src=\"https:\/\/www.tgrthaber.com\/mavikadin\/wp-content\/uploads\/Dilan-cicek-deniz-berlin-festival.webp\" alt=\"\" width=\"1208\" height=\"639\" title=\"\" srcset=\"https:\/\/www.tgrthaber.com\/mavikadin\/wp-content\/uploads\/Dilan-cicek-deniz-berlin-festival.webp 650w, https:\/\/www.tgrthaber.com\/mavikadin\/wp-content\/uploads\/Dilan-cicek-deniz-berlin-festival-300x159.webp 300w\" sizes=\"(max-width: 1208px) 100vw, 1208px\" \/><\/p>\n<hr \/>\n<p>Daha sonra da uzun y\u0131llar \u00c7ocuk Esirgeme Kurumu&#8217;nda m\u00fcd\u00fcrl\u00fck yapt\u0131. Asl\u0131nda ben 18 ya\u015f\u0131na kadar bir nevi \u00e7ocuk esirgemede b\u00fcy\u00fcd\u00fcm. Annem okulda oluyordu evde kimse yok ben hep babam\u0131n yan\u0131na gidiyor, orada kal\u0131yordum da. B\u00fct\u00fcn tatiller, y\u0131lba\u015f\u0131, okul sonralar\u0131 hep \u00f6yle ge\u00e7ti&#8221; ifadesinde bulunmu\u015ftu.<\/p>\n","protected":false},"excerpt":{"rendered":"<p>Victoria Secret&#8217;\u0131n Pembe Hal\u0131&#8217;s\u0131nda y\u00fcr\u00fcyen isimlerden olan oyuncu Dilan \u00c7i\u00e7ek Deniz&#8217;in sosyal medya hesab\u0131ndan payla\u015ft\u0131\u011f\u0131 &#8216;Anneanne Evi&#8217; g\u00f6nderisi b\u00fcy\u00fck ilgili g\u00f6rd\u00fc.<\/p>\n","protected":false},"author":27,"featured_media":131885,"comment_status":"closed","ping_status":"closed","sticky":false,"template":"","format":"standard","meta":{"rank_math_lock_modified_date":false,"footnotes":""},"categories":[76],"tags":[4369,17249,133],"class_list":["post-159300","post","type-post","status-publish","format-standard","has-post-thumbnail","hentry","category-magazin","tag-dilan-cicek-deniz","tag-dilan-cicek-deniz-anneanne-paylasimi","tag-magazin"],"_links":{"self":[{"href":"https:\/\/www.tgrthaber.com\/mavikadin\/wp-json\/wp\/v2\/posts\/159300"}],"collection":[{"href":"https:\/\/www.tgrthaber.com\/mavikadin\/wp-json\/wp\/v2\/posts"}],"about":[{"href":"https:\/\/www.tgrthaber.com\/mavikadin\/wp-json\/wp\/v2\/types\/post"}],"author":[{"embeddable":true,"href":"https:\/\/www.tgrthaber.com\/mavikadin\/wp-json\/wp\/v2\/users\/27"}],"replies":[{"embeddable":true,"href":"https:\/\/www.tgrthaber.com\/mavikadin\/wp-json\/wp\/v2\/comments?post=159300"}],"version-history":[{"count":4,"href":"https:\/\/www.tgrthaber.com\/mavikadin\/wp-json\/wp\/v2\/posts\/159300\/revisions"}],"predecessor-version":[{"id":159306,"href":"https:\/\/www.tgrthaber.com\/mavikadin\/wp-json\/wp\/v2\/posts\/159300\/revisions\/159306"}],"wp:featuredmedia":[{"embeddable":true,"href":"https:\/\/www.tgrthaber.com\/mavikadin\/wp-json\/wp\/v2\/media\/131885"}],"wp:attachment":[{"href":"https:\/\/www.tgrthaber.com\/mavikadin\/wp-json\/wp\/v2\/media?parent=159300"}],"wp:term":[{"taxonomy":"category","embeddable":true,"href":"https:\/\/www.tgrthaber.com\/mavikadin\/wp-json\/wp\/v2\/categories?post=159300"},{"taxonomy":"post_tag","embeddable":true,"href":"https:\/\/www.tgrthaber.com\/mavikadin\/wp-json\/wp\/v2\/tags?post=159300"}],"curies":[{"name":"wp","href":"https:\/\/api.w.org\/{rel}","templated":true}]}}