{"id":159310,"date":"2025-04-09T01:43:20","date_gmt":"2025-04-08T22:43:20","guid":{"rendered":"https:\/\/www.tgrthaber.com\/mavikadin\/?p=159310"},"modified":"2025-09-18T16:40:39","modified_gmt":"2025-09-18T13:40:39","slug":"riza-tamer-evli-mi-eski-popstar-yarismacisi-riza-tamerden-alkislanacak-hareket","status":"publish","type":"post","link":"https:\/\/www.tgrthaber.com\/mavikadin\/riza-tamer-evli-mi-eski-popstar-yarismacisi-riza-tamerden-alkislanacak-hareket\/","title":{"rendered":"R\u0131za Tamer evli mi? Eski Popstar yar\u0131\u015fmac\u0131s\u0131 R\u0131za Tamer&#8217;den alk\u0131\u015flanacak hareket"},"content":{"rendered":"<p>D\u00f6neminin ilgiyle ve be\u011feniyle takip edilen yar\u0131\u015fmalar\u0131ndan olan Popstar ile tan\u0131n\u0131r hale gelen m\u00fczisyen R\u0131za Tamer, uzun bir aradan sonra \u00e7\u0131kard\u0131\u011f\u0131 &#8220;Benden Sonra&#8221; isimli duygusal \u015fark\u0131s\u0131yla yeniden g\u00fcndeme geldi. Son zamanlarda magazin g\u00fcndeminden ismini d\u00fc\u015f\u00fcrmeyen sevilen m\u00fczisyen R\u0131za Tamer&#8217;in hakk\u0131nda yap\u0131lan ara\u015ft\u0131rmalar da \u00e7o\u011fald\u0131.<\/p>\n<p>Peki R\u0131za Tamer halk aras\u0131nda neden bu kadar sevilip g\u00fcndeme geldi? R\u0131za Tamer evli mi? \u0130\u015fte bir zamanlar\u0131n b\u00fcy\u00fck bir ilgi ve be\u011feni ile takip etti\u011fi Popstar yar\u0131\u015fmas\u0131ndan \u00e7\u0131k\u0131p \u00fcn kazanan R\u0131za Tamer&#8217;e dair o detaylar&#8230;<\/p>\n<h3>POPSTAR RIZA TAMER EVL\u0130 M\u0130?<\/h3>\n<p>Popstar yar\u0131\u015fmas\u0131 ile \u00fcn kazanan m\u00fczisyen R\u0131za Tamer\u2019in \u00f6zel hayat\u0131na dair pek bilgi rastlanmasa da yay\u0131nlanan bir videosundaki s\u00f6z\u00fcnden anla\u015f\u0131laca\u011f\u0131 \u00fczere \u00fcnl\u00fc m\u00fczisyenin daha \u00f6nceden evlilik yapt\u0131\u011f\u0131 biliniyor. Ancak, e\u015finin kim oldu\u011fu ile ilgili internette herhangi bir bilgiye rastlanmamaktad\u0131r.<\/p>\n<p><img loading=\"lazy\" decoding=\"async\" class=\"alignnone wp-image-154132 size-full\" src=\"https:\/\/www.tgrthaber.com\/mavikadin\/wp-content\/uploads\/riza-tamer2.webp\" alt=\"\" width=\"1208\" height=\"680\" title=\"\" srcset=\"https:\/\/www.tgrthaber.com\/mavikadin\/wp-content\/uploads\/riza-tamer2.webp 1208w, https:\/\/www.tgrthaber.com\/mavikadin\/wp-content\/uploads\/riza-tamer2-300x169.webp 300w, https:\/\/www.tgrthaber.com\/mavikadin\/wp-content\/uploads\/riza-tamer2-1024x576.webp 1024w, https:\/\/www.tgrthaber.com\/mavikadin\/wp-content\/uploads\/riza-tamer2-768x432.webp 768w\" sizes=\"(max-width: 1208px) 100vw, 1208px\" \/><\/p>\n<hr \/>\n<p>Sanat\u00e7\u0131, sosyal medya payla\u015f\u0131mlar\u0131nda da \u00f6zel hayat\u0131n\u0131 \u00f6n planda tutmamay\u0131 tercih etmektedir. Tamer, sadece m\u00fczi\u011fi ile \u00f6ne \u00e7\u0131kma taraftar\u0131d\u0131r.<\/p>\n<h3>RIZA TAMER G\u00d6N\u00dcLLERDE B\u0130R KERE DAHA TAHT KURDU!<\/h3>\n<p>E\u015fine hayalini kurdu\u011fu gelinli\u011fi alamad\u0131\u011f\u0131n\u0131 s\u00f6yleyen eski Popstar yar\u0131\u015fmac\u0131s\u0131 R\u0131za Tamer&#8217;in sosyal medyada payla\u015f\u0131lan bir videosu viral oldu.<\/p>\n<p>Videoda konserlerden elde etti\u011fi paray\u0131 ihtiya\u00e7 sahibi olan kim varsa (camide yatanlara, l\u00f6semili \u00e7ocuklara, sokakta yatanlara, ameliyat paras\u0131 denkle\u015ftiremeyenlere vs) da\u011f\u0131taca\u011f\u0131na ve bunun ispat\u0131n\u0131 da sunaca\u011f\u0131n\u0131 s\u00f6yleyen R\u0131za Tamer, bir kez daha g\u00f6n\u00fclleri fethetti.<\/p>\n<p><img loading=\"lazy\" decoding=\"async\" class=\"alignnone size-full wp-image-149934\" src=\"https:\/\/www.tgrthaber.com\/mavikadin\/wp-content\/uploads\/Riza-Tamer-4.jpg\" alt=\"\" width=\"1208\" height=\"680\" title=\"\" srcset=\"https:\/\/www.tgrthaber.com\/mavikadin\/wp-content\/uploads\/Riza-Tamer-4.jpg 1208w, https:\/\/www.tgrthaber.com\/mavikadin\/wp-content\/uploads\/Riza-Tamer-4-300x169.jpg 300w, https:\/\/www.tgrthaber.com\/mavikadin\/wp-content\/uploads\/Riza-Tamer-4-1024x576.jpg 1024w, https:\/\/www.tgrthaber.com\/mavikadin\/wp-content\/uploads\/Riza-Tamer-4-768x432.jpg 768w\" sizes=\"(max-width: 1208px) 100vw, 1208px\" \/><\/p>\n<hr \/>\n<p>R\u0131za Tamer&#8217;in yay\u0131nlanan bu videosunun alt\u0131na \u00e7ok say\u0131da sosyal medya kullan\u0131c\u0131s\u0131 yorum ve be\u011fenide bulundu.<\/p>\n<p>Bir d\u00f6neme damga vuran Popstar yar\u0131\u015fmas\u0131n\u0131n eski yar\u0131\u015fmac\u0131lar\u0131ndan olan sevilen m\u00fczisyen i\u00e7in &#8216;\u0130kinci Haluk Levent y\u00fckleniyor&#8217;, &#8216;Helal Olsun&#8217;, &#8216;B\u00f6yle y\u00fcrekli insanlar g\u00f6rmek istiyoruz&#8217; gibi yorumlarda bulunuldu.<\/p>\n<p><em><strong>\u0130\u015fte halk\u0131n g\u00f6nl\u00fcn\u00fc fetheden m\u00fczisyen R\u0131za Tamer&#8217;in o videosu&#8230;<\/strong><\/em><\/p>\n<div style=\"width: 576px;\" class=\"wp-video\"><!--[if lt IE 9]><script>document.createElement('video');<\/script><![endif]-->\n<video class=\"wp-video-shortcode\" id=\"video-159310-1\" width=\"576\" height=\"1024\" preload=\"metadata\" controls=\"controls\"><source type=\"video\/mp4\" src=\"https:\/\/www.tgrthaber.com\/mavikadin\/wp-content\/uploads\/Kral-yaaaasesi-gibi-kalbide-cok-guzel-hep-var-ol.mp4?_=1\" \/><a href=\"https:\/\/www.tgrthaber.com\/mavikadin\/wp-content\/uploads\/Kral-yaaaasesi-gibi-kalbide-cok-guzel-hep-var-ol.mp4\">https:\/\/www.tgrthaber.com\/mavikadin\/wp-content\/uploads\/Kral-yaaaasesi-gibi-kalbide-cok-guzel-hep-var-ol.mp4<\/a><\/video><\/div>\n","protected":false},"excerpt":{"rendered":"<p>&#8216;Benden Sonra&#8217; isimli duygusal par\u00e7a ile y\u0131llar sonra yeniden g\u00fcndeme gelen eski Popstar yar\u0131\u015fmac\u0131s\u0131 Tamer R\u0131za&#8217;n\u0131n yay\u0131nlanan bir videosu ile yine halk g\u00f6z\u00fcnden takdir g\u00f6rd\u00fc. Tamer R\u0131za&#8217;dan alk\u0131\u015flanacak hareket o videoyla geldi.<\/p>\n","protected":false},"author":27,"featured_media":149132,"comment_status":"closed","ping_status":"closed","sticky":false,"template":"","format":"standard","meta":{"rank_math_lock_modified_date":false,"footnotes":""},"categories":[101],"tags":[14754,15890,15889,17252],"class_list":["post-159310","post","type-post","status-publish","format-standard","has-post-thumbnail","hentry","category-kesfet","tag-riza-tamer","tag-riza-tamer-benden-sonra","tag-riza-tamer-kimdir","tag-riza-tamer-videosu"],"_links":{"self":[{"href":"https:\/\/www.tgrthaber.com\/mavikadin\/wp-json\/wp\/v2\/posts\/159310"}],"collection":[{"href":"https:\/\/www.tgrthaber.com\/mavikadin\/wp-json\/wp\/v2\/posts"}],"about":[{"href":"https:\/\/www.tgrthaber.com\/mavikadin\/wp-json\/wp\/v2\/types\/post"}],"author":[{"embeddable":true,"href":"https:\/\/www.tgrthaber.com\/mavikadin\/wp-json\/wp\/v2\/users\/27"}],"replies":[{"embeddable":true,"href":"https:\/\/www.tgrthaber.com\/mavikadin\/wp-json\/wp\/v2\/comments?post=159310"}],"version-history":[{"count":2,"href":"https:\/\/www.tgrthaber.com\/mavikadin\/wp-json\/wp\/v2\/posts\/159310\/revisions"}],"predecessor-version":[{"id":159320,"href":"https:\/\/www.tgrthaber.com\/mavikadin\/wp-json\/wp\/v2\/posts\/159310\/revisions\/159320"}],"wp:featuredmedia":[{"embeddable":true,"href":"https:\/\/www.tgrthaber.com\/mavikadin\/wp-json\/wp\/v2\/media\/149132"}],"wp:attachment":[{"href":"https:\/\/www.tgrthaber.com\/mavikadin\/wp-json\/wp\/v2\/media?parent=159310"}],"wp:term":[{"taxonomy":"category","embeddable":true,"href":"https:\/\/www.tgrthaber.com\/mavikadin\/wp-json\/wp\/v2\/categories?post=159310"},{"taxonomy":"post_tag","embeddable":true,"href":"https:\/\/www.tgrthaber.com\/mavikadin\/wp-json\/wp\/v2\/tags?post=159310"}],"curies":[{"name":"wp","href":"https:\/\/api.w.org\/{rel}","templated":true}]}}