{"id":159321,"date":"2025-04-09T02:04:40","date_gmt":"2025-04-08T23:04:40","guid":{"rendered":"https:\/\/www.tgrthaber.com\/mavikadin\/?p=159321"},"modified":"2025-04-09T02:04:40","modified_gmt":"2025-04-08T23:04:40","slug":"esref-ruya-dizisinde-tum-dengeyi-alt-ust-edecek-iki-yeni-isim","status":"publish","type":"post","link":"https:\/\/www.tgrthaber.com\/mavikadin\/esref-ruya-dizisinde-tum-dengeyi-alt-ust-edecek-iki-yeni-isim\/","title":{"rendered":"&#8216;E\u015fref R\u00fcya&#8217; dizisinde t\u00fcm dengeyi alt \u00fcst edecek iki yeni isim!"},"content":{"rendered":"<p>\u00c7ar\u015famba g\u00fcnleri saat 20.00&#8217;da Kanal D ekranlar\u0131nda izleyicileriyle bulu\u015fan &#8216;E\u015fref R\u00fcya&#8217; dizisi g\u00fc\u00e7l\u00fc ve ba\u015far\u0131l\u0131 oyuncu kadrosu ile dikkatleri \u00fczerinde topluyor.<\/p>\n<p>&#8216;Nisan&#8217; karakterini oynayan oyuncu Demet \u00d6zdemir ile &#8216;E\u015fref&#8217; karakterini oynayan karizmatik oyuncu \u00c7a\u011fatay Ulusoy&#8217;un ba\u015frol\u00fcnde oldu\u011fu &#8216;E\u015fref R\u00fcya&#8217; dizisi entrikal\u0131 olay \u00f6rg\u00fcs\u00fc ve merak dolu sahneleri ile izleyiciyi ekran ba\u015f\u0131na kilitliyor.<\/p>\n<p>Hen\u00fcz iki b\u00f6l\u00fcm\u00fc yay\u0131nlanan &#8216;E\u015fref R\u00fcya&#8217; dizisinde oyuncu kadrosu geni\u015fletilerek iki yeni ismin daha dahil olaca\u011f\u0131 \u00f6\u011frenildi. Peki &#8216;E\u015fref R\u00fcya&#8217; dizisinin oyuncu kadrosunda hangi isimler yer al\u0131yor? Diziye hangi isimler dahil oldu?<\/p>\n<h3>KANAL D&#8217;N\u0130N YEN\u0130 \u0130DD\u0130ALI D\u0130Z\u0130S\u0130 &#8216;E\u015eREF R\u00dcYA&#8217; D\u0130Z\u0130S\u0130NE \u0130K\u0130 S\u00dcRPR\u0130Z \u0130S\u0130M!<\/h3>\n<p>Dizinin \u00f6nemli karakterinden Nisan ve E\u015fref&#8217;i oynayan \u00c7a\u011fatay Ulusoy ile Demet \u00d6zdemir&#8217;i bir noktada bulu\u015fturan dizi &#8216;E\u015fref R\u00fcya&#8217;n\u0131n oyuncu kadrosu giderek b\u00fcy\u00fcyor.<\/p>\n<p><img loading=\"lazy\" decoding=\"async\" class=\"alignnone wp-image-154137\" src=\"https:\/\/www.tgrthaber.com\/mavikadin\/wp-content\/uploads\/esref-ruya-prime-video-da.jpg\" alt=\"\" width=\"1208\" height=\"680\" title=\"\" srcset=\"https:\/\/www.tgrthaber.com\/mavikadin\/wp-content\/uploads\/esref-ruya-prime-video-da.jpg 1920w, https:\/\/www.tgrthaber.com\/mavikadin\/wp-content\/uploads\/esref-ruya-prime-video-da-300x169.jpg 300w, https:\/\/www.tgrthaber.com\/mavikadin\/wp-content\/uploads\/esref-ruya-prime-video-da-1024x576.jpg 1024w, https:\/\/www.tgrthaber.com\/mavikadin\/wp-content\/uploads\/esref-ruya-prime-video-da-768x432.jpg 768w, https:\/\/www.tgrthaber.com\/mavikadin\/wp-content\/uploads\/esref-ruya-prime-video-da-1536x864.jpg 1536w\" sizes=\"(max-width: 1208px) 100vw, 1208px\" \/><\/p>\n<hr \/>\n<p>Yeni b\u00f6l\u00fcm\u00fcn\u00fcn bu ak\u015fam yay\u0131nlanaca\u011f\u0131 dizide oyuncu kadrosuna iki g\u00fc\u00e7l\u00fc isim daha ekleniyor. Oyuncu H\u00fcseyin Soysalan ile Neslihan Arslan dizinin \u00fc\u00e7\u00fcnc\u00fc b\u00f6l\u00fcm itibar\u0131yla ekranlarda yerini alaca\u011f\u0131 \u00f6\u011frenildi.<\/p>\n<p><img loading=\"lazy\" decoding=\"async\" class=\"alignnone wp-image-159324\" src=\"https:\/\/www.tgrthaber.com\/mavikadin\/wp-content\/uploads\/rr-18.png\" alt=\"\" width=\"1208\" height=\"694\" title=\"\" srcset=\"https:\/\/www.tgrthaber.com\/mavikadin\/wp-content\/uploads\/rr-18.png 897w, https:\/\/www.tgrthaber.com\/mavikadin\/wp-content\/uploads\/rr-18-300x172.png 300w, https:\/\/www.tgrthaber.com\/mavikadin\/wp-content\/uploads\/rr-18-768x441.png 768w\" sizes=\"(max-width: 1208px) 100vw, 1208px\" \/><\/p>\n<hr \/>\n<p>Ba\u015far\u0131l\u0131 oyuncu H\u00fcseyin Soysalan, ikinci b\u00f6l\u00fcmdeki intihar sahnesi ile diziden ayr\u0131lan \u0130zzet&#8217;in babas\u0131 Nusret rol\u00fcyle hikayede kendine yer bulacak.<\/p>\n<p><img loading=\"lazy\" decoding=\"async\" class=\"alignnone wp-image-159326\" src=\"https:\/\/www.tgrthaber.com\/mavikadin\/wp-content\/uploads\/44-9.png\" alt=\"\" width=\"1208\" height=\"635\" title=\"\" srcset=\"https:\/\/www.tgrthaber.com\/mavikadin\/wp-content\/uploads\/44-9.png 908w, https:\/\/www.tgrthaber.com\/mavikadin\/wp-content\/uploads\/44-9-300x158.png 300w, https:\/\/www.tgrthaber.com\/mavikadin\/wp-content\/uploads\/44-9-768x403.png 768w\" sizes=\"(max-width: 1208px) 100vw, 1208px\" \/><\/p>\n<hr \/>\n<p>Dizinin yeni s\u00fcrpriz oyuncu ismi olan Neslihan Arslan ise \u0130zzet&#8217;in karde\u015fi Nimet karakterini oynayarak, abisinin intikam\u0131n\u0131 almak i\u00e7in elinden geleni ard\u0131na koymayacak.<\/p>\n<h3>&#8216;E\u015eREF R\u00dcYA&#8217; D\u0130Z\u0130S\u0130N\u0130N OYUNCU KADROSUNDA YER ALAN D\u0130\u011eER \u0130S\u0130MLER \u0130SE \u015e\u00d6YLE:<\/h3>\n<p>Ba\u015frol\u00fcnde Demet \u00d6zdemir ile \u00c7a\u011fatay Ulusoy&#8217;un oldu\u011fu dizinin yetenekli oyuncu kadrosunda \u00fcnl\u00fc oyuncu Necip Memili, B\u00fc\u015fra Develi, Ahmet R\u0131fat \u015eungar, Tolga Tekin, G\u00f6rkem Sevindik, Ceren Benderlio\u011flu, Ebrar Karabakan, Umut Karada\u011f, Kaan Turgut, A\u015fk\u0131n \u015eenol, \u015eener Sava\u015f, Ahmet Y\u0131ld\u0131r\u0131m, Kerem Alp Kabul, Bartu Zeytinci, G\u00f6k\u00e7em \u00c7oban, Volkan Uygun, Taylan G\u00fcldere, Feriha Ey\u00fcbo\u011flu ve Macit Koper gibi isimlerde e\u015flik ediyor.<\/p>\n<p><img loading=\"lazy\" decoding=\"async\" class=\"alignnone wp-image-154123\" src=\"https:\/\/www.tgrthaber.com\/mavikadin\/wp-content\/uploads\/Esref-Ruyanin-yeni-bolumlerini-kaciranlara-mujde-Dijital-platformda-yayinlanacak.jpg\" alt=\"E\u015fref R\u00fcya\u2019n\u0131n yeni b\u00f6l\u00fcmlerini ka\u00e7\u0131ranlara m\u00fcjde! Dijital platformda yay\u0131nlanacak!\" width=\"1208\" height=\"680\" title=\"\" srcset=\"https:\/\/www.tgrthaber.com\/mavikadin\/wp-content\/uploads\/Esref-Ruyanin-yeni-bolumlerini-kaciranlara-mujde-Dijital-platformda-yayinlanacak.jpg 1920w, https:\/\/www.tgrthaber.com\/mavikadin\/wp-content\/uploads\/Esref-Ruyanin-yeni-bolumlerini-kaciranlara-mujde-Dijital-platformda-yayinlanacak-300x169.jpg 300w, https:\/\/www.tgrthaber.com\/mavikadin\/wp-content\/uploads\/Esref-Ruyanin-yeni-bolumlerini-kaciranlara-mujde-Dijital-platformda-yayinlanacak-1024x576.jpg 1024w, https:\/\/www.tgrthaber.com\/mavikadin\/wp-content\/uploads\/Esref-Ruyanin-yeni-bolumlerini-kaciranlara-mujde-Dijital-platformda-yayinlanacak-768x432.jpg 768w, https:\/\/www.tgrthaber.com\/mavikadin\/wp-content\/uploads\/Esref-Ruyanin-yeni-bolumlerini-kaciranlara-mujde-Dijital-platformda-yayinlanacak-1536x864.jpg 1536w\" sizes=\"(max-width: 1208px) 100vw, 1208px\" \/><\/p>\n<hr \/>\n<p>&nbsp;<\/p>\n","protected":false},"excerpt":{"rendered":"<p>Kanal D&#8217;nin yeni dizisi &#8216;E\u015fref R\u00fcya&#8217; dizisinin \u00fc\u00e7\u00fcnc\u00fc b\u00f6l\u00fcm\u00fc itibariyle ekranlarda yerini alacak iki yeni isim belli oldu. \u0130\u015fte dizinin oyuncu kadrosuna dahil olan o iki isim:<\/p>\n","protected":false},"author":27,"featured_media":158508,"comment_status":"closed","ping_status":"closed","sticky":false,"template":"","format":"standard","meta":{"rank_math_lock_modified_date":false,"footnotes":""},"categories":[602],"tags":[2628,4755,8743,17259,17258],"class_list":["post-159321","post","type-post","status-publish","format-standard","has-post-thumbnail","hentry","category-diziler","tag-dizi-haberleri","tag-esref-ruya","tag-esref-ruya-dizisi-oyunculari","tag-huseyin-soysalan","tag-neslihan-arslan"],"_links":{"self":[{"href":"https:\/\/www.tgrthaber.com\/mavikadin\/wp-json\/wp\/v2\/posts\/159321"}],"collection":[{"href":"https:\/\/www.tgrthaber.com\/mavikadin\/wp-json\/wp\/v2\/posts"}],"about":[{"href":"https:\/\/www.tgrthaber.com\/mavikadin\/wp-json\/wp\/v2\/types\/post"}],"author":[{"embeddable":true,"href":"https:\/\/www.tgrthaber.com\/mavikadin\/wp-json\/wp\/v2\/users\/27"}],"replies":[{"embeddable":true,"href":"https:\/\/www.tgrthaber.com\/mavikadin\/wp-json\/wp\/v2\/comments?post=159321"}],"version-history":[{"count":2,"href":"https:\/\/www.tgrthaber.com\/mavikadin\/wp-json\/wp\/v2\/posts\/159321\/revisions"}],"predecessor-version":[{"id":159331,"href":"https:\/\/www.tgrthaber.com\/mavikadin\/wp-json\/wp\/v2\/posts\/159321\/revisions\/159331"}],"wp:featuredmedia":[{"embeddable":true,"href":"https:\/\/www.tgrthaber.com\/mavikadin\/wp-json\/wp\/v2\/media\/158508"}],"wp:attachment":[{"href":"https:\/\/www.tgrthaber.com\/mavikadin\/wp-json\/wp\/v2\/media?parent=159321"}],"wp:term":[{"taxonomy":"category","embeddable":true,"href":"https:\/\/www.tgrthaber.com\/mavikadin\/wp-json\/wp\/v2\/categories?post=159321"},{"taxonomy":"post_tag","embeddable":true,"href":"https:\/\/www.tgrthaber.com\/mavikadin\/wp-json\/wp\/v2\/tags?post=159321"}],"curies":[{"name":"wp","href":"https:\/\/api.w.org\/{rel}","templated":true}]}}