{"id":159345,"date":"2025-04-09T09:53:34","date_gmt":"2025-04-09T06:53:34","guid":{"rendered":"https:\/\/www.tgrthaber.com\/mavikadin\/?p=159345"},"modified":"2025-04-09T09:53:34","modified_gmt":"2025-04-09T06:53:34","slug":"feraye-tanyolacin-fareli-evi-icin-mahkeme-gerekceyi-acikladi-hakkaniyet-indirimi-kullanildi","status":"publish","type":"post","link":"https:\/\/www.tgrthaber.com\/mavikadin\/feraye-tanyolacin-fareli-evi-icin-mahkeme-gerekceyi-acikladi-hakkaniyet-indirimi-kullanildi\/","title":{"rendered":"Feraye Tanyola\u00e7\u2019\u0131n fareli evi i\u00e7in mahkeme gerek\u00e7eyi a\u00e7\u0131klad\u0131! Hakkaniyet indirimi kullan\u0131ld\u0131"},"content":{"rendered":"<p>Kaya \u00c7ilingiro\u011flu\u2019nun eski e\u015fi Feraye Tanyola\u00e7, Bebek Arif Pa\u015fa Korusu\u2019nda 11 bin TL\u2019ye oturdu\u011fu evin sahibiyle anla\u015fmazl\u0131k ya\u015fam\u0131\u015f ve mahkeme 67 bin 500 TL kira bedeli \u00f6demesini h\u00fckmetmi\u015fti. Tanyola\u00e7\u2019\u0131n \u2018ya\u015fanmaz\u2019 dedi\u011fi fareli ve pireli eve y\u00fczde 600 zam yapan mahkeme verdi\u011fi karar\u0131n gerek\u00e7esini a\u00e7\u0131klad\u0131. Gerek\u00e7eli kararda ise evde yap\u0131lan ke\u015fif ve al\u0131nan denetime elveri\u015fli bilirki\u015fi raporu sonucunda ilk olarak 75 bin TL de\u011fer bi\u00e7ilen eve y\u00fczde 10 hakkaniyet indirimi yap\u0131larak 67 bin 500 liraya d\u00fc\u015f\u00fcr\u00fcld\u00fc\u011f\u00fc \u00f6\u011frenildi.<\/p>\n<h3>FERAYE TANYOLA\u00c7\u2019IN YA\u015eANMAZ DED\u0130\u011e\u0130 EV\u0130N K\u0130RASI Y\u00dcZDE 600 ZAMLANDI!<\/h3>\n<p>Kaya \u00c7ilingiro\u011flu\u2019nun eski e\u015fi olarak tan\u0131nan Feraye Tanyola\u00e7, Bebek\u2019teki Arif Pa\u015fa Korusu\u2019nda oturdu\u011fu daireye 11 bin TL kira veriyordu. Bunun \u00fczerine ev sahibinin a\u00e7t\u0131\u011f\u0131 kira tespit davas\u0131nda karar ge\u00e7ti\u011fimiz aylarda \u00e7\u0131km\u0131\u015ft\u0131.<\/p>\n<p><img loading=\"lazy\" decoding=\"async\" class=\"alignnone wp-image-159347\" src=\"https:\/\/www.tgrthaber.com\/mavikadin\/wp-content\/uploads\/Feraye-Tanyolac-3-1-1024x576.jpg\" alt=\"Feraye Tanyola\u00e7\u2019\u0131n fareli evi i\u00e7in mahkeme gerek\u00e7eyi a\u00e7\u0131klad\u0131! Hakkaniyet indirimi kullan\u0131ld\u0131\" width=\"1208\" height=\"680\" title=\"\" srcset=\"https:\/\/www.tgrthaber.com\/mavikadin\/wp-content\/uploads\/Feraye-Tanyolac-3-1-1024x576.jpg 1024w, https:\/\/www.tgrthaber.com\/mavikadin\/wp-content\/uploads\/Feraye-Tanyolac-3-1-300x169.jpg 300w, https:\/\/www.tgrthaber.com\/mavikadin\/wp-content\/uploads\/Feraye-Tanyolac-3-1-768x432.jpg 768w, https:\/\/www.tgrthaber.com\/mavikadin\/wp-content\/uploads\/Feraye-Tanyolac-3-1-1536x864.jpg 1536w, https:\/\/www.tgrthaber.com\/mavikadin\/wp-content\/uploads\/Feraye-Tanyolac-3-1.jpg 1600w\" sizes=\"(max-width: 1208px) 100vw, 1208px\" \/><\/p>\n<hr \/>\n<p>Ev sahibi Tonyola\u00e7 i\u00e7in \u201c100 bin liral\u0131k evde 11 bin liraya oturuyor\u201d ifadelerini kullanm\u0131\u015ft\u0131. Tanyola\u00e7 ise \u201cGecekondu dairesinde, kap\u0131c\u0131 dairesinde oturuyorum. Fareli, pireli eve 80 bin lira \u00e7ok\u201d \u015feklinde cevap vermi\u015fti. Tanyola\u00e7\u2019\u0131n \u201cya\u015fanmaz\u201d dedi\u011fi evin kiras\u0131 y\u00fczde 600 zamlanarak, 67 bin 500 lira oldu.<\/p>\n<h3>FERAYE TANYOLA\u00c7\u2019IN FAREL\u0130 EV\u0130 \u0130\u00c7\u0130N MAHKEME GEREK\u00c7EY\u0130 A\u00c7IKLADI!<\/h3>\n<p>Tanyola\u00e7\u2019\u0131n \u2018ya\u015fanmaz\u2019 dedi\u011fi fareli ve pireli eve y\u00fczde 600 zam yapan mahkeme verdi\u011fi karar\u0131n gerek\u00e7esini a\u00e7\u0131klad\u0131. \u0130stanbul Sulh Hukuk Mahkemesi, gerek\u00e7eli kararda evde yap\u0131lan ke\u015fif ve al\u0131nan denetime elveri\u015fli bilirki\u015fi raporu sonucunda ilk olarak 75 bin TL de\u011fer bi\u00e7ilen eve, Tanyola\u00e7\u2019\u0131n eski kirac\u0131 olmas\u0131 nedeniyle y\u00fczde 10\u2019luk \u201chakkaniyet indirimi\u201d yapt\u0131.<\/p>\n<p><img loading=\"lazy\" decoding=\"async\" class=\"alignnone wp-image-159348\" src=\"https:\/\/www.tgrthaber.com\/mavikadin\/wp-content\/uploads\/Feraye-Tanyolac-4-1024x576.jpg\" alt=\"Feraye Tanyola\u00e7\u2019\u0131n fareli evi i\u00e7in mahkeme gerek\u00e7eyi a\u00e7\u0131klad\u0131! Hakkaniyet indirimi kullan\u0131ld\u0131\" width=\"1208\" height=\"680\" title=\"\" srcset=\"https:\/\/www.tgrthaber.com\/mavikadin\/wp-content\/uploads\/Feraye-Tanyolac-4-1024x576.jpg 1024w, https:\/\/www.tgrthaber.com\/mavikadin\/wp-content\/uploads\/Feraye-Tanyolac-4-300x169.jpg 300w, https:\/\/www.tgrthaber.com\/mavikadin\/wp-content\/uploads\/Feraye-Tanyolac-4-768x432.jpg 768w, https:\/\/www.tgrthaber.com\/mavikadin\/wp-content\/uploads\/Feraye-Tanyolac-4-1536x864.jpg 1536w, https:\/\/www.tgrthaber.com\/mavikadin\/wp-content\/uploads\/Feraye-Tanyolac-4.jpg 1600w\" sizes=\"(max-width: 1208px) 100vw, 1208px\" \/><\/p>\n<hr \/>\n<p>Kararda ise Feraye Tanyola\u00e7\u2019\u0131n bu kiran\u0131n 2023 Ocak ay\u0131ndan itibaren al\u0131nmas\u0131na h\u00fckmetmi\u015fti. Mahkeme gerek\u00e7eli karar\u0131n yaz\u0131m\u0131n\u0131 tamamlad\u0131. Gerek\u00e7eli kararda, dava kapsam\u0131nda al\u0131nan bilirki\u015fi raporuna da de\u011finildi. Raporda, 1 Aral\u0131k 2023 tarihi itibariyle kira bedelinin (evin bo\u015f olmas\u0131 durumunda) ayl\u0131k net 75 bin lira olabilece\u011fi de\u011ferlendirmesi yap\u0131ld\u0131\u011f\u0131 yer al\u0131yordu.<\/p>\n<p>Mahkeme gerek\u00e7eli karar\u0131nda, ev sahibinin talebinin ayl\u0131k 80 bin lira oldu\u011fu hat\u0131rlatt\u0131. Bu nedenle mahkeme taraf\u0131ndan, kiralanan dairenin bo\u015f olarak getirebilece\u011fi ayl\u0131k kira bedeli belirlendikten sonra Yarg\u0131tay ve \u0130stinaf mahkemeleri yerle\u015fik uygulamalar\u0131na g\u00f6re bu bedel \u00fczerinden hak ve nesafet indirimi yap\u0131lmas\u0131 gerekti\u011fine karar k\u0131l\u0131nd\u0131\u011f\u0131 ifade edildi.<\/p>\n<p><img loading=\"lazy\" decoding=\"async\" class=\"alignnone wp-image-159349\" src=\"https:\/\/www.tgrthaber.com\/mavikadin\/wp-content\/uploads\/Feraye-Tanyolac-2-1-1024x576.jpg\" alt=\"Feraye Tanyola\u00e7\u2019\u0131n fareli evi i\u00e7in mahkeme gerek\u00e7eyi a\u00e7\u0131klad\u0131! Hakkaniyet indirimi kullan\u0131ld\u0131\" width=\"1208\" height=\"680\" title=\"\" srcset=\"https:\/\/www.tgrthaber.com\/mavikadin\/wp-content\/uploads\/Feraye-Tanyolac-2-1-1024x576.jpg 1024w, https:\/\/www.tgrthaber.com\/mavikadin\/wp-content\/uploads\/Feraye-Tanyolac-2-1-300x169.jpg 300w, https:\/\/www.tgrthaber.com\/mavikadin\/wp-content\/uploads\/Feraye-Tanyolac-2-1-768x432.jpg 768w, https:\/\/www.tgrthaber.com\/mavikadin\/wp-content\/uploads\/Feraye-Tanyolac-2-1-1536x864.jpg 1536w, https:\/\/www.tgrthaber.com\/mavikadin\/wp-content\/uploads\/Feraye-Tanyolac-2-1.jpg 1600w\" sizes=\"(max-width: 1208px) 100vw, 1208px\" \/><\/p>\n<hr \/>\n<h3>HAKKAN\u0130YET \u0130ND\u0130R\u0130M\u0130 KULLANILDI!<\/h3>\n<p>\u0130stanbul Sulh Hukuk Mahkemesi taraf\u0131ndan Bebek Arif Pa\u015fa Korusu\u2019nda bulunan dairede yap\u0131lan ke\u015fif sonucunda d\u00fczenlenen dosya kapsam\u0131nda uygun ve denetime elveri\u015fli bilirki\u015fi raporu esas al\u0131narak, 1 Aral\u0131k 2023 tarihinden itibaren Feraye Tanyola\u00e7\u2019a y\u00fczde 10 hakkaniyet indirimi yap\u0131larak ayl\u0131k kira bedelinin net olarak 67 bin 500 lira olarak tespitine karar verildi\u011fi vurguland\u0131. Ayn\u0131 zamanda gerek\u00e7eli kararda, verilen bu karar\u0131n istinaf yolunun a\u00e7\u0131k oldu\u011fu da hat\u0131rlat\u0131ld\u0131.<\/p>\n<p><img loading=\"lazy\" decoding=\"async\" class=\"alignnone wp-image-159350\" src=\"https:\/\/www.tgrthaber.com\/mavikadin\/wp-content\/uploads\/Feraye-Tanyolac-1-1-1024x576.jpg\" alt=\"Feraye Tanyola\u00e7\u2019\u0131n fareli evi i\u00e7in mahkeme gerek\u00e7eyi a\u00e7\u0131klad\u0131! Hakkaniyet indirimi kullan\u0131ld\u0131\" width=\"1208\" height=\"680\" title=\"\" srcset=\"https:\/\/www.tgrthaber.com\/mavikadin\/wp-content\/uploads\/Feraye-Tanyolac-1-1-1024x576.jpg 1024w, https:\/\/www.tgrthaber.com\/mavikadin\/wp-content\/uploads\/Feraye-Tanyolac-1-1-300x169.jpg 300w, https:\/\/www.tgrthaber.com\/mavikadin\/wp-content\/uploads\/Feraye-Tanyolac-1-1-768x432.jpg 768w, https:\/\/www.tgrthaber.com\/mavikadin\/wp-content\/uploads\/Feraye-Tanyolac-1-1-1536x864.jpg 1536w, https:\/\/www.tgrthaber.com\/mavikadin\/wp-content\/uploads\/Feraye-Tanyolac-1-1.jpg 1600w\" sizes=\"(max-width: 1208px) 100vw, 1208px\" \/><\/p>\n","protected":false},"excerpt":{"rendered":"<p>Son zamanlarda fareli ve pireli eviyle g\u00fcndemden d\u00fc\u015fmeyen Kaya \u00c7ilingiro\u011flu\u2019nun eski e\u015fi Feraye Tanyola\u00e7\u2019\u0131n ya\u015fanmaz dedi\u011fi evi i\u00e7in mahkeme gerek\u00e7eyi a\u00e7\u0131klad\u0131. Tanyola\u00e7 i\u00e7in hakkaniyet indirimi uyguland\u0131. \u0130\u015fte detaylar\u2026<\/p>\n","protected":false},"author":26,"featured_media":159346,"comment_status":"closed","ping_status":"closed","sticky":false,"template":"","format":"standard","meta":{"rank_math_lock_modified_date":false,"footnotes":""},"categories":[76],"tags":[11005,17262,17261,133,2218],"class_list":["post-159345","post","type-post","status-publish","format-standard","has-post-thumbnail","hentry","category-magazin","tag-feraye-tanyolac","tag-feraye-tanyolac-fareli-ev","tag-feraye-tanyolac-kira","tag-magazin","tag-magazin-haberleri"],"_links":{"self":[{"href":"https:\/\/www.tgrthaber.com\/mavikadin\/wp-json\/wp\/v2\/posts\/159345"}],"collection":[{"href":"https:\/\/www.tgrthaber.com\/mavikadin\/wp-json\/wp\/v2\/posts"}],"about":[{"href":"https:\/\/www.tgrthaber.com\/mavikadin\/wp-json\/wp\/v2\/types\/post"}],"author":[{"embeddable":true,"href":"https:\/\/www.tgrthaber.com\/mavikadin\/wp-json\/wp\/v2\/users\/26"}],"replies":[{"embeddable":true,"href":"https:\/\/www.tgrthaber.com\/mavikadin\/wp-json\/wp\/v2\/comments?post=159345"}],"version-history":[{"count":2,"href":"https:\/\/www.tgrthaber.com\/mavikadin\/wp-json\/wp\/v2\/posts\/159345\/revisions"}],"predecessor-version":[{"id":159352,"href":"https:\/\/www.tgrthaber.com\/mavikadin\/wp-json\/wp\/v2\/posts\/159345\/revisions\/159352"}],"wp:featuredmedia":[{"embeddable":true,"href":"https:\/\/www.tgrthaber.com\/mavikadin\/wp-json\/wp\/v2\/media\/159346"}],"wp:attachment":[{"href":"https:\/\/www.tgrthaber.com\/mavikadin\/wp-json\/wp\/v2\/media?parent=159345"}],"wp:term":[{"taxonomy":"category","embeddable":true,"href":"https:\/\/www.tgrthaber.com\/mavikadin\/wp-json\/wp\/v2\/categories?post=159345"},{"taxonomy":"post_tag","embeddable":true,"href":"https:\/\/www.tgrthaber.com\/mavikadin\/wp-json\/wp\/v2\/tags?post=159345"}],"curies":[{"name":"wp","href":"https:\/\/api.w.org\/{rel}","templated":true}]}}