{"id":159354,"date":"2025-04-09T10:54:42","date_gmt":"2025-04-09T07:54:42","guid":{"rendered":"https:\/\/www.tgrthaber.com\/mavikadin\/?p=159354"},"modified":"2025-04-09T10:54:41","modified_gmt":"2025-04-09T07:54:41","slug":"cift-kisilik-oda-ne-zaman-yayinlanacak-cift-kisilik-oda-nereden-izlenir","status":"publish","type":"post","link":"https:\/\/www.tgrthaber.com\/mavikadin\/cift-kisilik-oda-ne-zaman-yayinlanacak-cift-kisilik-oda-nereden-izlenir\/","title":{"rendered":"\u00c7ift Ki\u015filik Oda ne zaman yay\u0131nlanacak? \u00c7ift ki\u015filik oda nereden izlenir?"},"content":{"rendered":"<p>Televizyon d\u00fcnyas\u0131n\u0131n merakla beklenen yap\u0131mlar\u0131ndan biri olan \u00c7ift Ki\u015filik Oda, yaz sezonunda ekranlarda f\u0131rt\u0131na estirmeye haz\u0131rlan\u0131yor. Hem oyuncu kadrosu hem de etkileyici hikayesiyle \u015fimdiden dikkat \u00e7eken dizi, izleyicilere romantik ve e\u011flenceli bir yolculuk vaat ediyor. Ula\u015f Tuna Astepe ve Devrim \u00d6zkan\u2019\u0131 ba\u015frollerde bulu\u015fturan bu yeni dizi hakk\u0131nda en \u00e7ok merak edilen sorular ise \u201c\u00c7ift Ki\u015filik Oda ne zaman yay\u0131nlanacak?\u201d ve \u201c\u00c7ift Ki\u015filik Oda nereden izlenir?\u201d \u015feklinde oluyor. \u0130\u015fte, diziye dair t\u00fcm detaylar\u2026<\/p>\n<h3>\u00c7\u0130FT K\u0130\u015e\u0130L\u0130K ODA NE ZAMAN YAYINLANACAK?<\/h3>\n<p>\u00c7ift Ki\u015filik Oda dizisinin \u00e7ekimleri ba\u015flad\u0131 ve tan\u0131t\u0131m fragman\u0131 da izleyiciyle bulu\u015ftu. Ancak dizinin net yay\u0131n tarihi hen\u00fcz a\u00e7\u0131klanmad\u0131. NOW TV ekranlar\u0131nda yay\u0131nlanacak olan dizi, 2025 yaz sezonunda seyirciyle bulu\u015facak. Romantik komedi t\u00fcr\u00fcndeki yap\u0131m, yaz aylar\u0131n\u0131n en dikkat \u00e7eken projelerinden biri olmaya aday.<\/p>\n<h3>\u00c7\u0130FT K\u0130\u015e\u0130L\u0130K ODA NEREDEN \u0130ZLEN\u0130R?<\/h3>\n<p>Dizi, FOX TV\u2019nin yeni dijital platformu olan NOW TV \u00fczerinden izlenebilecek. Geleneksel TV yay\u0131n\u0131n\u0131n yan\u0131 s\u0131ra, NOW TV\u2019nin dijital platformlar\u0131 arac\u0131l\u0131\u011f\u0131yla da diziye ula\u015fmak m\u00fcmk\u00fcn olacak. Bu sayede izleyiciler hem televizyondan hem de \u00e7evrimi\u00e7i platformdan diziye kolayca eri\u015febilecek.<\/p>\n<p><img loading=\"lazy\" decoding=\"async\" class=\"alignnone size-full wp-image-159386\" src=\"https:\/\/www.tgrthaber.com\/mavikadin\/wp-content\/uploads\/3-657.png\" alt=\"\" width=\"1280\" height=\"720\" title=\"\" srcset=\"https:\/\/www.tgrthaber.com\/mavikadin\/wp-content\/uploads\/3-657.png 1280w, https:\/\/www.tgrthaber.com\/mavikadin\/wp-content\/uploads\/3-657-300x169.png 300w, https:\/\/www.tgrthaber.com\/mavikadin\/wp-content\/uploads\/3-657-1024x576.png 1024w, https:\/\/www.tgrthaber.com\/mavikadin\/wp-content\/uploads\/3-657-768x432.png 768w\" sizes=\"(max-width: 1280px) 100vw, 1280px\" \/><\/p>\n<hr \/>\n<h3>\u00c7\u0130FT K\u0130\u015e\u0130L\u0130K ODA D\u0130Z\u0130 KONUSU NE?<\/h3>\n<p>Dizi, k\u00fc\u00e7\u00fck ya\u015fta ailesini kaybeden Nil\u00fcfer\u2019in (Devrim \u00d6zkan) hayalini kurdu\u011fu otelde \u00e7al\u0131\u015fmaya ba\u015flamas\u0131yla ba\u015fl\u0131yor. Nil\u00fcfer\u2019in yolu, Lutesya Oteli\u2019nin miras\u00e7\u0131s\u0131 olan Kaan (Ula\u015f Tuna Astepe) ile kesi\u015fir. Kaan, y\u0131llar sonra otelin ba\u015f\u0131na ge\u00e7mek \u00fczere geri d\u00f6nm\u00fc\u015f, ancak bu d\u00f6n\u00fc\u015f\u00fcn ard\u0131nda sakl\u0131 intikam duygular\u0131 vard\u0131r. Kaan ve Nil\u00fcfer\u2019in yollar\u0131 \u00e7at\u0131\u015fmal\u0131 ve bir o kadar da tutkulu bir hik\u00e2yeye d\u00f6n\u00fc\u015f\u00fcr. Romantik-komedi t\u00fcr\u00fcndeki bu yap\u0131m, izleyicilere hem s\u0131cak hem de dramatik anlar ya\u015fatacak.<\/p>\n<h3>HANG\u0130 D\u0130Z\u0130DEN UYARLANDI?<\/h3>\n<p>\u00c7ift Ki\u015filik Oda, G\u00fcney Kore yap\u0131m\u0131 King The Land adl\u0131 diziden uyarlan\u0131yor. Orijinal versiyonuyla b\u00fcy\u00fck be\u011feni toplayan bu yap\u0131m, T\u00fcrkiye uyarlamas\u0131yla da \u015fimdiden b\u00fcy\u00fck bir ilgi g\u00f6rd\u00fc.<\/p>\n<p><img loading=\"lazy\" decoding=\"async\" class=\"alignnone size-full wp-image-159387\" src=\"https:\/\/www.tgrthaber.com\/mavikadin\/wp-content\/uploads\/4-545.png\" alt=\"\" width=\"1280\" height=\"720\" title=\"\" srcset=\"https:\/\/www.tgrthaber.com\/mavikadin\/wp-content\/uploads\/4-545.png 1280w, https:\/\/www.tgrthaber.com\/mavikadin\/wp-content\/uploads\/4-545-300x169.png 300w, https:\/\/www.tgrthaber.com\/mavikadin\/wp-content\/uploads\/4-545-1024x576.png 1024w, https:\/\/www.tgrthaber.com\/mavikadin\/wp-content\/uploads\/4-545-768x432.png 768w\" sizes=\"(max-width: 1280px) 100vw, 1280px\" \/><\/p>\n<hr \/>\n<h3>OYUNCU KADROSU K\u0130MLERDEN OLU\u015eUYOR?<\/h3>\n<p>Dizinin ba\u015frollerinde Ula\u015f Tuna Astepe ve Devrim \u00d6zkan yer al\u0131rken, kadroda yer alan di\u011fer isimler de olduk\u00e7a dikkat \u00e7ekici. Kadroda \u015fu oyuncular bulunuyor:<br \/>\n\u2022 G\u00f6zde Seda Altuner<br \/>\n\u2022 Seren \u015eirince<br \/>\n\u2022 Serkan T\u0131nmaz<br \/>\n\u2022 G\u00f6zde T\u00fcrker<br \/>\n\u2022 Eslem Akar<br \/>\n\u2022 Bur\u00e7 K\u00fcmbetlio\u011flu<br \/>\n\u2022 Onur B\u00fcy\u00fcktop\u00e7u<br \/>\n\u2022 Hivda Zizan Alp<br \/>\n\u2022 G\u00f6kay M\u00fcft\u00fco\u011flu<br \/>\n\u2022 Eda G\u00fcrkaynak<br \/>\n\u2022 Sel\u00e7uk Borak<br \/>\n\u2022 \u00d6zge Demirci<br \/>\n\u2022 O\u011fuzhan \u015eener<br \/>\n\u2022 Murat D\u00fcz<br \/>\n\u2022 Ay\u015fe Tunaboylu<br \/>\n\u2022 Levent \u00dclgen<\/p>\n<p>Bu geni\u015f oyuncu kadrosu, dizinin farkl\u0131 ya\u015f ve tarzlara hitap eden karakterleriyle daha da zengin bir yap\u0131m olaca\u011f\u0131n\u0131 g\u00f6steriyor.<\/p>\n<h3>\u0130LK TANITIM B\u00dcY\u00dcK \u0130LG\u0130 G\u00d6RD\u00dc<\/h3>\n<p><iframe loading=\"lazy\" title=\"YouTube video player\" src=\"https:\/\/www.youtube.com\/embed\/c05ZAe7IQY8?si=F1yy-_YVVOb5r0ok\" width=\"560\" height=\"315\" frameborder=\"0\" allowfullscreen=\"allowfullscreen\"><\/iframe><\/p>\n<hr \/>\n<p>NOW TV\u2019nin resmi kanallar\u0131nda yay\u0131nlanan tan\u0131t\u0131m fragman\u0131, k\u0131sa s\u00fcrede b\u00fcy\u00fck bir ilgi toplad\u0131. \u0130zleyiciler, ba\u015frol oyuncular\u0131 aras\u0131ndaki kimyay\u0131 ve dizinin s\u0131cak atmosferini \u00f6ven yorumlar yapt\u0131. Sosyal medyada dizinin ismi \u015fimdiden trend listelerine girmeye ba\u015flad\u0131.<\/p>\n","protected":false},"excerpt":{"rendered":"<p>Yaz sezonunun iddial\u0131 projelerinden \u00c7ift Ki\u015filik Oda, izleyicilerle bulu\u015fmaya haz\u0131rlan\u0131yor. Ba\u015frollerinde Ula\u015f Tuna Astepe ve Devrim \u00d6zkan\u2019\u0131n yer ald\u0131\u011f\u0131 dizi, romantik ve e\u011flenceli hikayesiyle dikkat \u00e7ekiyor. Hem konusu hem de oyuncu kadrosuyla merak edilen dizi hakk\u0131nda \u201cNe zaman yay\u0131nlanacak?\u201d ve \u201cNereden izlenir?\u201d sorular\u0131 g\u00fcndemde. \u0130\u015fte detylar..<\/p>\n","protected":false},"author":28,"featured_media":159384,"comment_status":"closed","ping_status":"closed","sticky":false,"template":"","format":"standard","meta":{"rank_math_lock_modified_date":true,"footnotes":""},"categories":[602],"tags":[10275,17268],"class_list":["post-159354","post","type-post","status-publish","format-standard","has-post-thumbnail","hentry","category-diziler","tag-cift-kisilik-oda","tag-cift-kisilik-oda-ne-zaman"],"_links":{"self":[{"href":"https:\/\/www.tgrthaber.com\/mavikadin\/wp-json\/wp\/v2\/posts\/159354"}],"collection":[{"href":"https:\/\/www.tgrthaber.com\/mavikadin\/wp-json\/wp\/v2\/posts"}],"about":[{"href":"https:\/\/www.tgrthaber.com\/mavikadin\/wp-json\/wp\/v2\/types\/post"}],"author":[{"embeddable":true,"href":"https:\/\/www.tgrthaber.com\/mavikadin\/wp-json\/wp\/v2\/users\/28"}],"replies":[{"embeddable":true,"href":"https:\/\/www.tgrthaber.com\/mavikadin\/wp-json\/wp\/v2\/comments?post=159354"}],"version-history":[{"count":1,"href":"https:\/\/www.tgrthaber.com\/mavikadin\/wp-json\/wp\/v2\/posts\/159354\/revisions"}],"predecessor-version":[{"id":159388,"href":"https:\/\/www.tgrthaber.com\/mavikadin\/wp-json\/wp\/v2\/posts\/159354\/revisions\/159388"}],"wp:featuredmedia":[{"embeddable":true,"href":"https:\/\/www.tgrthaber.com\/mavikadin\/wp-json\/wp\/v2\/media\/159384"}],"wp:attachment":[{"href":"https:\/\/www.tgrthaber.com\/mavikadin\/wp-json\/wp\/v2\/media?parent=159354"}],"wp:term":[{"taxonomy":"category","embeddable":true,"href":"https:\/\/www.tgrthaber.com\/mavikadin\/wp-json\/wp\/v2\/categories?post=159354"},{"taxonomy":"post_tag","embeddable":true,"href":"https:\/\/www.tgrthaber.com\/mavikadin\/wp-json\/wp\/v2\/tags?post=159354"}],"curies":[{"name":"wp","href":"https:\/\/api.w.org\/{rel}","templated":true}]}}