{"id":159362,"date":"2025-04-09T10:25:51","date_gmt":"2025-04-09T07:25:51","guid":{"rendered":"https:\/\/www.tgrthaber.com\/mavikadin\/?p=159362"},"modified":"2025-04-09T10:26:16","modified_gmt":"2025-04-09T07:26:16","slug":"kral-kaybederse-son-bolumde-neler-oldu-kral-kaybederse-yeni-oyuncu-kim","status":"publish","type":"post","link":"https:\/\/www.tgrthaber.com\/mavikadin\/kral-kaybederse-son-bolumde-neler-oldu-kral-kaybederse-yeni-oyuncu-kim\/","title":{"rendered":"Kral Kaybederse son b\u00f6l\u00fcmde neler oldu? Kral Kaybederse yeni oyuncu kim?"},"content":{"rendered":"<p>Ekranlar\u0131n sevilen dizisi Kral Kaybederse, son b\u00f6l\u00fcm\u00fcyle izleyicileri ekran ba\u015f\u0131na kilitledi. D\u00fcn ak\u015fam yeni b\u00f6l\u00fcm\u00fcyle dikkat \u00e7eken Kral Kaybederse\u2019de Kenan ile Handan bir darg\u0131n bir bar\u0131\u015f\u0131k ili\u015fkilerini ya\u015famaya devam eder.<\/p>\n<h3>KRAL KAYBEDERSE SON B\u00d6L\u00dcMDE NELER OLDU?<\/h3>\n<p>\u00d6zlem&#8217;den gizledikleri ili\u015fkinin ne olaca\u011f\u0131 merak edilir. Bu s\u0131rada gizemli bir ki\u015fiden gelen isimsiz notlar ve aramalar ikilinin keyfini bozar. Beklenmedik geli\u015fmeler Handan\u2019\u0131n \u015f\u00fcphe duymas\u0131na neden olur. Kenan ise so\u011fukkanl\u0131l\u0131\u011f\u0131n\u0131 koruyarak \u015f\u00fcphelendi\u011fi ki\u015finin izini s\u00fcrer.<\/p>\n<p>\u00d6zlem&#8217;in amac\u0131 \u00e7ok a\u00e7\u0131kt\u0131r. Tek amac\u0131 Neslihan, G\u00fcl ve e\u015flerinin huzurunu bozmakt\u0131r. Olaylar ilerledik\u00e7e Handan\u2019\u0131n \u00fczerindeki bask\u0131 artar ve Kenan\u2019a harekete ge\u00e7melerini hat\u0131rlat\u0131r. Di\u011fer yandan Fadik ise yak\u0131n arkada\u015f\u0131 G\u00fclay&#8217;\u0131n kul\u00fcpte i\u015fe ba\u015flayaca\u011f\u0131n\u0131 \u00f6\u011frenince b\u00fcy\u00fck bir sevin\u00e7 ya\u015far.\u00a0 Ancak bu durum Banu\u2019nun Fadi\u2019ye kar\u015f\u0131 daha sert ve mesafeli davranmas\u0131na yol a\u00e7ar.<\/p>\n<p><img loading=\"lazy\" decoding=\"async\" class=\"alignnone size-full wp-image-159365\" src=\"https:\/\/www.tgrthaber.com\/mavikadin\/wp-content\/uploads\/Kral-Kaybederse-2-3.webp\" alt=\"\" width=\"1000\" height=\"596\" title=\"\" srcset=\"https:\/\/www.tgrthaber.com\/mavikadin\/wp-content\/uploads\/Kral-Kaybederse-2-3.webp 1000w, https:\/\/www.tgrthaber.com\/mavikadin\/wp-content\/uploads\/Kral-Kaybederse-2-3-300x179.webp 300w, https:\/\/www.tgrthaber.com\/mavikadin\/wp-content\/uploads\/Kral-Kaybederse-2-3-768x458.webp 768w\" sizes=\"(max-width: 1000px) 100vw, 1000px\" \/><\/p>\n<hr \/>\n<h3>KRAL KAYBEDERSE YEN\u0130 OYUNCU K\u0130M?<\/h3>\n<p>G\u00fclseren Buday\u0131c\u0131o\u011flu&#8217;nun ayn\u0131 adl\u0131 eserinden uyarlanan Kral Kaybederse dizisinde ba\u015frolleri Halit Ergen\u00e7, Asl\u0131han G\u00fcrb\u00fcz ve Merve Dizdar payla\u015f\u0131yor. Dizinin g\u00fc\u00e7l\u00fc oyuncu kadrosuna M\u00fcjde Uzman dahil edildi. Yeni b\u00f6l\u00fcmleriyle sal\u0131 ak\u015famlar\u0131 izleyiciyi ekran ba\u015f\u0131na kilitleyen dizide M\u00fcjde Uzman\u2019\u0131n performans\u0131 \u015fimdiden merak konusu oldu. K\u0131z\u0131lc\u0131k \u015eerbeti ile geni\u015f bir hayran kitlesine ula\u015fan M\u00fcjde Uzman hangi rolde olacak ara\u015ft\u0131r\u0131lmaya ba\u015fland\u0131.<\/p>\n<h3><img loading=\"lazy\" decoding=\"async\" class=\"alignnone size-full wp-image-159364\" src=\"https:\/\/www.tgrthaber.com\/mavikadin\/wp-content\/uploads\/Kral-Kaybederse-1-3.webp\" alt=\"\" width=\"1000\" height=\"596\" title=\"\" srcset=\"https:\/\/www.tgrthaber.com\/mavikadin\/wp-content\/uploads\/Kral-Kaybederse-1-3.webp 1000w, https:\/\/www.tgrthaber.com\/mavikadin\/wp-content\/uploads\/Kral-Kaybederse-1-3-300x179.webp 300w, https:\/\/www.tgrthaber.com\/mavikadin\/wp-content\/uploads\/Kral-Kaybederse-1-3-768x458.webp 768w\" sizes=\"(max-width: 1000px) 100vw, 1000px\" \/><\/h3>\n<hr \/>\n<h3>M\u00dcJDE UZMAN K\u0130MD\u0130R?<\/h3>\n<p>26 Eyl\u00fcl 1984 tarihinde \u0130stanbul\u2019da d\u00fcnyaya gelen M\u00fcjde Uzman, 2001\u2018de Elite Model Look yar\u0131\u015fmas\u0131n\u0131 birinci olarak tamamlad\u0131.<\/p>\n<p>Ard\u0131ndan m\u00fczik kanallar\u0131nda sunuculuk ve VJ&#8217;lik yapt\u0131.<\/p>\n<p>Uzman oyunculuk kariyerine 2008 y\u0131l\u0131nda yay\u0131nlanan Parampar\u00e7a A\u015fklar adl\u0131 diziyle ba\u015flad\u0131.<\/p>\n<p><img loading=\"lazy\" decoding=\"async\" class=\"alignnone size-full wp-image-159369\" src=\"https:\/\/www.tgrthaber.com\/mavikadin\/wp-content\/uploads\/Mujde-Uzman.png\" alt=\"\" width=\"1208\" height=\"680\" title=\"\" srcset=\"https:\/\/www.tgrthaber.com\/mavikadin\/wp-content\/uploads\/Mujde-Uzman.png 1208w, https:\/\/www.tgrthaber.com\/mavikadin\/wp-content\/uploads\/Mujde-Uzman-300x169.png 300w, https:\/\/www.tgrthaber.com\/mavikadin\/wp-content\/uploads\/Mujde-Uzman-1024x576.png 1024w, https:\/\/www.tgrthaber.com\/mavikadin\/wp-content\/uploads\/Mujde-Uzman-768x432.png 768w\" sizes=\"(max-width: 1208px) 100vw, 1208px\" \/><\/p>\n<hr \/>\n<p>2010 y\u0131l\u0131nda Kapal\u0131\u00e7ar\u015f\u0131 ve A\u015fk Bir Hayal dizilerinde konuk oyuncu olarak oynad\u0131.<\/p>\n<p>Kiral\u0131k A\u015fk, Muhte\u015fem Y\u00fczy\u0131l, E\u015fk\u0131ya D\u00fcnyaya H\u00fck\u00fcmdar Olmaz gibi dizilerin oyuncu kadrosunda yer ald\u0131.<\/p>\n<p>Uzman son olarak Show TV&#8217;de yay\u0131mlanan K\u0131z\u0131lc\u0131k \u015eerbeti adl\u0131 dizide &#8220;Alev Arslan&#8221; karakterini \u00fcstlendi.<\/p>\n<p>&nbsp;<\/p>\n","protected":false},"excerpt":{"rendered":"<p>Kral Kaybederse son b\u00f6l\u00fcmde neler oldu? merak konusu oldu. Yeni oyuncular\u0131n dahil oldu\u011fu dizi 8. b\u00f6l\u00fcm\u00fcyle ekranlara geldi.<\/p>\n","protected":false},"author":5,"featured_media":159370,"comment_status":"closed","ping_status":"closed","sticky":false,"template":"","format":"standard","meta":{"rank_math_lock_modified_date":false,"footnotes":""},"categories":[602],"tags":[2628,2193,3759],"class_list":["post-159362","post","type-post","status-publish","format-standard","has-post-thumbnail","hentry","category-diziler","tag-dizi-haberleri","tag-kral-kaybederse","tag-mujde-uzman"],"_links":{"self":[{"href":"https:\/\/www.tgrthaber.com\/mavikadin\/wp-json\/wp\/v2\/posts\/159362"}],"collection":[{"href":"https:\/\/www.tgrthaber.com\/mavikadin\/wp-json\/wp\/v2\/posts"}],"about":[{"href":"https:\/\/www.tgrthaber.com\/mavikadin\/wp-json\/wp\/v2\/types\/post"}],"author":[{"embeddable":true,"href":"https:\/\/www.tgrthaber.com\/mavikadin\/wp-json\/wp\/v2\/users\/5"}],"replies":[{"embeddable":true,"href":"https:\/\/www.tgrthaber.com\/mavikadin\/wp-json\/wp\/v2\/comments?post=159362"}],"version-history":[{"count":1,"href":"https:\/\/www.tgrthaber.com\/mavikadin\/wp-json\/wp\/v2\/posts\/159362\/revisions"}],"predecessor-version":[{"id":159371,"href":"https:\/\/www.tgrthaber.com\/mavikadin\/wp-json\/wp\/v2\/posts\/159362\/revisions\/159371"}],"wp:featuredmedia":[{"embeddable":true,"href":"https:\/\/www.tgrthaber.com\/mavikadin\/wp-json\/wp\/v2\/media\/159370"}],"wp:attachment":[{"href":"https:\/\/www.tgrthaber.com\/mavikadin\/wp-json\/wp\/v2\/media?parent=159362"}],"wp:term":[{"taxonomy":"category","embeddable":true,"href":"https:\/\/www.tgrthaber.com\/mavikadin\/wp-json\/wp\/v2\/categories?post=159362"},{"taxonomy":"post_tag","embeddable":true,"href":"https:\/\/www.tgrthaber.com\/mavikadin\/wp-json\/wp\/v2\/tags?post=159362"}],"curies":[{"name":"wp","href":"https:\/\/api.w.org\/{rel}","templated":true}]}}