{"id":159366,"date":"2025-04-09T11:01:43","date_gmt":"2025-04-09T08:01:43","guid":{"rendered":"https:\/\/www.tgrthaber.com\/mavikadin\/?p=159366"},"modified":"2025-04-09T11:56:53","modified_gmt":"2025-04-09T08:56:53","slug":"cift-kisilik-oda-nilufer-kimdir-cift-kisilik-oda-nilufer-yasi-kac-ailesi-kim","status":"publish","type":"post","link":"https:\/\/www.tgrthaber.com\/mavikadin\/cift-kisilik-oda-nilufer-kimdir-cift-kisilik-oda-nilufer-yasi-kac-ailesi-kim\/","title":{"rendered":"\u00c7ift Ki\u015filik Oda Nil\u00fcfer kimdir? \u00c7ift Ki\u015filik Oda Nil\u00fcfer ya\u015f\u0131 ka\u00e7 ailesi kim?"},"content":{"rendered":"<p>NOW\u2019 da yay\u0131nlanacak olan \u2018\u00c7ift Ki\u015filik Oda\u2019 dizisinin ilk fragman\u0131 yay\u0131nland\u0131. Seyircisi ile bulu\u015fan tan\u0131t\u0131m hem oyuncu kadrosu hem de senaryosu ile \u015fimdiden merak uyand\u0131rd\u0131. Nil\u00fcfer karakteri merak edilen isimlerden biri oldu. Seyir zevki y\u00fcksek olaca\u011f\u0131 d\u00fc\u015f\u00fcn\u00fclen dizi, izleyicilere hem romantik hem de samimi bir yap\u0131m olarak kar\u015f\u0131s\u0131na \u00e7\u0131k\u0131yor. Yeni b\u00f6l\u00fcmleri ile ekrana gelecek olan dizi sezona damga vurmaya haz\u0131rlan\u0131yor. \u0130\u015fte merak edilen dizinin karakteri Nil\u00fcfer\u2026<\/p>\n<h3>\u00c7\u0130FT K\u0130\u015e\u0130L\u0130K ODA N\u0130L\u00dcFER K\u0130MD\u0130R?<\/h3>\n<p>Ekranlar\u0131n yeni dizisi \u2018\u00c7ift Ki\u015filik Oda\u2019 karakterleri ve hikayesiyle izleyicilerin be\u011fenisini kazanmay\u0131 planlarken, ba\u015frol oyuncular\u0131ndan Devrim \u00d6zkan da performans\u0131yla ad\u0131ndan s\u00f6z ettirecek. Dizide Nil\u00fcfer karakterini oynayan gen\u00e7 oyuncu, g\u00fc\u00e7l\u00fc oyunculu\u011fu ve sahnedeki ba\u015far\u0131lar\u0131yla be\u011fenilen bir isim.<\/p>\n<p><img loading=\"lazy\" decoding=\"async\" class=\"alignnone wp-image-159392\" src=\"https:\/\/www.tgrthaber.com\/mavikadin\/wp-content\/uploads\/haber-gorselleri-fotoshop-2025-04-09T105712.212-1024x576.jpg\" alt=\"\u00c7ift Ki\u015filik Oda Nil\u00fcfer kimdir? \u00c7ift ki\u015filik Oda Nil\u00fcfer ya\u015f\u0131 ka\u00e7 ailesi kim?\" width=\"1208\" height=\"680\" title=\"\" srcset=\"https:\/\/www.tgrthaber.com\/mavikadin\/wp-content\/uploads\/haber-gorselleri-fotoshop-2025-04-09T105712.212-1024x576.jpg 1024w, https:\/\/www.tgrthaber.com\/mavikadin\/wp-content\/uploads\/haber-gorselleri-fotoshop-2025-04-09T105712.212-300x169.jpg 300w, https:\/\/www.tgrthaber.com\/mavikadin\/wp-content\/uploads\/haber-gorselleri-fotoshop-2025-04-09T105712.212-768x432.jpg 768w, https:\/\/www.tgrthaber.com\/mavikadin\/wp-content\/uploads\/haber-gorselleri-fotoshop-2025-04-09T105712.212-1536x864.jpg 1536w, https:\/\/www.tgrthaber.com\/mavikadin\/wp-content\/uploads\/haber-gorselleri-fotoshop-2025-04-09T105712.212.jpg 1600w\" sizes=\"(max-width: 1208px) 100vw, 1208px\" \/><\/p>\n<hr \/>\n<p>Devrim \u00d6zkan, 1998 y\u0131l\u0131nda Mu\u011fla\u2019da d\u00fcnyaya geldi. Bir\u00e7ok yap\u0131mda rol alan \u00d6zkan, ba\u015far\u0131l\u0131 oyunculu\u011fu ile kendini kan\u0131tlamay\u0131 ba\u015fard\u0131. \u0130lk olarak &#8216;R\u00fcya&#8217; adl\u0131 diziyle oyunculuk kariyerine ad\u0131m atan \u00d6zkan, &#8216;Vatan\u0131m Sensin&#8217;, &#8216;Vuslat&#8217; ve &#8216;Gelsin Hayat Bildi\u011fi Gibi&#8217; gibi projelerde de ba\u015far\u0131l\u0131 performanslar sergiledi.<\/p>\n<h3><img loading=\"lazy\" decoding=\"async\" class=\"alignnone wp-image-159391\" src=\"https:\/\/www.tgrthaber.com\/mavikadin\/wp-content\/uploads\/haber-gorselleri-fotoshop-2025-04-09T105728.802-1024x576.jpg\" alt=\"\u00c7ift Ki\u015filik Oda Nil\u00fcfer kimdir? \u00c7ift ki\u015filik Oda Nil\u00fcfer ya\u015f\u0131 ka\u00e7 ailesi kim?\" width=\"1208\" height=\"680\" title=\"\" srcset=\"https:\/\/www.tgrthaber.com\/mavikadin\/wp-content\/uploads\/haber-gorselleri-fotoshop-2025-04-09T105728.802-1024x576.jpg 1024w, https:\/\/www.tgrthaber.com\/mavikadin\/wp-content\/uploads\/haber-gorselleri-fotoshop-2025-04-09T105728.802-300x169.jpg 300w, https:\/\/www.tgrthaber.com\/mavikadin\/wp-content\/uploads\/haber-gorselleri-fotoshop-2025-04-09T105728.802-768x432.jpg 768w, https:\/\/www.tgrthaber.com\/mavikadin\/wp-content\/uploads\/haber-gorselleri-fotoshop-2025-04-09T105728.802-1536x864.jpg 1536w, https:\/\/www.tgrthaber.com\/mavikadin\/wp-content\/uploads\/haber-gorselleri-fotoshop-2025-04-09T105728.802.jpg 1600w\" sizes=\"(max-width: 1208px) 100vw, 1208px\" \/><\/h3>\n<hr \/>\n<h3>\u00c7\u0130FT K\u0130\u015e\u0130L\u0130K ODA N\u0130L\u00dcFER YA\u015eI KA\u00c7?<\/h3>\n<p>Devrim \u00d6zkan, oyunculuk kariyerinde h\u0131zl\u0131 bir \u00e7\u0131k\u0131\u015f yakalad\u0131. \u2018Vatan\u0131m Sensin\u2019 dizisinde rol alarak d\u00f6nem dizilerinde kendini kan\u0131tlama f\u0131rsat\u0131 yakalad\u0131. Onun as\u0131l \u00e7\u0131k\u0131\u015f yapmas\u0131n\u0131 sa\u011flayan ise 2022 y\u0131l\u0131nda yay\u0131nlanan \u2018Gelsin Hayat Bildi\u011fi Gibi\u2019 dizisinde \u201cSong\u00fcl Acarerk\u201d karakteri oldu. \u00d6zkan, hen\u00fcz 27 ya\u015f\u0131nda olmas\u0131na ra\u011fmen bir\u00e7ok yap\u0131mda rol alarak tecr\u00fcbesini katlad\u0131.<\/p>\n<h3><img loading=\"lazy\" decoding=\"async\" class=\"alignnone wp-image-159389\" src=\"https:\/\/www.tgrthaber.com\/mavikadin\/wp-content\/uploads\/haber-gorselleri-fotoshop-2025-04-09T105809.059-1024x576.jpg\" alt=\"\u00c7ift Ki\u015filik Oda Nil\u00fcfer kimdir? \u00c7ift ki\u015filik Oda Nil\u00fcfer ya\u015f\u0131 ka\u00e7 ailesi kim?\" width=\"1208\" height=\"680\" title=\"\" srcset=\"https:\/\/www.tgrthaber.com\/mavikadin\/wp-content\/uploads\/haber-gorselleri-fotoshop-2025-04-09T105809.059-1024x576.jpg 1024w, https:\/\/www.tgrthaber.com\/mavikadin\/wp-content\/uploads\/haber-gorselleri-fotoshop-2025-04-09T105809.059-300x169.jpg 300w, https:\/\/www.tgrthaber.com\/mavikadin\/wp-content\/uploads\/haber-gorselleri-fotoshop-2025-04-09T105809.059-768x432.jpg 768w, https:\/\/www.tgrthaber.com\/mavikadin\/wp-content\/uploads\/haber-gorselleri-fotoshop-2025-04-09T105809.059-1536x864.jpg 1536w, https:\/\/www.tgrthaber.com\/mavikadin\/wp-content\/uploads\/haber-gorselleri-fotoshop-2025-04-09T105809.059.jpg 1600w\" sizes=\"(max-width: 1208px) 100vw, 1208px\" \/><\/h3>\n<hr \/>\n<h3>\u00c7\u0130FT K\u0130\u015e\u0130L\u0130K ODA N\u0130L\u00dcFER A\u0130LES\u0130 K\u0130M?<\/h3>\n<p>Dizide Nil\u00fcfer\u2019in hayat\u0131ndaki en \u00f6nemli fig\u00fcrlerden biri ise anneannesi M\u00fcnevver. Bu karakteri deneyimli oyuncu Ay\u015fe Tunaboylu oynuyor. \u00d6zkan ile Tunaboylu\u2019nun ekran uyumu, izleyicilerden tam not almay\u0131 hedefliyor. Nil\u00fcfer\u2019in ge\u00e7mi\u015fi ve ailesiyle olan ba\u011f\u0131 da dizinin en merak edilen konular\u0131ndan biri haline geldi.<\/p>\n<p><img loading=\"lazy\" decoding=\"async\" class=\"alignnone wp-image-159390\" src=\"https:\/\/www.tgrthaber.com\/mavikadin\/wp-content\/uploads\/haber-gorselleri-fotoshop-2025-04-09T105745.415-1024x576.jpg\" alt=\"\u00c7ift Ki\u015filik Oda Nil\u00fcfer kimdir? \u00c7ift ki\u015filik Oda Nil\u00fcfer ya\u015f\u0131 ka\u00e7 ailesi kim?\" width=\"1208\" height=\"680\" title=\"\" srcset=\"https:\/\/www.tgrthaber.com\/mavikadin\/wp-content\/uploads\/haber-gorselleri-fotoshop-2025-04-09T105745.415-1024x576.jpg 1024w, https:\/\/www.tgrthaber.com\/mavikadin\/wp-content\/uploads\/haber-gorselleri-fotoshop-2025-04-09T105745.415-300x169.jpg 300w, https:\/\/www.tgrthaber.com\/mavikadin\/wp-content\/uploads\/haber-gorselleri-fotoshop-2025-04-09T105745.415-768x432.jpg 768w, https:\/\/www.tgrthaber.com\/mavikadin\/wp-content\/uploads\/haber-gorselleri-fotoshop-2025-04-09T105745.415-1536x864.jpg 1536w, https:\/\/www.tgrthaber.com\/mavikadin\/wp-content\/uploads\/haber-gorselleri-fotoshop-2025-04-09T105745.415.jpg 1600w\" sizes=\"(max-width: 1208px) 100vw, 1208px\" \/><\/p>\n<hr \/>\n<p>Devrim \u00d6zkan\u2019\u0131n \u00f6zel hayat\u0131 da zaman zaman magazin g\u00fcndeminde yer buluyor. Galatasarayl\u0131 futbolcu Lucas Torreira ile ya\u015fad\u0131\u011f\u0131 ili\u015fki bir d\u00f6nem \u00e7ok konu\u015fulsa da oyuncu bu konuda a\u00e7\u0131klama yapmamay\u0131 tercih ederek kariyerine odakland\u0131\u011f\u0131n\u0131 g\u00f6sterdi.<\/p>\n","protected":false},"excerpt":{"rendered":"<p>NOW TV\u2019nin iddial\u0131 yap\u0131mlar\u0131ndan biri olaca\u011f\u0131 d\u00fc\u015f\u00fcn\u00fclen ve seyircisi ile bulu\u015fmaya g\u00fcn sayan \u2018\u00c7ift Ki\u015filik Oda\u2019 dizisi fragman\u0131 yay\u0131nland\u0131. Yaz aylar\u0131n\u0131n sevilecek olmas\u0131 beklenen yap\u0131m hem senaryosu hem de oyuncu kadrosuyla dikkatleri \u00fczerine \u00e7ekti. Peki, \u00c7ift Ki\u015filik Oda Nil\u00fcfer kimdir? \u00c7ift ki\u015filik Oda Nil\u00fcfer ya\u015f\u0131 ka\u00e7, ailesi kim? sorular\u0131n\u0131 sizler i\u00e7in ara\u015ft\u0131rd\u0131k\u2026<\/p>\n","protected":false},"author":34,"featured_media":159393,"comment_status":"closed","ping_status":"closed","sticky":false,"template":"","format":"standard","meta":{"rank_math_lock_modified_date":false,"footnotes":""},"categories":[491],"tags":[16521,10275,17269,17270,17271,159,1089],"class_list":["post-159366","post","type-post","status-publish","format-standard","has-post-thumbnail","hentry","category-biyografi","tag-biyografi-haberleri","tag-cift-kisilik-oda","tag-cift-kisilik-oda-dizi","tag-cift-kisilik-oda-nilufer","tag-cift-kisilik-oda-nilufer-kimdir","tag-devrim-ozkan","tag-nilufer"],"_links":{"self":[{"href":"https:\/\/www.tgrthaber.com\/mavikadin\/wp-json\/wp\/v2\/posts\/159366"}],"collection":[{"href":"https:\/\/www.tgrthaber.com\/mavikadin\/wp-json\/wp\/v2\/posts"}],"about":[{"href":"https:\/\/www.tgrthaber.com\/mavikadin\/wp-json\/wp\/v2\/types\/post"}],"author":[{"embeddable":true,"href":"https:\/\/www.tgrthaber.com\/mavikadin\/wp-json\/wp\/v2\/users\/34"}],"replies":[{"embeddable":true,"href":"https:\/\/www.tgrthaber.com\/mavikadin\/wp-json\/wp\/v2\/comments?post=159366"}],"version-history":[{"count":2,"href":"https:\/\/www.tgrthaber.com\/mavikadin\/wp-json\/wp\/v2\/posts\/159366\/revisions"}],"predecessor-version":[{"id":159436,"href":"https:\/\/www.tgrthaber.com\/mavikadin\/wp-json\/wp\/v2\/posts\/159366\/revisions\/159436"}],"wp:featuredmedia":[{"embeddable":true,"href":"https:\/\/www.tgrthaber.com\/mavikadin\/wp-json\/wp\/v2\/media\/159393"}],"wp:attachment":[{"href":"https:\/\/www.tgrthaber.com\/mavikadin\/wp-json\/wp\/v2\/media?parent=159366"}],"wp:term":[{"taxonomy":"category","embeddable":true,"href":"https:\/\/www.tgrthaber.com\/mavikadin\/wp-json\/wp\/v2\/categories?post=159366"},{"taxonomy":"post_tag","embeddable":true,"href":"https:\/\/www.tgrthaber.com\/mavikadin\/wp-json\/wp\/v2\/tags?post=159366"}],"curies":[{"name":"wp","href":"https:\/\/api.w.org\/{rel}","templated":true}]}}