{"id":159395,"date":"2025-04-09T11:04:59","date_gmt":"2025-04-09T08:04:59","guid":{"rendered":"https:\/\/www.tgrthaber.com\/mavikadin\/?p=159395"},"modified":"2025-04-09T11:21:49","modified_gmt":"2025-04-09T08:21:49","slug":"kurulus-osman-dizisinde-osman-bey-tehdit-altinda-kurulus-osman-yeni-bolum-bu-aksam-var-mi","status":"publish","type":"post","link":"https:\/\/www.tgrthaber.com\/mavikadin\/kurulus-osman-dizisinde-osman-bey-tehdit-altinda-kurulus-osman-yeni-bolum-bu-aksam-var-mi\/","title":{"rendered":"Kurulu\u015f Osman dizisinde Osman Bey tehdit alt\u0131nda! Kurulu\u015f Osman yeni b\u00f6l\u00fcm bu ak\u015fam var m\u0131?"},"content":{"rendered":"<p>Kurulu\u015f Osman dizisinin yeni b\u00f6l\u00fcm\u00fcn\u00fcn yay\u0131nlan\u0131p yay\u0131nlanmayaca\u011f\u0131 merak ediliyor. \u00c7ar\u015famba g\u00fcnleri ekranlara gelen dizi 187. b\u00f6l\u00fcm\u00fcyle yay\u0131nlanacak.<\/p>\n<h3>KURULU\u015e OSMAN D\u0130Z\u0130S\u0130NDE OSMAN BEY TEHD\u0130T ALTINDA!<\/h3>\n<p>Bu ak\u015fam izleyicisiyle bulu\u015fmaya haz\u0131rlanan Kurulu\u015f Osman dizisinde Osman Bey tehditlerle y\u00fcz y\u00fcze geliyor. ATV ekranlar\u0131nda 6. sezonunda olan Kurulu\u015f Osman, nefesleri kesecek 187&#8217;inci b\u00f6l\u00fcm\u00fcyle 9 Nisan \u00c7ar\u015famba ak\u015fam\u0131 saat 20.00&#8217;da yay\u0131nlanacak.<\/p>\n<p><img loading=\"lazy\" decoding=\"async\" class=\"alignnone size-full wp-image-159399\" src=\"https:\/\/www.tgrthaber.com\/mavikadin\/wp-content\/uploads\/Kurulus-Osman-1-2.png\" alt=\"\" width=\"1208\" height=\"680\" title=\"\" srcset=\"https:\/\/www.tgrthaber.com\/mavikadin\/wp-content\/uploads\/Kurulus-Osman-1-2.png 1208w, https:\/\/www.tgrthaber.com\/mavikadin\/wp-content\/uploads\/Kurulus-Osman-1-2-300x169.png 300w, https:\/\/www.tgrthaber.com\/mavikadin\/wp-content\/uploads\/Kurulus-Osman-1-2-1024x576.png 1024w, https:\/\/www.tgrthaber.com\/mavikadin\/wp-content\/uploads\/Kurulus-Osman-1-2-768x432.png 768w\" sizes=\"(max-width: 1208px) 100vw, 1208px\" \/><\/p>\n<hr \/>\n<p>Osman Bey, obas\u0131n\u0131 geri alm\u0131\u015f ve yeni d\u00fczeni oturmak i\u00e7in harekete ge\u00e7mi\u015ftir. Ona inanan ki\u015filerin say\u0131s\u0131 giderek art\u0131\u015f g\u00f6steriyor. Hasan Alp ve Koca Bey gibi \u00f6nemli T\u00fcrkmen beyleri saflar\u0131na yer al\u0131yor. Ancak bu yeni nizam kurulurken hem i\u00e7 hem d\u0131\u015f olarak yeni tehditler devam eder.<\/p>\n<p><img loading=\"lazy\" decoding=\"async\" class=\"alignnone size-full wp-image-159397\" src=\"https:\/\/www.tgrthaber.com\/mavikadin\/wp-content\/uploads\/Kurulus-Osman-4.png\" alt=\"\" width=\"1208\" height=\"680\" title=\"\" srcset=\"https:\/\/www.tgrthaber.com\/mavikadin\/wp-content\/uploads\/Kurulus-Osman-4.png 1208w, https:\/\/www.tgrthaber.com\/mavikadin\/wp-content\/uploads\/Kurulus-Osman-4-300x169.png 300w, https:\/\/www.tgrthaber.com\/mavikadin\/wp-content\/uploads\/Kurulus-Osman-4-1024x576.png 1024w, https:\/\/www.tgrthaber.com\/mavikadin\/wp-content\/uploads\/Kurulus-Osman-4-768x432.png 768w\" sizes=\"(max-width: 1208px) 100vw, 1208px\" \/><\/p>\n<hr \/>\n<h3>OSMAN BEY&#8217;DEN B\u0130R KIZI VE B\u0130R O\u011eLU \u0130STEN\u0130R<\/h3>\n<p>Esenbike ve Sargun&#8217;un \u00f6l\u00fcm\u00fc sonras\u0131nda u\u00e7larda b\u00fcy\u00fck bir tehlike olu\u015fur. Olcaytu Han&#8217;\u0131n el\u00e7isi Ku\u00e7ar, bu \u00f6l\u00fcmlere kar\u015f\u0131l\u0131k olarak Osman Bey&#8217;den bir k\u0131z\u0131n\u0131 ve bir o\u011flunu ister.<br \/>\nOsman Bey\u2019in bu tehdite nas\u0131l kar\u015f\u0131l\u0131k verece\u011fi hen\u00fcz bilinmez. Ger\u00e7ek katilin kendisi olmad\u0131\u011f\u0131n\u0131 ispat edebilecek midir? merak ediliyor.<\/p>\n<h3>ORHAN VE ALAEDD\u0130N KAR\u015eI KAR\u015eIYA<\/h3>\n<p>Osman Bey, d\u0131\u015f tehditlerle sava\u015f\u0131rken hanedan\u0131n i\u00e7inde huzursuzluk ba\u015f g\u00f6sterir. \u015eehzade Orhan ve \u015eehzade Alaeddin aras\u0131ndaki kavga, giderek daha da devle\u015fir. \u0130ki karde\u015f aras\u0131ndaki bu \u00e7eki\u015fme gelecekte nelere yol a\u00e7acakt\u0131r bilinmez.<\/p>\n<p><img loading=\"lazy\" decoding=\"async\" class=\"alignnone size-full wp-image-159398\" src=\"https:\/\/www.tgrthaber.com\/mavikadin\/wp-content\/uploads\/Kurulus-Osman-5.png\" alt=\"\" width=\"1208\" height=\"680\" title=\"\" srcset=\"https:\/\/www.tgrthaber.com\/mavikadin\/wp-content\/uploads\/Kurulus-Osman-5.png 1208w, https:\/\/www.tgrthaber.com\/mavikadin\/wp-content\/uploads\/Kurulus-Osman-5-300x169.png 300w, https:\/\/www.tgrthaber.com\/mavikadin\/wp-content\/uploads\/Kurulus-Osman-5-1024x576.png 1024w, https:\/\/www.tgrthaber.com\/mavikadin\/wp-content\/uploads\/Kurulus-Osman-5-768x432.png 768w\" sizes=\"(max-width: 1208px) 100vw, 1208px\" \/><\/p>\n<hr \/>\n<h3>HAL\u0130ME TUZA\u011eIN ORTASINDA<\/h3>\n<p>Ku\u00e7ar ve Claudius&#8217;un gelmesiyle Sofia, oyununu yeniden yapar. Bu defa hedefinde Halime yer al\u0131r. Sofia, Halime&#8217;yi kullanarak b\u00fcy\u00fck plan\u0131 i\u00e7in ad\u0131m atar. Ger\u00e7e\u011fi \u00f6\u011frenen Halime Sofia&#8217;yla y\u00fczle\u015fmeye karar verir.<\/p>\n<p>Mehmet Bozda\u011f&#8217;\u0131n yap\u0131m ve proje tasar\u0131m\u0131n\u0131 \u00fcstlendi\u011fi Kurulu\u015f Osman yeni b\u00f6l\u00fcm\u00fcyle nefes kesmeye devam ediyor.<\/p>\n<p>Burak \u00d6z\u00e7ivit, \u00d6zge T\u00f6rer, Faruk Aran, Belgin \u015eim\u015fek gibi oyuncular\u0131n yer ald\u0131\u011f\u0131 Kurulu\u015f Osman dizisi \u015fimdiden ara\u015ft\u0131r\u0131lmaya ba\u015fland\u0131.<\/p>\n<h3>KURULU\u015e OSMAN YEN\u0130 B\u00d6L\u00dcM BU AK\u015eAM VAR MI?<\/h3>\n<p>Kurulu\u015f Osman bu ak\u015fam yeni b\u00f6l\u00fcm\u00fcyle ekranlara gelecek.<\/p>\n","protected":false},"excerpt":{"rendered":"<p>Kurulu\u015f Osman dizisinde Osman Bey tehdit alt\u0131ndad\u0131r. Alt\u0131nc\u0131 sezonunda da reytinglerin zirvesinde yer alan Kurulu\u015f Osman, \u00c7ar\u015famba g\u00fcnleri ekranlara gelmeye devam ediyor.<\/p>\n","protected":false},"author":5,"featured_media":159400,"comment_status":"closed","ping_status":"closed","sticky":false,"template":"","format":"standard","meta":{"rank_math_lock_modified_date":false,"footnotes":""},"categories":[602],"tags":[2628,3072],"class_list":["post-159395","post","type-post","status-publish","format-standard","has-post-thumbnail","hentry","category-diziler","tag-dizi-haberleri","tag-kurulus-osman"],"_links":{"self":[{"href":"https:\/\/www.tgrthaber.com\/mavikadin\/wp-json\/wp\/v2\/posts\/159395"}],"collection":[{"href":"https:\/\/www.tgrthaber.com\/mavikadin\/wp-json\/wp\/v2\/posts"}],"about":[{"href":"https:\/\/www.tgrthaber.com\/mavikadin\/wp-json\/wp\/v2\/types\/post"}],"author":[{"embeddable":true,"href":"https:\/\/www.tgrthaber.com\/mavikadin\/wp-json\/wp\/v2\/users\/5"}],"replies":[{"embeddable":true,"href":"https:\/\/www.tgrthaber.com\/mavikadin\/wp-json\/wp\/v2\/comments?post=159395"}],"version-history":[{"count":3,"href":"https:\/\/www.tgrthaber.com\/mavikadin\/wp-json\/wp\/v2\/posts\/159395\/revisions"}],"predecessor-version":[{"id":159404,"href":"https:\/\/www.tgrthaber.com\/mavikadin\/wp-json\/wp\/v2\/posts\/159395\/revisions\/159404"}],"wp:featuredmedia":[{"embeddable":true,"href":"https:\/\/www.tgrthaber.com\/mavikadin\/wp-json\/wp\/v2\/media\/159400"}],"wp:attachment":[{"href":"https:\/\/www.tgrthaber.com\/mavikadin\/wp-json\/wp\/v2\/media?parent=159395"}],"wp:term":[{"taxonomy":"category","embeddable":true,"href":"https:\/\/www.tgrthaber.com\/mavikadin\/wp-json\/wp\/v2\/categories?post=159395"},{"taxonomy":"post_tag","embeddable":true,"href":"https:\/\/www.tgrthaber.com\/mavikadin\/wp-json\/wp\/v2\/tags?post=159395"}],"curies":[{"name":"wp","href":"https:\/\/api.w.org\/{rel}","templated":true}]}}