{"id":159437,"date":"2025-04-09T12:04:51","date_gmt":"2025-04-09T09:04:51","guid":{"rendered":"https:\/\/www.tgrthaber.com\/mavikadin\/?p=159437"},"modified":"2025-04-09T12:04:51","modified_gmt":"2025-04-09T09:04:51","slug":"muge-anlida-ikinci-palu-ailesi-vakasi-ortalik-karistiracak-dolandiricilik","status":"publish","type":"post","link":"https:\/\/www.tgrthaber.com\/mavikadin\/muge-anlida-ikinci-palu-ailesi-vakasi-ortalik-karistiracak-dolandiricilik\/","title":{"rendered":"M\u00fcge Anl\u0131\u2019da ikinci Palu ailesi vakas\u0131! Ortal\u0131k kar\u0131\u015ft\u0131racak doland\u0131r\u0131c\u0131l\u0131k"},"content":{"rendered":"<p>M\u00fcge Anl\u0131\u2019da Palu ailesini aratmayan bir vaka i\u015fleniyor. \u0130lgin\u00e7 bir doland\u0131rma iddias\u0131yla programa kat\u0131lan \u0130smail Cevizci anlatt\u0131klar\u0131yla herkesi \u015fa\u015f\u0131rtt\u0131.<\/p>\n<h3>M\u00dcGE ANLI\u2019DA \u0130K\u0130NC\u0130 PALU A\u0130LES\u0130 VAKASI!<\/h3>\n<p>\u0130smail Cevizci, \u201cGelinimiz k\u0131l\u0131\u00e7 ve tas ile dini duygular\u0131m\u0131z\u0131 kulland\u0131&#8221; diyerek ya\u015fad\u0131klar\u0131n\u0131 anlatt\u0131.<\/p>\n<p>Hayal g\u00fcc\u00fcn\u00fc zorlayan \u015feyler anlatan Cevizci, &#8216;Kendini melek ilan eden gelinimiz bizi doland\u0131rd\u0131&#8217; dedi.<\/p>\n<div style=\"width: 640px;\" class=\"wp-video\"><!--[if lt IE 9]><script>document.createElement('video');<\/script><![endif]-->\n<video class=\"wp-video-shortcode\" id=\"video-159437-1\" width=\"640\" height=\"360\" preload=\"metadata\" controls=\"controls\"><source type=\"video\/mp4\" src=\"https:\/\/www.tgrthaber.com\/mavikadin\/wp-content\/uploads\/Muge-Anli-1.mp4?_=1\" \/><a href=\"https:\/\/www.tgrthaber.com\/mavikadin\/wp-content\/uploads\/Muge-Anli-1.mp4\">https:\/\/www.tgrthaber.com\/mavikadin\/wp-content\/uploads\/Muge-Anli-1.mp4<\/a><\/video><\/div>\n<hr \/>\n<p>M\u00fcge Anl\u0131\u2019n\u0131n program\u0131na \u00c7ank\u0131r\u0131&#8217;dan \u00e7\u0131k\u0131p gelen \u0130smail Cevizci, anlatt\u0131klar\u0131na g\u00f6re karde\u015finin 6 y\u0131l \u00f6nce evlendi\u011fi gelinleri t\u00fcm aileyi hurafelerle etkisi alt\u0131na ald\u0131.<\/p>\n<p>\u00c7ank\u0131r\u0131&#8217;dan \u00e7\u0131k\u0131p gelen \u0130smail Cevizci, s\u00f6yledi\u011fine g\u00f6re karde\u015finin 6 y\u0131l \u00f6nce evlendi\u011fi gelinleri t\u00fcm aileyi hurafelerle etkisi alt\u0131na alarak doland\u0131rm\u0131\u015ft\u0131.<\/p>\n<p><img loading=\"lazy\" decoding=\"async\" class=\"alignnone size-full wp-image-159439\" src=\"https:\/\/www.tgrthaber.com\/mavikadin\/wp-content\/uploads\/muge-anli-1.png\" alt=\"\" width=\"1208\" height=\"680\" title=\"\" srcset=\"https:\/\/www.tgrthaber.com\/mavikadin\/wp-content\/uploads\/muge-anli-1.png 1208w, https:\/\/www.tgrthaber.com\/mavikadin\/wp-content\/uploads\/muge-anli-1-300x169.png 300w, https:\/\/www.tgrthaber.com\/mavikadin\/wp-content\/uploads\/muge-anli-1-1024x576.png 1024w, https:\/\/www.tgrthaber.com\/mavikadin\/wp-content\/uploads\/muge-anli-1-768x432.png 768w\" sizes=\"(max-width: 1208px) 100vw, 1208px\" \/><\/p>\n<hr \/>\n<h3>\u201cBABAM NE B\u0130ZDEN NE \u00d6B\u00dcR TARAFTAN VAZGE\u00c7\u0130YOR\u201d<\/h3>\n<p>\u00c7ank\u0131r\u0131&#8217;dan \u00e7\u0131k\u0131p gelen \u0130smail Cevizci, M\u00fcge Anl\u0131\u2019dan yard\u0131m talep etti. \u201cB\u00fct\u00fcn aile asl\u0131nda bizim Palu ailesine benzer bir \u015fekilde bu \u015feye inanm\u0131\u015f. \u015eimdi senin baban neydi?\u201d diyen M\u00fcge Anl\u0131\u2019ya Cevizci, \u201cPeygamberimizin babas\u0131 oldu\u011funa inan\u0131yor mu buna yani valla \u015fu anda ne bizden vazge\u00e7ebiliyor ne \u00f6b\u00fcr taraftan vazge\u00e7ebiliyor.\u201d dedi.<\/p>\n<p>Babas\u0131n\u0131n bir \u015fekilde inand\u0131r\u0131ld\u0131\u011f\u0131n\u0131 anlatan Cevizci kendilerini mehdi olarak tan\u0131tt\u0131klar\u0131n\u0131 s\u00f6yleyince M\u00fcge Anl\u0131 da her 3 ki\u015fiden biri mehdi oluyor \u015feklinde \u00e7\u0131k\u0131\u015f yapt\u0131.<\/p>\n<p><img loading=\"lazy\" decoding=\"async\" class=\"alignnone size-full wp-image-159440\" src=\"https:\/\/www.tgrthaber.com\/mavikadin\/wp-content\/uploads\/muge-anli-2.png\" alt=\"\" width=\"1208\" height=\"680\" title=\"\" srcset=\"https:\/\/www.tgrthaber.com\/mavikadin\/wp-content\/uploads\/muge-anli-2.png 1208w, https:\/\/www.tgrthaber.com\/mavikadin\/wp-content\/uploads\/muge-anli-2-300x169.png 300w, https:\/\/www.tgrthaber.com\/mavikadin\/wp-content\/uploads\/muge-anli-2-1024x576.png 1024w, https:\/\/www.tgrthaber.com\/mavikadin\/wp-content\/uploads\/muge-anli-2-768x432.png 768w\" sizes=\"(max-width: 1208px) 100vw, 1208px\" \/><\/p>\n<hr \/>\n<h3>\u201cHAZRET-\u0130 \u00a0HAMZA\u2019NIN KILICI DED\u0130!\u201d<\/h3>\n<p>Kutu i\u00e7inde Hazret-i \u00a0Hamza\u2019n\u0131n k\u0131l\u0131c\u0131n\u0131n geldi\u011fini iddia eden gelin taraf\u0131 bu yollarla evlendi\u011fi ki\u015finin ailesini doland\u0131rmaya \u00e7al\u0131\u015ft\u0131.<\/p>\n<p>Cevizci, karde\u015fine k\u0131l\u0131\u00e7 verilmesi \u00fczerine muhafaza etmek i\u00e7in kutu yapt\u0131rd\u0131k deyince st\u00fcdyodaki seyirciler \u015fa\u015fk\u0131nl\u0131\u011f\u0131n\u0131 gizleyemedi.<\/p>\n<p>Gelinin k\u0131l\u0131\u00e7lar\u0131 bu \u015fekilde sunarak kendilerini kand\u0131rd\u0131\u011f\u0131n\u0131 s\u00f6yleyen Cevizci herkesi \u015fa\u015fk\u0131nl\u0131\u011fa u\u011fratt\u0131.<\/p>\n<p><img loading=\"lazy\" decoding=\"async\" class=\"alignnone size-full wp-image-159441\" src=\"https:\/\/www.tgrthaber.com\/mavikadin\/wp-content\/uploads\/muge-anli-4.png\" alt=\"\" width=\"1208\" height=\"680\" title=\"\" srcset=\"https:\/\/www.tgrthaber.com\/mavikadin\/wp-content\/uploads\/muge-anli-4.png 1208w, https:\/\/www.tgrthaber.com\/mavikadin\/wp-content\/uploads\/muge-anli-4-300x169.png 300w, https:\/\/www.tgrthaber.com\/mavikadin\/wp-content\/uploads\/muge-anli-4-1024x576.png 1024w, https:\/\/www.tgrthaber.com\/mavikadin\/wp-content\/uploads\/muge-anli-4-768x432.png 768w\" sizes=\"(max-width: 1208px) 100vw, 1208px\" \/><\/p>\n<hr \/>\n<p>Hayal g\u00fcc\u00fcn\u00fc zorlayan olaylar silsilesinde \u0130smail Cevizci kendisinin 14. melek oldu\u011funu s\u00f6yleyerek kand\u0131rd\u0131\u011f\u0131n\u0131 anlatt\u0131.<\/p>\n<p>Bize kendini melek ilan eden gelinimiz bizi doland\u0131rd\u0131 diyen Cevizci, &#8220;Naciye yukar\u0131dan emir geldi diyerek bir \u015feyler bize yapt\u0131rd\u0131lar. Bu paralar\u0131 melekler \u00fczerinden o kad\u0131na g\u00f6nderece\u011fim dedi. Biz de bu \u015fekilde ona \u00e7\u0131kart\u0131p teslim ettik paralar\u0131&#8221; \u015feklinde konu\u015ftu.<\/p>\n<p>&nbsp;<\/p>\n","protected":false},"excerpt":{"rendered":"<p>M\u00fcge Anl\u0131\u2019da ak\u0131llara durgunluk veren bir doland\u0131r\u0131c\u0131l\u0131k olay\u0131 ya\u015fand\u0131. Gelinlerinin kendisini k\u0131l\u0131\u00e7 ve ta\u015fla dini duygular\u0131 kullanarak doland\u0131rd\u0131\u011f\u0131n\u0131 anlatan \u0130smail Cevizci herkesi hayrete d\u00fc\u015f\u00fcrd\u00fc.<\/p>\n","protected":false},"author":5,"featured_media":159443,"comment_status":"closed","ping_status":"closed","sticky":false,"template":"","format":"standard","meta":{"rank_math_lock_modified_date":false,"footnotes":""},"categories":[76],"tags":[133,2453],"class_list":["post-159437","post","type-post","status-publish","format-standard","has-post-thumbnail","hentry","category-magazin","tag-magazin","tag-muge-anli"],"_links":{"self":[{"href":"https:\/\/www.tgrthaber.com\/mavikadin\/wp-json\/wp\/v2\/posts\/159437"}],"collection":[{"href":"https:\/\/www.tgrthaber.com\/mavikadin\/wp-json\/wp\/v2\/posts"}],"about":[{"href":"https:\/\/www.tgrthaber.com\/mavikadin\/wp-json\/wp\/v2\/types\/post"}],"author":[{"embeddable":true,"href":"https:\/\/www.tgrthaber.com\/mavikadin\/wp-json\/wp\/v2\/users\/5"}],"replies":[{"embeddable":true,"href":"https:\/\/www.tgrthaber.com\/mavikadin\/wp-json\/wp\/v2\/comments?post=159437"}],"version-history":[{"count":1,"href":"https:\/\/www.tgrthaber.com\/mavikadin\/wp-json\/wp\/v2\/posts\/159437\/revisions"}],"predecessor-version":[{"id":159444,"href":"https:\/\/www.tgrthaber.com\/mavikadin\/wp-json\/wp\/v2\/posts\/159437\/revisions\/159444"}],"wp:featuredmedia":[{"embeddable":true,"href":"https:\/\/www.tgrthaber.com\/mavikadin\/wp-json\/wp\/v2\/media\/159443"}],"wp:attachment":[{"href":"https:\/\/www.tgrthaber.com\/mavikadin\/wp-json\/wp\/v2\/media?parent=159437"}],"wp:term":[{"taxonomy":"category","embeddable":true,"href":"https:\/\/www.tgrthaber.com\/mavikadin\/wp-json\/wp\/v2\/categories?post=159437"},{"taxonomy":"post_tag","embeddable":true,"href":"https:\/\/www.tgrthaber.com\/mavikadin\/wp-json\/wp\/v2\/tags?post=159437"}],"curies":[{"name":"wp","href":"https:\/\/api.w.org\/{rel}","templated":true}]}}