{"id":159453,"date":"2025-04-09T12:50:41","date_gmt":"2025-04-09T09:50:41","guid":{"rendered":"https:\/\/www.tgrthaber.com\/mavikadin\/?p=159453"},"modified":"2025-04-09T12:50:42","modified_gmt":"2025-04-09T09:50:42","slug":"zeynep-sever-demirel-kizi-yasminin-son-halini-paylasti-minik-kizini-gogsunde-tasiyor","status":"publish","type":"post","link":"https:\/\/www.tgrthaber.com\/mavikadin\/zeynep-sever-demirel-kizi-yasminin-son-halini-paylasti-minik-kizini-gogsunde-tasiyor\/","title":{"rendered":"Zeynep Sever Demirel k\u0131z\u0131 Yasmin\u2019in son halini payla\u015ft\u0131! Minik k\u0131z\u0131n\u0131 g\u00f6\u011fs\u00fcnde ta\u015f\u0131yor"},"content":{"rendered":"<p>Volkan Demirel ile Zeynep Sever Demirel ge\u00e7ti\u011fimiz g\u00fcnlerde 3. K\u0131zlar\u0131n\u0131 kucaklar\u0131na alm\u0131\u015flard\u0131. K\u0131z\u0131n\u0131n son halini payla\u015fan Demirel sosyal medyada g\u00fcndem oldu.<\/p>\n<h3>ZEYNEP SEVER DEM\u0130REL KIZI YASM\u0130N\u2019\u0130N SON HAL\u0130N\u0130 PAYLA\u015eTI<\/h3>\n<p>Ge\u00e7ti\u011fimiz g\u00fcnlerde 3. Kez anne olan Zeynep Sever Demirel k\u0131z\u0131 Yasmin\u2019i payla\u015ft\u0131. Minik k\u0131z\u0131n\u0131 g\u00f6\u011fs\u00fcnde ta\u015f\u0131yan Demirel o anlar\u0131 takip\u00e7ilerinin be\u011fenisine sundu. 5 saat sanc\u0131 sonras\u0131 k\u0131z\u0131na kavu\u015fan Zeynep Sever Demirel yeni foto\u011fraf payla\u015f\u0131nca sosyal medyada g\u00fcndem oldu.<\/p>\n<p>Volkan Demirel ile 2010 y\u0131l\u0131nda evlenen Zeynep Sever Demirel, 2009 y\u0131l\u0131nda Miss Bel\u00e7ika g\u00fczellik yar\u0131\u015fmas\u0131nda birinci se\u00e7ilmi\u015fti. Ge\u00e7ti\u011fimiz hafta k\u0131zlar\u0131na kavu\u015fan Demirel \u00e7ifti k\u0131zlar\u0131na Yasmin ad\u0131n\u0131 verdi.<\/p>\n<p><img loading=\"lazy\" decoding=\"async\" class=\"alignnone size-full wp-image-159466\" src=\"https:\/\/www.tgrthaber.com\/mavikadin\/wp-content\/uploads\/Zeynep-Sever-Demirel-1.png\" alt=\"\" width=\"1208\" height=\"680\" title=\"\" srcset=\"https:\/\/www.tgrthaber.com\/mavikadin\/wp-content\/uploads\/Zeynep-Sever-Demirel-1.png 1208w, https:\/\/www.tgrthaber.com\/mavikadin\/wp-content\/uploads\/Zeynep-Sever-Demirel-1-300x169.png 300w, https:\/\/www.tgrthaber.com\/mavikadin\/wp-content\/uploads\/Zeynep-Sever-Demirel-1-1024x576.png 1024w, https:\/\/www.tgrthaber.com\/mavikadin\/wp-content\/uploads\/Zeynep-Sever-Demirel-1-768x432.png 768w\" sizes=\"(max-width: 1208px) 100vw, 1208px\" \/><\/p>\n<hr \/>\n<h3>\u201cYORGUN, UYKUSUZ AMA A\u015eIRI \u00c7OK A\u015eIK\u201d<\/h3>\n<p>Instagram g\u00f6nderisinde kuca\u011f\u0131nda bebe\u011fiyle poz veren Demirel, &#8220;Nabersiniz ya, g\u00f6r\u00fc\u015femiyoruz. Ben bir s\u00fcredir bu \u015fekildeyim. Yorgun, uykusuz ama a\u015f\u0131r\u0131 \u00e7ok a\u015f\u0131k.&#8221; dedi.<br \/>\nYeda ile Yade ad\u0131nda 2 k\u0131z\u0131 olan \u00e7ift \u00fc\u00e7\u00fcnc\u00fc k\u0131zlar\u0131na Yasmin ismini koydu.<\/p>\n<p><img loading=\"lazy\" decoding=\"async\" class=\"alignnone size-full wp-image-159456\" src=\"https:\/\/www.tgrthaber.com\/mavikadin\/wp-content\/uploads\/Zeynep-Sever-Demirel-4.png\" alt=\"\" width=\"1208\" height=\"680\" title=\"\" srcset=\"https:\/\/www.tgrthaber.com\/mavikadin\/wp-content\/uploads\/Zeynep-Sever-Demirel-4.png 1208w, https:\/\/www.tgrthaber.com\/mavikadin\/wp-content\/uploads\/Zeynep-Sever-Demirel-4-300x169.png 300w, https:\/\/www.tgrthaber.com\/mavikadin\/wp-content\/uploads\/Zeynep-Sever-Demirel-4-1024x576.png 1024w, https:\/\/www.tgrthaber.com\/mavikadin\/wp-content\/uploads\/Zeynep-Sever-Demirel-4-768x432.png 768w\" sizes=\"(max-width: 1208px) 100vw, 1208px\" \/><\/p>\n<hr \/>\n<h3>&#8220;BU B\u0130Z\u0130M DO\u011eUM H\u0130KAYEM\u0130Z&#8221;<\/h3>\n<p>B\u00fcy\u00fck bir mutluluk ya\u015fayan Zeynep Demirel, do\u011fum s\u00fcrecini &#8220;Aylar \u00f6nce bir hamilelik g\u00fcnl\u00fc\u011f\u00fc ba\u015flatm\u0131\u015ft\u0131m buradan. Dilim yetti\u011fince kendi tecr\u00fcbelerimi payla\u015ft\u0131m, sizlerden de \u00e7ok g\u00fczel mesajlar, \u00f6neriler ald\u0131m, birbirimize destek olduk. Bu son video, bizim do\u011fum hikayemiz\u2026 Yasmin Han\u0131m (beni s\u00fcrekli hala do\u011furmad\u0131n m\u0131 diye darlamalar\u0131n\u0131za ra\u011fmen, ki ben de \u00e7ok darlanm\u0131\u015ft\u0131m art\u0131k) asl\u0131nda bekledi\u011fimiz tarihten 10 g\u00fcn kadar erken gelmeyi se\u00e7ti. Ben ikinci do\u011fumumu evde ve 20 dakikada yapm\u0131\u015f kad\u0131n\u0131m, &#8216;bunu 5 dakikada do\u011furur \u00e7\u0131kar\u0131m&#8217; diye b\u00f6b\u00fcrlenen anas\u0131na 5 saat sanc\u0131 \u00e7ektirerek (bu noktada m\u00fcbala\u011fas\u0131z anam a\u011flad\u0131 deyimi ger\u00e7ek olmu\u015ftur) yine \u00e7ok b\u00fcy\u00fck konu\u015ftun dedirtti&#8221; diye anlatm\u0131\u015ft\u0131.<\/p>\n<p><img loading=\"lazy\" decoding=\"async\" class=\"alignnone size-full wp-image-159457\" src=\"https:\/\/www.tgrthaber.com\/mavikadin\/wp-content\/uploads\/Zeynep-Sever-Demirel-5.png\" alt=\"\" width=\"1208\" height=\"680\" title=\"\" srcset=\"https:\/\/www.tgrthaber.com\/mavikadin\/wp-content\/uploads\/Zeynep-Sever-Demirel-5.png 1208w, https:\/\/www.tgrthaber.com\/mavikadin\/wp-content\/uploads\/Zeynep-Sever-Demirel-5-300x169.png 300w, https:\/\/www.tgrthaber.com\/mavikadin\/wp-content\/uploads\/Zeynep-Sever-Demirel-5-1024x576.png 1024w, https:\/\/www.tgrthaber.com\/mavikadin\/wp-content\/uploads\/Zeynep-Sever-Demirel-5-768x432.png 768w\" sizes=\"(max-width: 1208px) 100vw, 1208px\" \/><\/p>\n<hr \/>\n<h3>\u201cHER DO\u011eUM FARKLIYMI\u015e\u201d<\/h3>\n<p>Demirel, s\u00f6zlerine &#8220;Kendisi 4 kiloluk bir nur topu gibi olup, bana da verilmesi gereken nur topu gibi bir 25 kilo b\u0131rakarak, ve \u00f6nceki tecr\u00fcbelerime dair ne varsa bildi\u011fim hepsini alt \u00fcst ederek d\u00fcnyaya g\u00f6zlerini a\u00e7t\u0131. Evet doktorumun da dedi\u011fi gibi her do\u011fum farkl\u0131ym\u0131\u015f\u2026 Bana gelince, sanki ilk defa bu duygular\u0131 ya\u015f\u0131yor gibiyim, onu ne kuca\u011f\u0131mdan indiresim, ne de kimselere veresim var. Bir s\u00fcre yaka s\u00fcs\u00fcm gibi gezecek galiba benimle\u2026 \u0130stemeyenlere sonsuz sayg\u0131 duymakla beraber, Allah isteyen herkese nasip etsin diyorum&#8221; diye devam etmi\u015fti.<\/p>\n","protected":false},"excerpt":{"rendered":"<p>Eski Teknik Direkt\u00f6r Volkan Demirel ile e\u015fi Zeynep Sever Demirel ge\u00e7ti\u011fimiz g\u00fcnlerde 3. \u00c7ocuklar\u0131n\u0131 kuca\u011f\u0131na alm\u0131\u015ft\u0131. Zeynep Sever Demirel k\u0131z\u0131 Yasmin\u2019in son halini sosyal medya hesab\u0131ndan payla\u015ft\u0131.<\/p>\n","protected":false},"author":5,"featured_media":159465,"comment_status":"closed","ping_status":"closed","sticky":false,"template":"","format":"standard","meta":{"rank_math_lock_modified_date":false,"footnotes":""},"categories":[76],"tags":[133,2587,2586],"class_list":["post-159453","post","type-post","status-publish","format-standard","has-post-thumbnail","hentry","category-magazin","tag-magazin","tag-volkan-demirel","tag-zeynep-sever-demirel"],"_links":{"self":[{"href":"https:\/\/www.tgrthaber.com\/mavikadin\/wp-json\/wp\/v2\/posts\/159453"}],"collection":[{"href":"https:\/\/www.tgrthaber.com\/mavikadin\/wp-json\/wp\/v2\/posts"}],"about":[{"href":"https:\/\/www.tgrthaber.com\/mavikadin\/wp-json\/wp\/v2\/types\/post"}],"author":[{"embeddable":true,"href":"https:\/\/www.tgrthaber.com\/mavikadin\/wp-json\/wp\/v2\/users\/5"}],"replies":[{"embeddable":true,"href":"https:\/\/www.tgrthaber.com\/mavikadin\/wp-json\/wp\/v2\/comments?post=159453"}],"version-history":[{"count":2,"href":"https:\/\/www.tgrthaber.com\/mavikadin\/wp-json\/wp\/v2\/posts\/159453\/revisions"}],"predecessor-version":[{"id":159468,"href":"https:\/\/www.tgrthaber.com\/mavikadin\/wp-json\/wp\/v2\/posts\/159453\/revisions\/159468"}],"wp:featuredmedia":[{"embeddable":true,"href":"https:\/\/www.tgrthaber.com\/mavikadin\/wp-json\/wp\/v2\/media\/159465"}],"wp:attachment":[{"href":"https:\/\/www.tgrthaber.com\/mavikadin\/wp-json\/wp\/v2\/media?parent=159453"}],"wp:term":[{"taxonomy":"category","embeddable":true,"href":"https:\/\/www.tgrthaber.com\/mavikadin\/wp-json\/wp\/v2\/categories?post=159453"},{"taxonomy":"post_tag","embeddable":true,"href":"https:\/\/www.tgrthaber.com\/mavikadin\/wp-json\/wp\/v2\/tags?post=159453"}],"curies":[{"name":"wp","href":"https:\/\/api.w.org\/{rel}","templated":true}]}}