{"id":159508,"date":"2025-04-09T13:40:32","date_gmt":"2025-04-09T10:40:32","guid":{"rendered":"https:\/\/www.tgrthaber.com\/mavikadin\/?p=159508"},"modified":"2025-04-09T13:40:32","modified_gmt":"2025-04-09T10:40:32","slug":"sanki-kurbaga-bacagi-yedim-diyen-cagla-sikelden-tepki-16-saat-ac-kalanlar-var","status":"publish","type":"post","link":"https:\/\/www.tgrthaber.com\/mavikadin\/sanki-kurbaga-bacagi-yedim-diyen-cagla-sikelden-tepki-16-saat-ac-kalanlar-var\/","title":{"rendered":"&#8216;Sanki kurba\u011fa baca\u011f\u0131 yedim&#8217; diyen \u00c7a\u011fla \u015e\u0131kel&#8217;den tepki: 16 saat a\u00e7 kalanlar var!"},"content":{"rendered":"<p>Yak\u0131n zamanda magazin g\u00fcndemine konu olan 46 ya\u015f\u0131ndaki \u00fcnl\u00fc sunucu \u00c7a\u011fla \u015e\u0131kel, sosyal medya hesab\u0131ndan kahvalt\u0131 \u00f6\u011f\u00fcn\u00fcn\u00fc takip\u00e7ileriyle payla\u015fm\u0131\u015ft\u0131. Kahvalt\u0131 taba\u011f\u0131n\u0131n sadece kuruyemi\u015f ve birka\u00e7 ila\u00e7tan ibaret oldu\u011fu g\u00f6r\u00fclen \u00c7a\u011fla \u015e\u0131kel&#8217;in bu payla\u015f\u0131m\u0131 olay olmu\u015f ve bir s\u00fcre g\u00fcndemden ad\u0131n\u0131 d\u00fc\u015f\u00fcrmemi\u015fti.<\/p>\n<p>Kahvalt\u0131 taba\u011f\u0131 ile konu\u015fulmaya ba\u015flanan sunucu \u00c7a\u011fla \u015e\u0131kel, aradan ge\u00e7en zamandan sonra ilk kez o s\u0131ralar g\u00fcndem olan kahvalt\u0131 taba\u011f\u0131na y\u00f6nelik ele\u015ftirilerle ilgili konu\u015ftu.<\/p>\n<p>Kuruyemi\u015f ve ila\u00e7tan olu\u015fan kahvalt\u0131s\u0131na \u00e7ok say\u0131da yorum ya\u011fan sunucu \u015e\u0131kel&#8217;in tepkisi \u015fimdi ortaya \u00e7\u0131kt\u0131. \u0130\u015fte kahvalt\u0131 taba\u011f\u0131yla olay olan \u00c7a\u011fla \u015e\u0131kel&#8217;den gelen olumsuz ele\u015ftirilere cevap niteli\u011finde a\u00e7\u0131klamas\u0131&#8230;<\/p>\n<h3>KAHVALTI TABA\u011eIYLA SOSYAL MEDYAYI SALLAYAN \u00c7A\u011eLA \u015eIKEL&#8217;DEN CEVAP!<\/h3>\n<p>46 ya\u015f\u0131ndaki ekranlar\u0131n sevilen sunucusu \u00c7a\u011fla \u015e\u0131kel, magazin g\u00fcndeminden ismini d\u00fc\u015f\u00fcrmemeye sebep olan kahvalt\u0131 taba\u011f\u0131yla olay olmu\u015ftu.<\/p>\n<p><img loading=\"lazy\" decoding=\"async\" class=\"alignnone wp-image-159510\" src=\"https:\/\/www.tgrthaber.com\/mavikadin\/wp-content\/uploads\/66-9.png\" alt=\"\" width=\"1208\" height=\"872\" title=\"\" srcset=\"https:\/\/www.tgrthaber.com\/mavikadin\/wp-content\/uploads\/66-9.png 812w, https:\/\/www.tgrthaber.com\/mavikadin\/wp-content\/uploads\/66-9-300x217.png 300w, https:\/\/www.tgrthaber.com\/mavikadin\/wp-content\/uploads\/66-9-768x554.png 768w\" sizes=\"(max-width: 1208px) 100vw, 1208px\" \/><\/p>\n<hr \/>\n<p>Aktif kulland\u0131\u011f\u0131 sosyal medya hesab\u0131ndan takip\u00e7ileri ile kahvalt\u0131 \u00f6\u011f\u00fcn\u00fcn\u00fc payla\u015fan \u015e\u0131kel&#8217;in birka\u00e7 par\u00e7a \u00e7i\u011f kuruyemi\u015f ve be\u015f adet vitamin hap\u0131n\u0131n oldu\u011fu taba\u011f\u0131 ele\u015ftirilere yol a\u00e7m\u0131\u015ft\u0131.<\/p>\n<h3>\u00c7A\u011eLA \u015eIKEL: 16 SAAT A\u00c7 KALAN \u0130NSANLAR VAR!<\/h3>\n<p>Kahvalt\u0131 taba\u011f\u0131n\u0131 g\u00f6ren sosyal medya kullan\u0131c\u0131lar\u0131n yapt\u0131\u011f\u0131 olumsuz ele\u015ftirilerin ard\u0131ndan sunucu \u00c7a\u011fla \u015e\u0131kel, konuya y\u00f6nelik bir a\u00e7\u0131klama yapma gere\u011fi duydu.<\/p>\n<p><img loading=\"lazy\" decoding=\"async\" class=\"wp-image-139223\" src=\"https:\/\/www.tgrthaber.com\/mavikadin\/wp-content\/uploads\/cagla-sikel-3-3.jpg\" alt=\"\u00c7a\u011fla \u015e\u0131kel yeni a\u015fk\u0131 hakk\u0131nda konu\u015ftu!\" width=\"1208\" height=\"680\" title=\"\" srcset=\"https:\/\/www.tgrthaber.com\/mavikadin\/wp-content\/uploads\/cagla-sikel-3-3.jpg 1600w, https:\/\/www.tgrthaber.com\/mavikadin\/wp-content\/uploads\/cagla-sikel-3-3-300x169.jpg 300w, https:\/\/www.tgrthaber.com\/mavikadin\/wp-content\/uploads\/cagla-sikel-3-3-1024x576.jpg 1024w, https:\/\/www.tgrthaber.com\/mavikadin\/wp-content\/uploads\/cagla-sikel-3-3-768x432.jpg 768w, https:\/\/www.tgrthaber.com\/mavikadin\/wp-content\/uploads\/cagla-sikel-3-3-1536x864.jpg 1536w\" sizes=\"(max-width: 1208px) 100vw, 1208px\" \/><\/p>\n<hr \/>\n<p>Sosyal medyada alay konusu olup ele\u015ftirilen kahvalt\u0131 taba\u011f\u0131 i\u00e7in a\u00e7\u0131klama yapan \u00c7a\u011fla \u015e\u0131kel, &#8220;Sanki kurba\u011fa baca\u011f\u0131 yemi\u015fim gibi muamele yap\u0131ld\u0131. Bir \u00f6nceki ak\u015fam \u00e7ok ge\u00e7 saatte yemek yemek zorunda kalm\u0131\u015ft\u0131m. \u00d6yle zamanlarda sabah a\u00e7 uyanmazs\u0131n. Benim \u00f6yle g\u00fcnlerde kuruyemi\u015fle \u00f6\u011f\u00fcn ge\u00e7irdi\u011fim oluyor. Ya\u015f\u0131m gere\u011fi de vitamin al\u0131yorum. Olay olsun diye de\u011fil, tamamen do\u011fal bir \u015fekilde payla\u015ft\u0131m. Baz\u0131 g\u00fcnler hi\u00e7 kahvalt\u0131 etmeyen, 16 saat a\u00e7 kalan insanlar var&#8221; ifadesinde bulunarak tepkisini ifade etti.<\/p>\n","protected":false},"excerpt":{"rendered":"<p>Birka\u00e7 vitamin hap\u0131 ve kuruyemi\u015ften ibaret olan kahvalt\u0131 taba\u011f\u0131 ile uzun bir s\u00fcre g\u00fcndemden ad\u0131n\u0131 d\u00fc\u015f\u00fcrmeyen sunucu \u00c7a\u011fla \u015e\u0131kel&#8217;den ilk kez konuya y\u00f6nelik bir a\u00e7\u0131klama geldi.<\/p>\n","protected":false},"author":27,"featured_media":139217,"comment_status":"closed","ping_status":"closed","sticky":false,"template":"","format":"standard","meta":{"rank_math_lock_modified_date":false,"footnotes":""},"categories":[76],"tags":[2584,17290,17291,133],"class_list":["post-159508","post","type-post","status-publish","format-standard","has-post-thumbnail","hentry","category-magazin","tag-cagla-sikel","tag-cagla-sikel-kahvalti-tabagi","tag-cagla-sikel-zayiflama-sirri","tag-magazin"],"_links":{"self":[{"href":"https:\/\/www.tgrthaber.com\/mavikadin\/wp-json\/wp\/v2\/posts\/159508"}],"collection":[{"href":"https:\/\/www.tgrthaber.com\/mavikadin\/wp-json\/wp\/v2\/posts"}],"about":[{"href":"https:\/\/www.tgrthaber.com\/mavikadin\/wp-json\/wp\/v2\/types\/post"}],"author":[{"embeddable":true,"href":"https:\/\/www.tgrthaber.com\/mavikadin\/wp-json\/wp\/v2\/users\/27"}],"replies":[{"embeddable":true,"href":"https:\/\/www.tgrthaber.com\/mavikadin\/wp-json\/wp\/v2\/comments?post=159508"}],"version-history":[{"count":2,"href":"https:\/\/www.tgrthaber.com\/mavikadin\/wp-json\/wp\/v2\/posts\/159508\/revisions"}],"predecessor-version":[{"id":159512,"href":"https:\/\/www.tgrthaber.com\/mavikadin\/wp-json\/wp\/v2\/posts\/159508\/revisions\/159512"}],"wp:featuredmedia":[{"embeddable":true,"href":"https:\/\/www.tgrthaber.com\/mavikadin\/wp-json\/wp\/v2\/media\/139217"}],"wp:attachment":[{"href":"https:\/\/www.tgrthaber.com\/mavikadin\/wp-json\/wp\/v2\/media?parent=159508"}],"wp:term":[{"taxonomy":"category","embeddable":true,"href":"https:\/\/www.tgrthaber.com\/mavikadin\/wp-json\/wp\/v2\/categories?post=159508"},{"taxonomy":"post_tag","embeddable":true,"href":"https:\/\/www.tgrthaber.com\/mavikadin\/wp-json\/wp\/v2\/tags?post=159508"}],"curies":[{"name":"wp","href":"https:\/\/api.w.org\/{rel}","templated":true}]}}