{"id":159551,"date":"2025-04-09T15:56:06","date_gmt":"2025-04-09T12:56:06","guid":{"rendered":"https:\/\/www.tgrthaber.com\/mavikadin\/?p=159551"},"modified":"2025-04-09T15:56:06","modified_gmt":"2025-04-09T12:56:06","slug":"allan-hakko-kimdir-allan-hakko-vakkonun-sahibi-midir","status":"publish","type":"post","link":"https:\/\/www.tgrthaber.com\/mavikadin\/allan-hakko-kimdir-allan-hakko-vakkonun-sahibi-midir\/","title":{"rendered":"Allan Hakko kimdir? Allan Hakko Vakko&#8217;nun sahibi midir?"},"content":{"rendered":"<p>Son g\u00fcnlerde magazin d\u00fcnyas\u0131nda s\u0131k\u00e7a g\u00fcndeme gelen ve sosyal medya payla\u015f\u0131mlar\u0131yla dikkat \u00e7eken isimlerden biri olan Allan Hakko, insanlar taraf\u0131ndan merak edilen isimlerden oluyor. Sosyal medya fenomenlerinden olan Selin Ya\u011fc\u0131o\u011flu ile ya\u015fad\u0131klar\u0131 a\u015fk ile g\u00fcndeme gelen ikiliden ayr\u0131l\u0131k haberi gelmesi ile Allan Hakko\u2019nun kim oldu\u011fu ve i\u015finin ne oldu\u011fu merak edildi. \u0130\u015fte, Allan Hakko hakk\u0131nda bilgiler\u2026<\/p>\n<h3>ALLAN HAKKO K\u0130MD\u0130R?<\/h3>\n<p>Allan Hakko, Jeff ve Carole Hakko \u00e7iftinin o\u011flu olarak d\u00fcnyaya geldi. 1979 y\u0131l\u0131nda \u0130stanbul\u2019da d\u00fcnyaya gelen Hakko, Yahudi k\u00f6kenli bir aileden geliyor. Romina ile Pia ad\u0131nda da iki k\u0131z karde\u015fi bulunan Hakko, e\u011fitim hayat\u0131na \u0130stanbul\u2019da ba\u015flam\u0131\u015ft\u0131r. Lise \u00f6\u011frenimini \u0130svi\u00e7re\u2019deki Le Rosey okulunda tamamlam\u0131\u015ft\u0131r. \u0130ngiltere\u2019deki University of Nottingham\u2019da \u0130\u015fletme ve Ekonomi alan\u0131nda lisans e\u011fitimini alm\u0131\u015ft\u0131r.<\/p>\n<p><img loading=\"lazy\" decoding=\"async\" class=\"alignnone wp-image-159585\" src=\"https:\/\/www.tgrthaber.com\/mavikadin\/wp-content\/uploads\/haber-gorselleri-fotoshop-2025-04-09T155224.870-1024x576.jpg\" alt=\"\" width=\"1208\" height=\"680\" title=\"\" srcset=\"https:\/\/www.tgrthaber.com\/mavikadin\/wp-content\/uploads\/haber-gorselleri-fotoshop-2025-04-09T155224.870-1024x576.jpg 1024w, https:\/\/www.tgrthaber.com\/mavikadin\/wp-content\/uploads\/haber-gorselleri-fotoshop-2025-04-09T155224.870-300x169.jpg 300w, https:\/\/www.tgrthaber.com\/mavikadin\/wp-content\/uploads\/haber-gorselleri-fotoshop-2025-04-09T155224.870-768x432.jpg 768w, https:\/\/www.tgrthaber.com\/mavikadin\/wp-content\/uploads\/haber-gorselleri-fotoshop-2025-04-09T155224.870-1536x864.jpg 1536w, https:\/\/www.tgrthaber.com\/mavikadin\/wp-content\/uploads\/haber-gorselleri-fotoshop-2025-04-09T155224.870.jpg 1600w\" sizes=\"(max-width: 1208px) 100vw, 1208px\" \/><\/p>\n<hr \/>\n<p>\u00d6zel hayat\u0131n\u0131 payla\u015fmay\u0131 tercih etmeyen Allan Hakko daha \u00f6nceden Azer Polat ile evlenmi\u015f ve 2015 y\u0131l\u0131nda evliliklerini sonland\u0131rm\u0131\u015ft\u0131. \u00c7iftin Benjamin ad\u0131nda o\u011fullar\u0131 bulunmakta. K\u00fc\u00e7\u00fck ya\u015flardan beri su sporlar\u0131na ilgi duyan Hakko, profesyonel olarak tekvando ile de ilgilenmektedir. E\u011fitimlerinin ard\u0131ndan aile \u015firketinde \u00e7al\u0131\u015fmaya ba\u015flayan Hakko, T\u00fcrkiye Tekvando Federasyonu\u2019nun y\u00f6netim kurulunda yer alm\u0131\u015f ve T\u00fcrkiye Tekvando Milli Tak\u0131m\u0131\u2019n\u0131n sponsorlu\u011funu \u00fcstlenmi\u015ftir.<\/p>\n<h3><img loading=\"lazy\" decoding=\"async\" class=\"alignnone wp-image-159583\" src=\"https:\/\/www.tgrthaber.com\/mavikadin\/wp-content\/uploads\/haber-gorselleri-fotoshop-2025-04-09T155239.469-1024x576.jpg\" alt=\"\" width=\"1208\" height=\"680\" title=\"\" srcset=\"https:\/\/www.tgrthaber.com\/mavikadin\/wp-content\/uploads\/haber-gorselleri-fotoshop-2025-04-09T155239.469-1024x576.jpg 1024w, https:\/\/www.tgrthaber.com\/mavikadin\/wp-content\/uploads\/haber-gorselleri-fotoshop-2025-04-09T155239.469-300x169.jpg 300w, https:\/\/www.tgrthaber.com\/mavikadin\/wp-content\/uploads\/haber-gorselleri-fotoshop-2025-04-09T155239.469-768x432.jpg 768w, https:\/\/www.tgrthaber.com\/mavikadin\/wp-content\/uploads\/haber-gorselleri-fotoshop-2025-04-09T155239.469-1536x864.jpg 1536w, https:\/\/www.tgrthaber.com\/mavikadin\/wp-content\/uploads\/haber-gorselleri-fotoshop-2025-04-09T155239.469.jpg 1600w\" sizes=\"(max-width: 1208px) 100vw, 1208px\" \/><\/h3>\n<hr \/>\n<h3>ALLAN HAKKO VAKKO&#8217;NUN SAH\u0130B\u0130 M\u0130D\u0130R?<\/h3>\n<p>G\u00fcn\u00fcm\u00fczde \u015firketin sahibi konumunda Cem Hakko bulunuyor. Vitali Hakko\u2019nun o\u011flu olan Cem Hakko, Vakko Holding\u2019in Y\u00f6netim Kurulu Ba\u015fkan\u0131 olarak \u015firketin stratejik y\u00f6n\u00fcn\u00fc belirlemeye de devam ediyor. Allan Hakko ise Cem Hakko\u2019nun ye\u011feni ve \u015firketin Y\u00f6netim Kurulu \u00dcyesi. Ayn\u0131 zamanda Vakko\u2019nun uluslararas\u0131 operasyonlar\u0131ndan sorumlu olan Allan Hakko, gen\u00e7 ya\u015f\u0131na ra\u011fmen markan\u0131n globalle\u015fme vizyonuna ciddi katk\u0131lar sa\u011fl\u0131yor.<\/p>\n<p><img loading=\"lazy\" decoding=\"async\" class=\"alignnone wp-image-159582\" src=\"https:\/\/www.tgrthaber.com\/mavikadin\/wp-content\/uploads\/haber-gorselleri-fotoshop-2025-04-09T155245.851-1024x576.jpg\" alt=\"\" width=\"1208\" height=\"680\" title=\"\" srcset=\"https:\/\/www.tgrthaber.com\/mavikadin\/wp-content\/uploads\/haber-gorselleri-fotoshop-2025-04-09T155245.851-1024x576.jpg 1024w, https:\/\/www.tgrthaber.com\/mavikadin\/wp-content\/uploads\/haber-gorselleri-fotoshop-2025-04-09T155245.851-300x169.jpg 300w, https:\/\/www.tgrthaber.com\/mavikadin\/wp-content\/uploads\/haber-gorselleri-fotoshop-2025-04-09T155245.851-768x432.jpg 768w, https:\/\/www.tgrthaber.com\/mavikadin\/wp-content\/uploads\/haber-gorselleri-fotoshop-2025-04-09T155245.851-1536x864.jpg 1536w, https:\/\/www.tgrthaber.com\/mavikadin\/wp-content\/uploads\/haber-gorselleri-fotoshop-2025-04-09T155245.851.jpg 1600w\" sizes=\"(max-width: 1208px) 100vw, 1208px\" \/><\/p>\n<hr \/>\n<p>Allan Hakko\u2019nun isminin son d\u00f6nemde daha fazla an\u0131lmas\u0131n\u0131n en b\u00fcy\u00fck sebeplerinden biri hem sosyal ya\u015fam\u0131 hem de i\u015f d\u00fcnyas\u0131ndaki etkinli\u011fi oluyor. Aile \u015firketinin y\u00f6netiminde olduk\u00e7a aktif ve etkili bir rol \u00fcstleniyor. Vakko\u2019nun k\u00f6kl\u00fc miras\u0131n\u0131 gelece\u011fe ta\u015f\u0131ma misyonunda \u00f6nemli bir isim olarak \u00f6ne \u00e7\u0131k\u0131yor.<\/p>\n","protected":false},"excerpt":{"rendered":"<p>Sosyal medya fenomeni olan Selin Ya\u011fc\u0131o\u011flu ile ya\u015fad\u0131\u011f\u0131 a\u015fkla g\u00fcndeme gelen Allan Hakko, magazinin sevilen isimlerinden biri oluyor. Ge\u00e7ti\u011fimiz dakikalarda ikili ayr\u0131l\u0131k haberleri ile g\u00fcndeme geldi. bu haber sonras\u0131 Allan Hakko\u2019nun kim oldu\u011fu merak edildi. Peki, Allan Hakko kimdir? Allan Hakko Vakko\u2019nun sahibi midir? sorular\u0131n\u0131 sizler i\u00e7in ara\u015ft\u0131rd\u0131k\u2026<\/p>\n","protected":false},"author":34,"featured_media":159581,"comment_status":"closed","ping_status":"closed","sticky":false,"template":"","format":"standard","meta":{"rank_math_lock_modified_date":false,"footnotes":""},"categories":[491],"tags":[17312,17313,16521,133,17316,17314,17315],"class_list":["post-159551","post","type-post","status-publish","format-standard","has-post-thumbnail","hentry","category-biyografi","tag-allan-hakko","tag-allan-hakko-kimdir","tag-biyografi-haberleri","tag-magazin","tag-selin-yagcioglu","tag-vakko","tag-vakkonun-sahibi"],"_links":{"self":[{"href":"https:\/\/www.tgrthaber.com\/mavikadin\/wp-json\/wp\/v2\/posts\/159551"}],"collection":[{"href":"https:\/\/www.tgrthaber.com\/mavikadin\/wp-json\/wp\/v2\/posts"}],"about":[{"href":"https:\/\/www.tgrthaber.com\/mavikadin\/wp-json\/wp\/v2\/types\/post"}],"author":[{"embeddable":true,"href":"https:\/\/www.tgrthaber.com\/mavikadin\/wp-json\/wp\/v2\/users\/34"}],"replies":[{"embeddable":true,"href":"https:\/\/www.tgrthaber.com\/mavikadin\/wp-json\/wp\/v2\/comments?post=159551"}],"version-history":[{"count":2,"href":"https:\/\/www.tgrthaber.com\/mavikadin\/wp-json\/wp\/v2\/posts\/159551\/revisions"}],"predecessor-version":[{"id":159587,"href":"https:\/\/www.tgrthaber.com\/mavikadin\/wp-json\/wp\/v2\/posts\/159551\/revisions\/159587"}],"wp:featuredmedia":[{"embeddable":true,"href":"https:\/\/www.tgrthaber.com\/mavikadin\/wp-json\/wp\/v2\/media\/159581"}],"wp:attachment":[{"href":"https:\/\/www.tgrthaber.com\/mavikadin\/wp-json\/wp\/v2\/media?parent=159551"}],"wp:term":[{"taxonomy":"category","embeddable":true,"href":"https:\/\/www.tgrthaber.com\/mavikadin\/wp-json\/wp\/v2\/categories?post=159551"},{"taxonomy":"post_tag","embeddable":true,"href":"https:\/\/www.tgrthaber.com\/mavikadin\/wp-json\/wp\/v2\/tags?post=159551"}],"curies":[{"name":"wp","href":"https:\/\/api.w.org\/{rel}","templated":true}]}}