{"id":159610,"date":"2025-04-09T16:46:49","date_gmt":"2025-04-09T13:46:49","guid":{"rendered":"https:\/\/www.tgrthaber.com\/mavikadin\/?p=159610"},"modified":"2025-04-09T17:13:20","modified_gmt":"2025-04-09T14:13:20","slug":"gonul-yazardan-endiselendiren-haber-son-karari-duygulandirdi","status":"publish","type":"post","link":"https:\/\/www.tgrthaber.com\/mavikadin\/gonul-yazardan-endiselendiren-haber-son-karari-duygulandirdi\/","title":{"rendered":"G\u00f6n\u00fcl Yazar&#8217;dan endi\u015felendiren haber! Son karar\u0131 duyguland\u0131rd\u0131"},"content":{"rendered":"<p>T\u00fcrk m\u00fczi\u011finin unutulmaz isimlerinden biri olan ve \u201cTa\u015f Bebek\u201d lakab\u0131yla tan\u0131nan G\u00f6n\u00fcl Yazar\u2019dan sa\u011fl\u0131k durumu hakk\u0131nda endi\u015felendiren bir haber geldi. Uzun s\u00fcredir sa\u011fl\u0131k sorunlar\u0131yla m\u00fccadele eden usta sanat\u00e7\u0131n\u0131n, ge\u00e7ti\u011fimiz aylarda baca\u011f\u0131nda olu\u015fan p\u0131ht\u0131 sebebiyle hastaneye kald\u0131r\u0131ld\u0131\u011f\u0131 ve tedavi s\u00fcrecinin devam etti\u011fi biliniyordu. Son olarak ses sanat\u00e7\u0131s\u0131 ve magazin yazar\u0131 Onur Akay\u2019\u0131n yapt\u0131\u011f\u0131 a\u00e7\u0131klama, hayranlar\u0131n\u0131 derinden sarst\u0131.<\/p>\n<h3>G\u00d6N\u00dcL YAZAR&#8217;DAN KORKUTAN HABER<\/h3>\n<p>Onur Akay, sosyal medya hesab\u0131ndan Yazar ile birlikte \u00e7ektirdi\u011fi bir foto\u011fraf\u0131 payla\u015farak, \u201cG\u00f6n\u00fcl Yazar\u2019\u0131n sa\u011fl\u0131k durumu ile ilgili ald\u0131\u011f\u0131m haberler pek i\u00e7 a\u00e7\u0131c\u0131 de\u011fil! Ta\u015f Bebek i\u00e7in dualar\u0131n\u0131z\u0131 esirgemeyin,\u201d s\u00f6zleriyle sanat\u00e7\u0131n\u0131n durumunun ciddiyetini g\u00f6zler \u00f6n\u00fcne serdi. Bu payla\u015f\u0131m, hem m\u00fczik d\u00fcnyas\u0131nda hem de sosyal medyada b\u00fcy\u00fck yank\u0131 uyand\u0131rd\u0131. Y\u00fczlerce hayran\u0131, ge\u00e7mi\u015f olsun mesajlar\u0131 ve dualarla usta sanat\u00e7\u0131ya destek oldu.<\/p>\n<p><img loading=\"lazy\" decoding=\"async\" class=\"alignnone size-full wp-image-159616\" src=\"https:\/\/www.tgrthaber.com\/mavikadin\/wp-content\/uploads\/4-548.png\" alt=\"\" width=\"1280\" height=\"720\" title=\"\" srcset=\"https:\/\/www.tgrthaber.com\/mavikadin\/wp-content\/uploads\/4-548.png 1280w, https:\/\/www.tgrthaber.com\/mavikadin\/wp-content\/uploads\/4-548-300x169.png 300w, https:\/\/www.tgrthaber.com\/mavikadin\/wp-content\/uploads\/4-548-1024x576.png 1024w, https:\/\/www.tgrthaber.com\/mavikadin\/wp-content\/uploads\/4-548-768x432.png 768w\" sizes=\"(max-width: 1280px) 100vw, 1280px\" \/><\/p>\n<hr \/>\n<h3>VAS\u0130YET\u0130N\u0130 A\u00c7IKLAMI\u015eTI<\/h3>\n<p>Sa\u011fl\u0131k sorunlar\u0131yla m\u00fccadele ederken cesur bir kararla vasiyetini a\u00e7\u0131klayan G\u00f6n\u00fcl Yazar, Ortak\u00f6y\u2019de bulunan de\u011ferli evini L\u00d6SEV\u2019e ba\u011f\u0131\u015flayaca\u011f\u0131n\u0131 ifade etmi\u015fti. \u201cK\u0131z\u0131m \u00e7ok mirasa kondu babas\u0131 umut olmak istemesi, sanat camias\u0131nda da \u00f6vg\u00fcyle kar\u015f\u0131land\u0131.<\/p>\n<p><img loading=\"lazy\" decoding=\"async\" class=\"alignnone size-full wp-image-159615\" src=\"https:\/\/www.tgrthaber.com\/mavikadin\/wp-content\/uploads\/3-661.png\" alt=\"\" width=\"1280\" height=\"720\" title=\"\" srcset=\"https:\/\/www.tgrthaber.com\/mavikadin\/wp-content\/uploads\/3-661.png 1280w, https:\/\/www.tgrthaber.com\/mavikadin\/wp-content\/uploads\/3-661-300x169.png 300w, https:\/\/www.tgrthaber.com\/mavikadin\/wp-content\/uploads\/3-661-1024x576.png 1024w, https:\/\/www.tgrthaber.com\/mavikadin\/wp-content\/uploads\/3-661-768x432.png 768w\" sizes=\"(max-width: 1280px) 100vw, 1280px\" \/><\/p>\n<hr \/>\n<h3>T\u00dcRK M\u00dcZ\u0130\u011e\u0130N\u0130N TA\u015e BEBE\u011e\u0130<\/h3>\n<p>Uzun y\u0131llar boyunca sesi ve sahne performans\u0131yla milyonlar\u0131n kalbini kazanan G\u00f6n\u00fcl Yazar, 1960\u2019l\u0131 ve 70\u2019li y\u0131llarda T\u00fcrk sanat m\u00fczi\u011finin alt\u0131n isimlerinden biri haline gelmi\u015fti. Gerek g\u00fczelli\u011fi gerek g\u00fc\u00e7l\u00fc sesiyle iz b\u0131rakan sanat\u00e7\u0131, \u201cTa\u015f Bebek\u201d lakab\u0131n\u0131 da bu d\u00f6nemde alm\u0131\u015ft\u0131. \u015eimdi ise \u00f6mr\u00fcn\u00fcn sonbahar\u0131nda sa\u011fl\u0131k sorunlar\u0131yla m\u00fccadele ederken, sevenleri onun i\u00e7in dualar ediyor.<\/p>\n<p><img loading=\"lazy\" decoding=\"async\" class=\"alignnone size-full wp-image-159613\" src=\"https:\/\/www.tgrthaber.com\/mavikadin\/wp-content\/uploads\/1-631.png\" alt=\"\" width=\"1280\" height=\"720\" title=\"\" srcset=\"https:\/\/www.tgrthaber.com\/mavikadin\/wp-content\/uploads\/1-631.png 1280w, https:\/\/www.tgrthaber.com\/mavikadin\/wp-content\/uploads\/1-631-300x169.png 300w, https:\/\/www.tgrthaber.com\/mavikadin\/wp-content\/uploads\/1-631-1024x576.png 1024w, https:\/\/www.tgrthaber.com\/mavikadin\/wp-content\/uploads\/1-631-768x432.png 768w\" sizes=\"(max-width: 1280px) 100vw, 1280px\" \/><\/p>\n<hr \/>\n<h3>&#8220;SA\u011eLI\u011eIM GAYET \u0130Y\u0130&#8221;<\/h3>\n<p>Bir s\u00fcredir sa\u011fl\u0131k sorunlar\u0131 ya\u015fad\u0131\u011f\u0131 iddialar\u0131yla g\u00fcndeme gelen G\u00f6n\u00fcl Yazar, sosyal medyada yay\u0131lan iddialara sert \u00e7\u0131kt\u0131. Usta sanat\u00e7\u0131, \u201cBunu ortaya atanlar utanm\u0131yorlar. Sa\u011fl\u0131\u011f\u0131m gayet iyi\u201d diyerek sevenlerini rahatlatt\u0131. Bu a\u00e7\u0131klama, hakk\u0131nda \u00e7\u0131kan olumsuz haberlere net bir yan\u0131t niteli\u011finde oldu.<\/p>\n","protected":false},"excerpt":{"rendered":"<p>T\u00fcrk sanat m\u00fczi\u011finin efsane isimlerinden G\u00f6n\u00fcl Yazar\u2019dan \u00fczen haber geldi. \u201cTa\u015f Bebek\u201d lakapl\u0131 usta sanat\u00e7\u0131n\u0131n sa\u011fl\u0131k durumunun k\u00f6t\u00fcye gitti\u011fi \u00f6\u011frenildi. Onur Akay\u2019\u0131n yapt\u0131\u011f\u0131 a\u00e7\u0131klama sonras\u0131 hayranlar\u0131 b\u00fcy\u00fck endi\u015fe ya\u015farken, Yazar\u2019\u0131n daha \u00f6nce a\u00e7\u0131klad\u0131\u011f\u0131 vasiyeti de yeniden g\u00fcndeme geldi.<\/p>\n","protected":false},"author":28,"featured_media":159614,"comment_status":"closed","ping_status":"closed","sticky":false,"template":"","format":"standard","meta":{"rank_math_lock_modified_date":false,"footnotes":""},"categories":[76],"tags":[10596],"class_list":["post-159610","post","type-post","status-publish","format-standard","has-post-thumbnail","hentry","category-magazin","tag-gonul-yazar"],"_links":{"self":[{"href":"https:\/\/www.tgrthaber.com\/mavikadin\/wp-json\/wp\/v2\/posts\/159610"}],"collection":[{"href":"https:\/\/www.tgrthaber.com\/mavikadin\/wp-json\/wp\/v2\/posts"}],"about":[{"href":"https:\/\/www.tgrthaber.com\/mavikadin\/wp-json\/wp\/v2\/types\/post"}],"author":[{"embeddable":true,"href":"https:\/\/www.tgrthaber.com\/mavikadin\/wp-json\/wp\/v2\/users\/28"}],"replies":[{"embeddable":true,"href":"https:\/\/www.tgrthaber.com\/mavikadin\/wp-json\/wp\/v2\/comments?post=159610"}],"version-history":[{"count":4,"href":"https:\/\/www.tgrthaber.com\/mavikadin\/wp-json\/wp\/v2\/posts\/159610\/revisions"}],"predecessor-version":[{"id":159651,"href":"https:\/\/www.tgrthaber.com\/mavikadin\/wp-json\/wp\/v2\/posts\/159610\/revisions\/159651"}],"wp:featuredmedia":[{"embeddable":true,"href":"https:\/\/www.tgrthaber.com\/mavikadin\/wp-json\/wp\/v2\/media\/159614"}],"wp:attachment":[{"href":"https:\/\/www.tgrthaber.com\/mavikadin\/wp-json\/wp\/v2\/media?parent=159610"}],"wp:term":[{"taxonomy":"category","embeddable":true,"href":"https:\/\/www.tgrthaber.com\/mavikadin\/wp-json\/wp\/v2\/categories?post=159610"},{"taxonomy":"post_tag","embeddable":true,"href":"https:\/\/www.tgrthaber.com\/mavikadin\/wp-json\/wp\/v2\/tags?post=159610"}],"curies":[{"name":"wp","href":"https:\/\/api.w.org\/{rel}","templated":true}]}}