{"id":159611,"date":"2025-04-09T17:07:14","date_gmt":"2025-04-09T14:07:14","guid":{"rendered":"https:\/\/www.tgrthaber.com\/mavikadin\/?p=159611"},"modified":"2025-04-09T17:14:33","modified_gmt":"2025-04-09T14:14:33","slug":"gonul-yazar-kac-sefer-evlendi-gonul-yazar-esleri-kimler","status":"publish","type":"post","link":"https:\/\/www.tgrthaber.com\/mavikadin\/gonul-yazar-kac-sefer-evlendi-gonul-yazar-esleri-kimler\/","title":{"rendered":"G\u00f6n\u00fcl Yazar ka\u00e7 sefer evlendi? G\u00f6n\u00fcl Yazar e\u015fleri kimler?"},"content":{"rendered":"<p>T\u00fcrk sanat m\u00fczi\u011finin \u2018Ta\u015f Bebek\u2019 lakapl\u0131 efsane ismi G\u00f6n\u00fcl Yazar, sadece sesiyle de\u011fil, \u00e7alkant\u0131l\u0131 \u00f6zel hayat\u0131yla da uzun y\u0131llar boyunca g\u00fcndemde kalmay\u0131 ba\u015fard\u0131. Sahne \u0131\u015f\u0131klar\u0131 alt\u0131nda ge\u00e7en bir \u00f6m\u00fcr, b\u00fcy\u00fck a\u015fklar, \u00e7alkant\u0131l\u0131 ili\u015fkiler ve k\u0131sa s\u00fcren evliliklerle dolu olan Yazar\u2019\u0131n \u00f6zel hayat\u0131, magazin tarihinin en \u00e7ok konu\u015fulan ba\u015fl\u0131klar\u0131ndan biri oldu.<\/p>\n<h3>G\u00d6N\u00dcL YAZAR KA\u00c7 SEFER EVLEND\u0130?<\/h3>\n<p>Usta sanat\u00e7\u0131 G\u00f6n\u00fcl Yazar, 12 A\u011fustos 1936 y\u0131l\u0131nda \u0130zmir\u2019in Kestelli il\u00e7esinde d\u00fcnyaya geldi. K\u00fc\u00e7\u00fck y\u0131llardan beri m\u00fczi\u011fe ilgi duyan Yazar, ortaokula ba\u015flad\u0131\u011f\u0131 y\u0131llarda T\u00fcrk Musikisi Cemiyeti\u2019nde dersler ald\u0131. Sanat hayat\u0131na 1952 y\u0131l\u0131nda 15 ya\u015f\u0131ndayken girdi\u011fi Ege Ses Krali\u00e7esi Yar\u0131\u015fmas\u0131 ile at\u0131ld\u0131. Yar\u0131\u015fma da birinci se\u00e7ilen Yazar, y\u00f6netmenli\u011fini Hulki Saner&#8217;in yapt\u0131\u011f\u0131, ba\u015frol\u00fcn\u00fc G\u00f6ksel Arsoy&#8217;la payla\u015ft\u0131\u011f\u0131 Ta\u015f Bebek filminin ard\u0131ndan &#8220;Ta\u015f Bebek&#8221; lakab\u0131 ile an\u0131ld\u0131. G\u00f6n\u00fcl Yazar, toplamda alt\u0131 kez evlendi. Her biri farkl\u0131 d\u00f6nemlerde, farkl\u0131 sebeplerle ger\u00e7ekle\u015fen bu evlilikler, sanat\u00e7\u0131n\u0131n hem duygusal hem de ki\u015fisel yolculu\u011funun birer par\u00e7as\u0131 olarak haf\u0131zalara kaz\u0131nd\u0131.<\/p>\n<h3><img loading=\"lazy\" decoding=\"async\" class=\"alignnone wp-image-159633\" src=\"https:\/\/www.tgrthaber.com\/mavikadin\/wp-content\/uploads\/haber-gorselleri-fotoshop-2025-04-09T170408.336-1024x576.jpg\" alt=\"G\u00f6n\u00fcl Yazar ka\u00e7 sefer evlendi? G\u00f6n\u00fcl Yazar e\u015fleri kimler?\" width=\"1208\" height=\"680\" title=\"\" srcset=\"https:\/\/www.tgrthaber.com\/mavikadin\/wp-content\/uploads\/haber-gorselleri-fotoshop-2025-04-09T170408.336-1024x576.jpg 1024w, https:\/\/www.tgrthaber.com\/mavikadin\/wp-content\/uploads\/haber-gorselleri-fotoshop-2025-04-09T170408.336-300x169.jpg 300w, https:\/\/www.tgrthaber.com\/mavikadin\/wp-content\/uploads\/haber-gorselleri-fotoshop-2025-04-09T170408.336-768x432.jpg 768w, https:\/\/www.tgrthaber.com\/mavikadin\/wp-content\/uploads\/haber-gorselleri-fotoshop-2025-04-09T170408.336-1536x864.jpg 1536w, https:\/\/www.tgrthaber.com\/mavikadin\/wp-content\/uploads\/haber-gorselleri-fotoshop-2025-04-09T170408.336.jpg 1600w\" sizes=\"(max-width: 1208px) 100vw, 1208px\" \/><\/h3>\n<hr \/>\n<h3>G\u00d6N\u00dcL YAZAR E\u015eLER\u0130 K\u0130MLER?<\/h3>\n<p>\u0130lk evlili\u011fini hen\u00fcz 15 ya\u015f\u0131ndayken, ya\u015f\u0131n\u0131 mahkeme karar\u0131yla b\u00fcy\u00fcterek 32 ya\u015f\u0131ndaki Necdet Yazar ile yapt\u0131. Bu evlilik sadece iki y\u0131l s\u00fcrd\u00fc. 1956 y\u0131l\u0131nda ise kendisinden tam 27 ya\u015f b\u00fcy\u00fck olan Bedii \u00c7apa ile ikinci kez nik\u00e2h masas\u0131na oturdu. Yazar\u2019\u0131n bu cesur tercihleri o d\u00f6nemde \u00e7ok konu\u015fulmu\u015f, kimi zaman da ele\u015ftirilmi\u015fti.<\/p>\n<p><img loading=\"lazy\" decoding=\"async\" class=\"alignnone wp-image-159635\" src=\"https:\/\/www.tgrthaber.com\/mavikadin\/wp-content\/uploads\/haber-gorselleri-fotoshop-2025-04-09T170308.505-1024x576.jpg\" alt=\"G\u00f6n\u00fcl Yazar ka\u00e7 sefer evlendi? G\u00f6n\u00fcl Yazar e\u015fleri kimler?\" width=\"1208\" height=\"680\" title=\"\" srcset=\"https:\/\/www.tgrthaber.com\/mavikadin\/wp-content\/uploads\/haber-gorselleri-fotoshop-2025-04-09T170308.505-1024x576.jpg 1024w, https:\/\/www.tgrthaber.com\/mavikadin\/wp-content\/uploads\/haber-gorselleri-fotoshop-2025-04-09T170308.505-300x169.jpg 300w, https:\/\/www.tgrthaber.com\/mavikadin\/wp-content\/uploads\/haber-gorselleri-fotoshop-2025-04-09T170308.505-768x432.jpg 768w, https:\/\/www.tgrthaber.com\/mavikadin\/wp-content\/uploads\/haber-gorselleri-fotoshop-2025-04-09T170308.505-1536x864.jpg 1536w, https:\/\/www.tgrthaber.com\/mavikadin\/wp-content\/uploads\/haber-gorselleri-fotoshop-2025-04-09T170308.505.jpg 1600w\" sizes=\"(max-width: 1208px) 100vw, 1208px\" \/><\/p>\n<hr \/>\n<p>\u00dc\u00e7\u00fcnc\u00fc evlili\u011fini 1963 y\u0131l\u0131nda, oyuncu \u00d6zden \u00c7elik ile yapan sanat\u00e7\u0131, bu evlili\u011finde de uzun s\u00fcre mutlulu\u011fu yakalayamad\u0131. Ard\u0131ndan 1972 y\u0131l\u0131nda i\u015f insan\u0131 Ercan Ak\u0131n ile hayat\u0131n\u0131 birle\u015ftirdi. Her ne kadar bu evlilik daha olgun bir d\u00f6neme denk gelse de yine uzun \u00f6m\u00fcrl\u00fc olmad\u0131.<\/p>\n<p><img loading=\"lazy\" decoding=\"async\" class=\"alignnone wp-image-159636\" src=\"https:\/\/www.tgrthaber.com\/mavikadin\/wp-content\/uploads\/haber-gorselleri-fotoshop-2025-04-09T170258.864-1024x576.jpg\" alt=\"G\u00f6n\u00fcl Yazar ka\u00e7 sefer evlendi? G\u00f6n\u00fcl Yazar e\u015fleri kimler?\" width=\"1208\" height=\"680\" title=\"\" srcset=\"https:\/\/www.tgrthaber.com\/mavikadin\/wp-content\/uploads\/haber-gorselleri-fotoshop-2025-04-09T170258.864-1024x576.jpg 1024w, https:\/\/www.tgrthaber.com\/mavikadin\/wp-content\/uploads\/haber-gorselleri-fotoshop-2025-04-09T170258.864-300x169.jpg 300w, https:\/\/www.tgrthaber.com\/mavikadin\/wp-content\/uploads\/haber-gorselleri-fotoshop-2025-04-09T170258.864-768x432.jpg 768w, https:\/\/www.tgrthaber.com\/mavikadin\/wp-content\/uploads\/haber-gorselleri-fotoshop-2025-04-09T170258.864-1536x864.jpg 1536w, https:\/\/www.tgrthaber.com\/mavikadin\/wp-content\/uploads\/haber-gorselleri-fotoshop-2025-04-09T170258.864.jpg 1600w\" sizes=\"(max-width: 1208px) 100vw, 1208px\" \/><\/p>\n<hr \/>\n<p>Belki de en \u00e7ok konu\u015fulan ili\u015fkisi, 1979 y\u0131l\u0131nda kendisinden ya\u015f\u00e7a k\u00fc\u00e7\u00fck olan Sinan Birsel ile yapt\u0131\u011f\u0131 be\u015finci evlilikti. Bu ili\u015fki sadece bir y\u0131l s\u00fcrd\u00fc, ancak d\u00f6nemin medyas\u0131nda epey yer buldu. Son evlili\u011fini ise 1997 y\u0131l\u0131nda Fahrettin Ak\u00e7\u0131nar ile yapt\u0131 ve bu birliktelik ise yaln\u0131zca yedi ay s\u00fcrd\u00fc.<\/p>\n<p><img loading=\"lazy\" decoding=\"async\" class=\"wp-image-159637\" src=\"https:\/\/www.tgrthaber.com\/mavikadin\/wp-content\/uploads\/haber-gorselleri-fotoshop-2025-04-09T170252.002-1024x576.jpg\" alt=\"\" width=\"1208\" height=\"680\" title=\"\" srcset=\"https:\/\/www.tgrthaber.com\/mavikadin\/wp-content\/uploads\/haber-gorselleri-fotoshop-2025-04-09T170252.002-1024x576.jpg 1024w, https:\/\/www.tgrthaber.com\/mavikadin\/wp-content\/uploads\/haber-gorselleri-fotoshop-2025-04-09T170252.002-300x169.jpg 300w, https:\/\/www.tgrthaber.com\/mavikadin\/wp-content\/uploads\/haber-gorselleri-fotoshop-2025-04-09T170252.002-768x432.jpg 768w, https:\/\/www.tgrthaber.com\/mavikadin\/wp-content\/uploads\/haber-gorselleri-fotoshop-2025-04-09T170252.002-1536x864.jpg 1536w, https:\/\/www.tgrthaber.com\/mavikadin\/wp-content\/uploads\/haber-gorselleri-fotoshop-2025-04-09T170252.002.jpg 1600w\" sizes=\"(max-width: 1208px) 100vw, 1208px\" \/><\/p>\n<hr \/>\n<p>G\u00f6n\u00fcl Yazar\u2019\u0131n ad\u0131 s\u0131k s\u0131k futbolcu Metin Oktay ile de an\u0131ld\u0131. Ancak Yazar bu s\u00f6ylentileri yalanlad\u0131. \u0130kili sadece bir filmde birlikte rol ald\u0131 ve aralar\u0131nda romantik bir ili\u015fki ya\u015fanmad\u0131. <img loading=\"lazy\" decoding=\"async\" class=\"alignnone wp-image-159634\" src=\"https:\/\/www.tgrthaber.com\/mavikadin\/wp-content\/uploads\/haber-gorselleri-fotoshop-2025-04-09T170347.196-1024x576.jpg\" alt=\"G\u00f6n\u00fcl Yazar ka\u00e7 sefer evlendi? G\u00f6n\u00fcl Yazar e\u015fleri kimler?\" width=\"1208\" height=\"680\" title=\"\" srcset=\"https:\/\/www.tgrthaber.com\/mavikadin\/wp-content\/uploads\/haber-gorselleri-fotoshop-2025-04-09T170347.196-1024x576.jpg 1024w, https:\/\/www.tgrthaber.com\/mavikadin\/wp-content\/uploads\/haber-gorselleri-fotoshop-2025-04-09T170347.196-300x169.jpg 300w, https:\/\/www.tgrthaber.com\/mavikadin\/wp-content\/uploads\/haber-gorselleri-fotoshop-2025-04-09T170347.196-768x432.jpg 768w, https:\/\/www.tgrthaber.com\/mavikadin\/wp-content\/uploads\/haber-gorselleri-fotoshop-2025-04-09T170347.196-1536x864.jpg 1536w, https:\/\/www.tgrthaber.com\/mavikadin\/wp-content\/uploads\/haber-gorselleri-fotoshop-2025-04-09T170347.196.jpg 1600w\" sizes=\"(max-width: 1208px) 100vw, 1208px\" \/><\/p>\n<hr \/>\n<p>Sanat\u00e7\u0131n\u0131n evliliklerinden \u00e7ocu\u011fu olmad\u0131, ancak i\u015f insan\u0131 Erol Simavi ile ya\u015fad\u0131\u011f\u0131 ili\u015fkiden Yasemin Simavi ad\u0131nda bir k\u0131z\u0131 d\u00fcnyaya geldi. \u00a0G\u00f6n\u00fcl Yazar, m\u00fczik ve magazin tarihine ad\u0131n\u0131 hem sesiyle hem de hayat tarz\u0131yla alt\u0131n harflerle yazd\u0131rd\u0131.<\/p>\n","protected":false},"excerpt":{"rendered":"<p>Sanat d\u00fcnyas\u0131n\u0131n sevilen isimlerinden olan G\u00f6n\u00fcl Yazar sa\u011fl\u0131k sorunlar\u0131 nedeniyle g\u00fcndeme geldi. Zor zamanlar ge\u00e7irdi\u011fi iddia edilen sanat\u00e7\u0131 i\u00e7in yak\u0131nlar\u0131 dualar istedi. Bu haber sonras\u0131 G\u00f6n\u00fcl Yazar\u2019\u0131n \u00f6zel hayat\u0131 merak edildi. Peki, G\u00f6n\u00fcl Yazar ka\u00e7 sefer evlendi? G\u00f6n\u00fcl Yazar e\u015fleri kimler? Sorular\u0131n\u0131 sizler i\u00e7in ara\u015ft\u0131rd\u0131k\u2026<\/p>\n","protected":false},"author":34,"featured_media":159635,"comment_status":"closed","ping_status":"closed","sticky":false,"template":"","format":"standard","meta":{"rank_math_lock_modified_date":false,"footnotes":""},"categories":[491],"tags":[16521,10596,17334,10598],"class_list":["post-159611","post","type-post","status-publish","format-standard","has-post-thumbnail","hentry","category-biyografi","tag-biyografi-haberleri","tag-gonul-yazar","tag-gonul-yazar-evlilik","tag-gonul-yazar-kimdir"],"_links":{"self":[{"href":"https:\/\/www.tgrthaber.com\/mavikadin\/wp-json\/wp\/v2\/posts\/159611"}],"collection":[{"href":"https:\/\/www.tgrthaber.com\/mavikadin\/wp-json\/wp\/v2\/posts"}],"about":[{"href":"https:\/\/www.tgrthaber.com\/mavikadin\/wp-json\/wp\/v2\/types\/post"}],"author":[{"embeddable":true,"href":"https:\/\/www.tgrthaber.com\/mavikadin\/wp-json\/wp\/v2\/users\/34"}],"replies":[{"embeddable":true,"href":"https:\/\/www.tgrthaber.com\/mavikadin\/wp-json\/wp\/v2\/comments?post=159611"}],"version-history":[{"count":3,"href":"https:\/\/www.tgrthaber.com\/mavikadin\/wp-json\/wp\/v2\/posts\/159611\/revisions"}],"predecessor-version":[{"id":159655,"href":"https:\/\/www.tgrthaber.com\/mavikadin\/wp-json\/wp\/v2\/posts\/159611\/revisions\/159655"}],"wp:featuredmedia":[{"embeddable":true,"href":"https:\/\/www.tgrthaber.com\/mavikadin\/wp-json\/wp\/v2\/media\/159635"}],"wp:attachment":[{"href":"https:\/\/www.tgrthaber.com\/mavikadin\/wp-json\/wp\/v2\/media?parent=159611"}],"wp:term":[{"taxonomy":"category","embeddable":true,"href":"https:\/\/www.tgrthaber.com\/mavikadin\/wp-json\/wp\/v2\/categories?post=159611"},{"taxonomy":"post_tag","embeddable":true,"href":"https:\/\/www.tgrthaber.com\/mavikadin\/wp-json\/wp\/v2\/tags?post=159611"}],"curies":[{"name":"wp","href":"https:\/\/api.w.org\/{rel}","templated":true}]}}