{"id":159629,"date":"2025-04-09T17:15:41","date_gmt":"2025-04-09T14:15:41","guid":{"rendered":"https:\/\/www.tgrthaber.com\/mavikadin\/?p=159629"},"modified":"2025-04-09T17:15:41","modified_gmt":"2025-04-09T14:15:41","slug":"gonul-yazarin-kardesi-belkis-ozener-kim-belkis-ozener-evli-mi","status":"publish","type":"post","link":"https:\/\/www.tgrthaber.com\/mavikadin\/gonul-yazarin-kardesi-belkis-ozener-kim-belkis-ozener-evli-mi\/","title":{"rendered":"G\u00f6n\u00fcl Yazar\u2019\u0131n karde\u015fi Belk\u0131s \u00d6zener kim? Belk\u0131s \u00d6zener evli mi?"},"content":{"rendered":"<p>T\u00fcrk sanat m\u00fczi\u011finin unutulmaz seslerinden G\u00f6n\u00fcl Yazar\u2019\u0131n k\u0131z karde\u015fi olan Belk\u0131s \u00d6zener, hem sesi hem de arka plandaki m\u00fczik kariyeriyle ad\u0131n\u0131 Ye\u015fil\u00e7am tarihine yazd\u0131rm\u0131\u015f isimler aras\u0131nda yer al\u0131yor. \u201cTa\u015f Bebek\u201d lakapl\u0131 G\u00f6n\u00fcl Yazar ile ayn\u0131 m\u00fczik k\u00f6keninden gelen Belk\u0131s \u00d6zener\u2019in hayat\u0131, ba\u015far\u0131lar\u0131 ve \u00f6zel ya\u015fam\u0131 merak konusu olmaya devam ediyor. Peki Belk\u0131s \u00d6zener kimdir? Evli mi? \u0130\u015fte detaylar\u2026<\/p>\n<h3>BELKISA \u00d6ZENER K\u0130MD\u0130R?<\/h3>\n<p>Belk\u0131s \u00d6zener, 28 Mart 1940 tarihinde \u0130zmir\u2019in Kestelli semtinde d\u00fcnyaya geldi. Ger\u00e7ek soyad\u0131 \u201c\u00d6zyenginer\u201d olan sanat\u00e7\u0131n\u0131n ailesi, sanat ve m\u00fczikle i\u00e7 i\u00e7e bir yap\u0131ya sahipti. Babas\u0131 Erzincanl\u0131 yol m\u00fcteahhidi Mehmet Bey, annesi ise Yugoslav g\u00f6\u00e7meni olan Fatma Han\u0131m\u2019d\u0131. Ailenin \u00fc\u00e7 \u00e7ocu\u011fundan biri olan Belk\u0131s \u00d6zener\u2019in G\u00f6n\u00fcl ve Belma ad\u0131nda iki ablas\u0131 bulunuyor. Ablas\u0131 G\u00f6n\u00fcl Yazar, sahne sanatlar\u0131n\u0131n \u00f6nc\u00fclerinden biri olurken, Belk\u0131s \u00d6zener daha \u00e7ok perde arkas\u0131nda kalan ancak sesini milyonlar\u0131n duydu\u011fu bir yol izledi.<\/p>\n<p><img loading=\"lazy\" decoding=\"async\" class=\"alignnone size-full wp-image-159657\" src=\"https:\/\/www.tgrthaber.com\/mavikadin\/wp-content\/uploads\/2-670.png\" alt=\"\" width=\"1280\" height=\"720\" title=\"\" srcset=\"https:\/\/www.tgrthaber.com\/mavikadin\/wp-content\/uploads\/2-670.png 1280w, https:\/\/www.tgrthaber.com\/mavikadin\/wp-content\/uploads\/2-670-300x169.png 300w, https:\/\/www.tgrthaber.com\/mavikadin\/wp-content\/uploads\/2-670-1024x576.png 1024w, https:\/\/www.tgrthaber.com\/mavikadin\/wp-content\/uploads\/2-670-768x432.png 768w\" sizes=\"(max-width: 1280px) 100vw, 1280px\" \/><\/p>\n<hr \/>\n<h3>YE\u015e\u0130L\u00c7AM&#8217;IN ARKA PLANINDAK\u0130 SES<\/h3>\n<p>Belk\u0131s \u00d6zener\u2019in y\u0131ld\u0131z\u0131, Ye\u015fil\u00e7am filmlerinde seslendirdi\u011fi \u015fark\u0131larla parlad\u0131. \u00d6zellikle T\u00fcrkan \u015eoray, Filiz Ak\u0131n, H\u00fclya Ko\u00e7yi\u011fit ve Fatma Girik gibi d\u00f6nemin \u00f6nemli kad\u0131n oyuncular\u0131n\u0131n canland\u0131rd\u0131\u011f\u0131 karakterlerin s\u00f6yledi\u011fi \u015fark\u0131lara sesiyle hayat verdi. \u0130lk b\u00fcy\u00fck \u00e7\u0131k\u0131\u015f\u0131n\u0131 1967 y\u0131l\u0131nda, T\u00fcrkan \u015eoray\u2019\u0131n ba\u015frol\u00fcnde yer ald\u0131\u011f\u0131 \u201cSinekli Bakkal\u201d filmindeki \u015fark\u0131larla yakalad\u0131.<\/p>\n<p>Belk\u0131s \u00d6zener\u2019in sesi, 300\u2019den fazla Ye\u015fil\u00e7am filminde kullan\u0131ld\u0131. Ancak \u00e7o\u011fu zaman y\u00fcz\u00fc bilinmeden, sesiyle kalplerde yer etti. Bu y\u00f6n\u00fcyle \u201csahne \u00f6n\u00fcnde olmayan y\u0131ld\u0131z\u201d olarak nitelendirildi. Kendine has yorumuyla, T\u00fcrk m\u00fczik tarihinin en \u00f6zel seslerinden biri olarak kabul ediliyor.<\/p>\n<p><img loading=\"lazy\" decoding=\"async\" class=\"alignnone size-full wp-image-159658\" src=\"https:\/\/www.tgrthaber.com\/mavikadin\/wp-content\/uploads\/3-662.png\" alt=\"\" width=\"1280\" height=\"720\" title=\"\" srcset=\"https:\/\/www.tgrthaber.com\/mavikadin\/wp-content\/uploads\/3-662.png 1280w, https:\/\/www.tgrthaber.com\/mavikadin\/wp-content\/uploads\/3-662-300x169.png 300w, https:\/\/www.tgrthaber.com\/mavikadin\/wp-content\/uploads\/3-662-1024x576.png 1024w, https:\/\/www.tgrthaber.com\/mavikadin\/wp-content\/uploads\/3-662-768x432.png 768w\" sizes=\"(max-width: 1280px) 100vw, 1280px\" \/><\/p>\n<hr \/>\n<h3>BELKIS \u00d6ZENER EVL\u0130 M\u0130?<\/h3>\n<p>Belk\u0131s \u00d6zener, hen\u00fcz 16 ya\u015f\u0131ndayken i\u015f adam\u0131 Rauf K\u00f6ksalan ile evlendi. Bu evlilikten Benek, Beng\u00fc ve Bark\u0131n adlar\u0131nda \u00fc\u00e7 \u00e7ocu\u011fu d\u00fcnyaya geldi. 27 y\u0131l s\u00fcren bu evlilik, e\u015finin vefat\u0131yla sona erdi. Evlili\u011fi boyunca aktif sahne hayat\u0131na ara veren \u00d6zener, ailesine ve \u00e7ocuklar\u0131na \u00f6ncelik verdi.<\/p>\n<p>Sanat\u00e7\u0131, y\u0131llar boyunca kamuoyunun \u00f6n\u00fcne fazla \u00e7\u0131kmad\u0131; \u00f6zel ya\u015fam\u0131n\u0131 g\u00f6zlerden uzak ya\u015famay\u0131 tercih etti. Ancak sesi sayesinde her zaman hayat\u0131n i\u00e7inde kald\u0131 ve sinema ile m\u00fczi\u011fin birle\u015fti\u011fi noktada kal\u0131c\u0131 bir iz b\u0131rakt\u0131.<\/p>\n<p>G\u00f6n\u00fcl Yazar ve Belk\u0131s \u00d6zener, sadece karde\u015f olmakla kalmad\u0131; ayn\u0131 zamanda m\u00fczi\u011fe olan tutkular\u0131yla da birbirlerini tamamlad\u0131lar. G\u00f6n\u00fcl Yazar, sahnelerin \u00f6n y\u00fcz\u00fcnde yer al\u0131rken; Belk\u0131s \u00d6zener, onun kadar tan\u0131nmasa da Ye\u015fil\u00e7am\u2019a damga vuran sesiyle bir d\u00f6neme damgas\u0131n\u0131 vurdu.<\/p>\n","protected":false},"excerpt":{"rendered":"<p>T\u00fcrk sanat m\u00fczi\u011finin efsane ismi G\u00f6n\u00fcl Yazar\u2019\u0131n k\u0131z karde\u015fi olan Belk\u0131s \u00d6zener, Ye\u015fil\u00e7am filmlerinde seslendirdi\u011fi unutulmaz \u015fark\u0131larla haf\u0131zalarda yer etti. Sahne \u00f6n\u00fcnde de\u011fil, sesiyle perde arkas\u0131nda iz b\u0131rakan \u00d6zener\u2019in hayat\u0131 ve \u00f6zel ya\u015fam\u0131 merak konusu olmaya devam ediyor.<\/p>\n","protected":false},"author":28,"featured_media":159656,"comment_status":"closed","ping_status":"closed","sticky":false,"template":"","format":"standard","meta":{"rank_math_lock_modified_date":false,"footnotes":""},"categories":[491],"tags":[17339,10596],"class_list":["post-159629","post","type-post","status-publish","format-standard","has-post-thumbnail","hentry","category-biyografi","tag-belkis-ozener-kimdir","tag-gonul-yazar"],"_links":{"self":[{"href":"https:\/\/www.tgrthaber.com\/mavikadin\/wp-json\/wp\/v2\/posts\/159629"}],"collection":[{"href":"https:\/\/www.tgrthaber.com\/mavikadin\/wp-json\/wp\/v2\/posts"}],"about":[{"href":"https:\/\/www.tgrthaber.com\/mavikadin\/wp-json\/wp\/v2\/types\/post"}],"author":[{"embeddable":true,"href":"https:\/\/www.tgrthaber.com\/mavikadin\/wp-json\/wp\/v2\/users\/28"}],"replies":[{"embeddable":true,"href":"https:\/\/www.tgrthaber.com\/mavikadin\/wp-json\/wp\/v2\/comments?post=159629"}],"version-history":[{"count":2,"href":"https:\/\/www.tgrthaber.com\/mavikadin\/wp-json\/wp\/v2\/posts\/159629\/revisions"}],"predecessor-version":[{"id":159662,"href":"https:\/\/www.tgrthaber.com\/mavikadin\/wp-json\/wp\/v2\/posts\/159629\/revisions\/159662"}],"wp:featuredmedia":[{"embeddable":true,"href":"https:\/\/www.tgrthaber.com\/mavikadin\/wp-json\/wp\/v2\/media\/159656"}],"wp:attachment":[{"href":"https:\/\/www.tgrthaber.com\/mavikadin\/wp-json\/wp\/v2\/media?parent=159629"}],"wp:term":[{"taxonomy":"category","embeddable":true,"href":"https:\/\/www.tgrthaber.com\/mavikadin\/wp-json\/wp\/v2\/categories?post=159629"},{"taxonomy":"post_tag","embeddable":true,"href":"https:\/\/www.tgrthaber.com\/mavikadin\/wp-json\/wp\/v2\/tags?post=159629"}],"curies":[{"name":"wp","href":"https:\/\/api.w.org\/{rel}","templated":true}]}}