{"id":159675,"date":"2025-04-09T17:58:34","date_gmt":"2025-04-09T14:58:34","guid":{"rendered":"https:\/\/www.tgrthaber.com\/mavikadin\/?p=159675"},"modified":"2025-04-09T17:58:34","modified_gmt":"2025-04-09T14:58:34","slug":"gonul-yazar-eski-esi-necdet-yazar-kim-necdet-yazar-yasiyor-mu","status":"publish","type":"post","link":"https:\/\/www.tgrthaber.com\/mavikadin\/gonul-yazar-eski-esi-necdet-yazar-kim-necdet-yazar-yasiyor-mu\/","title":{"rendered":"G\u00f6n\u00fcl Yazar eski e\u015fi Necdet Yazar kim? Necdet Yazar ya\u015f\u0131yor mu?"},"content":{"rendered":"<p>T\u00fcrk sanat m\u00fczi\u011finin ya\u015fayan efsanelerinden G\u00f6n\u00fcl Yazar\u2019\u0131n gen\u00e7 ya\u015fta yapt\u0131\u011f\u0131 evlilik, y\u0131llar sonra yeniden g\u00fcndeme geldi. \u00dcnl\u00fc sanat\u00e7\u0131n\u0131n hen\u00fcz 14 ya\u015f\u0131ndayken d\u00fcnyaevine girdi\u011fi isim olan Necdet Yazar, m\u00fczik d\u00fcnyas\u0131nda \u00f6nemli bir isim olarak haf\u0131zalarda yer etti. Bug\u00fcn h\u00e2l\u00e2 m\u00fczi\u011fiyle milyonlar\u0131n kalbinde yer eden G\u00f6n\u00fcl Yazar\u2019\u0131n hayat\u0131ndaki bu ilk evlilik hem sanat\u00e7\u0131n\u0131n kariyerine hem de ki\u015fisel geli\u015fimine y\u00f6n veren olaylardan biri olarak tarihteki yerini ald\u0131.<\/p>\n<h3>G\u00d6N\u00dcL YAZAR ESK\u0130 E\u015e\u0130 NECDET YAZAR K\u0130M?<\/h3>\n<p>1952 y\u0131l\u0131nda hen\u00fcz 14 ya\u015f\u0131nda olan G\u00f6n\u00fcl Yazar, ailesinin izni ve mahkeme karar\u0131yla ya\u015f\u0131n\u0131 b\u00fcy\u00fcterek, d\u00f6nemin tan\u0131nan isimlerinden Necdet Yazar ile evlendi. Bu evlilik, o d\u00f6nemde kamuoyunda b\u00fcy\u00fck yank\u0131 uyand\u0131rd\u0131. Aralar\u0131ndaki 14 ya\u015f fark\u0131, magazin d\u00fcnyas\u0131n\u0131n da dikkatini \u00e7ekerken, \u00e7iftin evlili\u011fi uzun s\u00fcrmedi. G\u00f6n\u00fcl Yazar ile Necdet Yazar\u2019\u0131n birlikteli\u011fi sadece iki y\u0131l s\u00fcrd\u00fc ve 1954 y\u0131l\u0131nda resmen bo\u015fand\u0131lar.<\/p>\n<p><img loading=\"lazy\" decoding=\"async\" class=\"alignnone wp-image-159700\" src=\"https:\/\/www.tgrthaber.com\/mavikadin\/wp-content\/uploads\/haber-gorselleri-fotoshop-2025-04-09T175621.089-1024x576.jpg\" alt=\"G\u00f6n\u00fcl Yazar eski e\u015fi Necdet Yazar kim? Necdet Yazar ya\u015f\u0131yor mu?\" width=\"1208\" height=\"680\" title=\"\" srcset=\"https:\/\/www.tgrthaber.com\/mavikadin\/wp-content\/uploads\/haber-gorselleri-fotoshop-2025-04-09T175621.089-1024x576.jpg 1024w, https:\/\/www.tgrthaber.com\/mavikadin\/wp-content\/uploads\/haber-gorselleri-fotoshop-2025-04-09T175621.089-300x169.jpg 300w, https:\/\/www.tgrthaber.com\/mavikadin\/wp-content\/uploads\/haber-gorselleri-fotoshop-2025-04-09T175621.089-768x432.jpg 768w, https:\/\/www.tgrthaber.com\/mavikadin\/wp-content\/uploads\/haber-gorselleri-fotoshop-2025-04-09T175621.089-1536x864.jpg 1536w, https:\/\/www.tgrthaber.com\/mavikadin\/wp-content\/uploads\/haber-gorselleri-fotoshop-2025-04-09T175621.089.jpg 1600w\" sizes=\"(max-width: 1208px) 100vw, 1208px\" \/><\/p>\n<hr \/>\n<p>Necdet Yazar, yaln\u0131zca G\u00f6n\u00fcl Yazar\u2019\u0131n ilk e\u015fi olarak de\u011fil, ayn\u0131 zamanda T\u00fcrk e\u011flence hayat\u0131n\u0131n tan\u0131nm\u0131\u015f bir fig\u00fcr\u00fc olarak da biliniyor. Gazino i\u015fletmecili\u011fi yapan ve ses sanat\u00e7\u0131l\u0131\u011f\u0131yla da u\u011fra\u015fan Yazar, \u00f6zellikle 1950\u2019li ve 60\u2019l\u0131 y\u0131llarda \u0130stanbul\u2019un renkli hayat\u0131nda iz b\u0131rakan isimler aras\u0131nda yer ald\u0131.<\/p>\n<h3><img loading=\"lazy\" decoding=\"async\" class=\"alignnone wp-image-159704\" src=\"https:\/\/www.tgrthaber.com\/mavikadin\/wp-content\/uploads\/haber-gorselleri-fotoshop-2025-04-09T170252.002-1-1024x576.jpg\" alt=\"G\u00f6n\u00fcl Yazar eski e\u015fi Necdet Yazar kim? Necdet Yazar ya\u015f\u0131yor mu?\" width=\"1208\" height=\"680\" title=\"\" srcset=\"https:\/\/www.tgrthaber.com\/mavikadin\/wp-content\/uploads\/haber-gorselleri-fotoshop-2025-04-09T170252.002-1-1024x576.jpg 1024w, https:\/\/www.tgrthaber.com\/mavikadin\/wp-content\/uploads\/haber-gorselleri-fotoshop-2025-04-09T170252.002-1-300x169.jpg 300w, https:\/\/www.tgrthaber.com\/mavikadin\/wp-content\/uploads\/haber-gorselleri-fotoshop-2025-04-09T170252.002-1-768x432.jpg 768w, https:\/\/www.tgrthaber.com\/mavikadin\/wp-content\/uploads\/haber-gorselleri-fotoshop-2025-04-09T170252.002-1-1536x864.jpg 1536w, https:\/\/www.tgrthaber.com\/mavikadin\/wp-content\/uploads\/haber-gorselleri-fotoshop-2025-04-09T170252.002-1.jpg 1600w\" sizes=\"(max-width: 1208px) 100vw, 1208px\" \/><\/h3>\n<hr \/>\n<h3>NECDET YAZAR YA\u015eIYOR MU?<\/h3>\n<p>\u0130lerleyen y\u0131llarda g\u00f6zlerden uzak bir ya\u015fam s\u00fcren Necdet Yazar, sa\u011fl\u0131k sorunlar\u0131yla m\u00fccadele etmeye ba\u015flad\u0131. Uzun y\u0131llar parkinson hastal\u0131\u011f\u0131 ile m\u00fccadele ediyordu.\u00a0 \u0130zmir\u2019de ya\u015fayan Yazar, akci\u011ferlerinde olu\u015fan enfeksiyon nedeniyle \u0130zmir Atat\u00fcrk E\u011fitim ve Ara\u015ft\u0131rma Hastanesi\u2019ne kald\u0131r\u0131ld\u0131. Yakla\u015f\u0131k 15 g\u00fcn boyunca yo\u011fun bak\u0131mda tedavi g\u00f6ren sanat\u00e7\u0131, 2008 y\u0131l\u0131nda 86 ya\u015f\u0131nda hayata g\u00f6zlerini yumdu.<\/p>\n<p><img loading=\"lazy\" decoding=\"async\" class=\"alignnone wp-image-159702\" src=\"https:\/\/www.tgrthaber.com\/mavikadin\/wp-content\/uploads\/haber-gorselleri-fotoshop-2025-04-09T170308.505-1-1024x576.jpg\" alt=\"G\u00f6n\u00fcl Yazar eski e\u015fi Necdet Yazar kim? Necdet Yazar ya\u015f\u0131yor mu?\" width=\"1208\" height=\"680\" title=\"\" srcset=\"https:\/\/www.tgrthaber.com\/mavikadin\/wp-content\/uploads\/haber-gorselleri-fotoshop-2025-04-09T170308.505-1-1024x576.jpg 1024w, https:\/\/www.tgrthaber.com\/mavikadin\/wp-content\/uploads\/haber-gorselleri-fotoshop-2025-04-09T170308.505-1-300x169.jpg 300w, https:\/\/www.tgrthaber.com\/mavikadin\/wp-content\/uploads\/haber-gorselleri-fotoshop-2025-04-09T170308.505-1-768x432.jpg 768w, https:\/\/www.tgrthaber.com\/mavikadin\/wp-content\/uploads\/haber-gorselleri-fotoshop-2025-04-09T170308.505-1-1536x864.jpg 1536w, https:\/\/www.tgrthaber.com\/mavikadin\/wp-content\/uploads\/haber-gorselleri-fotoshop-2025-04-09T170308.505-1.jpg 1600w\" sizes=\"(max-width: 1208px) 100vw, 1208px\" \/><\/p>\n<hr \/>\n<p>\u00d6l\u00fcm\u00fc, eski e\u015finin ve yak\u0131n \u00e7evresinin yan\u0131 s\u0131ra onu tan\u0131yanlar i\u00e7in de b\u00fcy\u00fck bir \u00fcz\u00fcnt\u00fc kayna\u011f\u0131 oldu. G\u00f6n\u00fcl Yazar, ge\u00e7mi\u015fte yapt\u0131\u011f\u0131 a\u00e7\u0131klamalarda gen\u00e7 ya\u015fta yapt\u0131\u011f\u0131 evlili\u011fin hayat\u0131nda \u00f6nemli bir d\u00f6n\u00fcm noktas\u0131 oldu\u011funu belirtmi\u015fti.<\/p>\n","protected":false},"excerpt":{"rendered":"<p>T\u00fcrk sanat m\u00fczi\u011finin ya\u015fayan efsanelerinden G\u00f6n\u00fcl Yazar\u2019\u0131n gen\u00e7 ya\u015fta yapt\u0131\u011f\u0131 evlilik, y\u0131llar sonra yeniden g\u00fcndeme geldi. \u00dcnl\u00fc sanat\u00e7\u0131n\u0131n hen\u00fcz 14 ya\u015f\u0131ndayken d\u00fcnyaevine girdi\u011fi isim olan Necdet Yazar, m\u00fczik d\u00fcnyas\u0131nda \u00f6nemli bir isim olarak haf\u0131zalarda yer etti. Peki, G\u00f6n\u00fcl Yazar eski e\u015fi Necdet Yazar kim? Necdet Yazar ya\u015f\u0131yor mu? Sizin i\u00e7in ara\u015ft\u0131rd\u0131k\u2026<\/p>\n","protected":false},"author":34,"featured_media":159701,"comment_status":"closed","ping_status":"closed","sticky":false,"template":"","format":"standard","meta":{"rank_math_lock_modified_date":false,"footnotes":""},"categories":[491],"tags":[16521,10596,17348,17346,17347],"class_list":["post-159675","post","type-post","status-publish","format-standard","has-post-thumbnail","hentry","category-biyografi","tag-biyografi-haberleri","tag-gonul-yazar","tag-gonul-yazarin-esi-necdet-yazar","tag-necdet-yazar","tag-necdet-yazar-kimdir"],"_links":{"self":[{"href":"https:\/\/www.tgrthaber.com\/mavikadin\/wp-json\/wp\/v2\/posts\/159675"}],"collection":[{"href":"https:\/\/www.tgrthaber.com\/mavikadin\/wp-json\/wp\/v2\/posts"}],"about":[{"href":"https:\/\/www.tgrthaber.com\/mavikadin\/wp-json\/wp\/v2\/types\/post"}],"author":[{"embeddable":true,"href":"https:\/\/www.tgrthaber.com\/mavikadin\/wp-json\/wp\/v2\/users\/34"}],"replies":[{"embeddable":true,"href":"https:\/\/www.tgrthaber.com\/mavikadin\/wp-json\/wp\/v2\/comments?post=159675"}],"version-history":[{"count":2,"href":"https:\/\/www.tgrthaber.com\/mavikadin\/wp-json\/wp\/v2\/posts\/159675\/revisions"}],"predecessor-version":[{"id":159706,"href":"https:\/\/www.tgrthaber.com\/mavikadin\/wp-json\/wp\/v2\/posts\/159675\/revisions\/159706"}],"wp:featuredmedia":[{"embeddable":true,"href":"https:\/\/www.tgrthaber.com\/mavikadin\/wp-json\/wp\/v2\/media\/159701"}],"wp:attachment":[{"href":"https:\/\/www.tgrthaber.com\/mavikadin\/wp-json\/wp\/v2\/media?parent=159675"}],"wp:term":[{"taxonomy":"category","embeddable":true,"href":"https:\/\/www.tgrthaber.com\/mavikadin\/wp-json\/wp\/v2\/categories?post=159675"},{"taxonomy":"post_tag","embeddable":true,"href":"https:\/\/www.tgrthaber.com\/mavikadin\/wp-json\/wp\/v2\/tags?post=159675"}],"curies":[{"name":"wp","href":"https:\/\/api.w.org\/{rel}","templated":true}]}}