{"id":159726,"date":"2025-04-09T18:36:22","date_gmt":"2025-04-09T15:36:22","guid":{"rendered":"https:\/\/www.tgrthaber.com\/mavikadin\/?p=159726"},"modified":"2025-04-09T18:36:22","modified_gmt":"2025-04-09T15:36:22","slug":"arzum-onan-ve-oglu-can-aslantugun-alisveris-keyfi-genc-kizlarin-yeni-idolu-kim","status":"publish","type":"post","link":"https:\/\/www.tgrthaber.com\/mavikadin\/arzum-onan-ve-oglu-can-aslantugun-alisveris-keyfi-genc-kizlarin-yeni-idolu-kim\/","title":{"rendered":"Arzum Onan ve o\u011flu Can Aslantu\u011f&#8217;un al\u0131\u015fveri\u015f keyfi! Gen\u00e7 k\u0131zlar\u0131n yeni idol\u00fc kim?"},"content":{"rendered":"<p>\u00dcnl\u00fc oyuncu \u00e7ift Arzum Onan ve Mehmet Aslantu\u011f\u2019un o\u011flu Can Aslantu\u011f, ge\u00e7ti\u011fimiz g\u00fcnlerde \u0130stinyePark\u2019ta annesi Arzum Onan ile al\u0131\u015fveri\u015fe \u00e7\u0131karken objektiflere yans\u0131d\u0131. Arzum Onan\u2019\u0131n hayranlar\u0131 ile s\u0131cak bir \u015fekilde sohbet etti\u011fi ve hat\u0131ra foto\u011fraflar\u0131 \u00e7ektirdi\u011fi anlar, al\u0131\u015fveri\u015f turunun en dikkat \u00e7ekici anlar\u0131 oldu. Ancak, herkesin g\u00f6zleri o g\u00fcnlerde b\u00fcy\u00fcyen ve art\u0131k gen\u00e7 ya\u015fta kendi stilini yans\u0131tmaya ba\u015flayan Can Aslantu\u011f\u2019un \u00fczerindeydi.<\/p>\n<h3>ARZUM ONAN O\u011eLUYLA G\u00d6R\u00dcNT\u00dcLEND\u0130<\/h3>\n<p>Gen\u00e7 ya\u015fta olsa da \u015fimdiden dikkatleri \u00fczerine \u00e7eken Can Aslantu\u011f, al\u0131\u015fveri\u015f s\u0131ras\u0131nda spor giyim ma\u011fazalar\u0131na yo\u011fun ilgi g\u00f6sterdi. Gen\u00e7 oyuncu, ald\u0131\u011f\u0131 \u00fcr\u00fcnleri annesi Arzum Onan\u2019a sunarak, onun fikrini ald\u0131. Annesinin stilini be\u011fenen Can Aslantu\u011f, giyimiyle de gen\u00e7 k\u0131zlar\u0131n ilgi oda\u011f\u0131 olmay\u0131 ba\u015fard\u0131. Onan, o\u011flunun yeni tarz\u0131n\u0131 be\u011fenirken, Can Aslantu\u011f\u2019un b\u00fcy\u00fcd\u00fck\u00e7e bir modaya y\u00f6n vermesi ve stilini daha da \u00f6zg\u00fcnle\u015ftirmesi bekleniyor.<\/p>\n<p><img loading=\"lazy\" decoding=\"async\" class=\"alignnone size-full wp-image-159728\" src=\"https:\/\/www.tgrthaber.com\/mavikadin\/wp-content\/uploads\/1-635.png\" alt=\"\" width=\"1280\" height=\"720\" title=\"\" srcset=\"https:\/\/www.tgrthaber.com\/mavikadin\/wp-content\/uploads\/1-635.png 1280w, https:\/\/www.tgrthaber.com\/mavikadin\/wp-content\/uploads\/1-635-300x169.png 300w, https:\/\/www.tgrthaber.com\/mavikadin\/wp-content\/uploads\/1-635-1024x576.png 1024w, https:\/\/www.tgrthaber.com\/mavikadin\/wp-content\/uploads\/1-635-768x432.png 768w\" sizes=\"(max-width: 1280px) 100vw, 1280px\" \/><\/p>\n<hr \/>\n<h3>GEN\u00c7 KIZLARIN YEN\u0130 G\u00d6ZDES\u0130 CAN ASLANTU\u011e<\/h3>\n<p>O\u011flunun b\u00fcy\u00fcmesiyle birlikte annesi Arzum Onan, art\u0131k onun stilini ve pop\u00fclerli\u011fini kendi seviyesinde g\u00f6rmeye ba\u015fl\u0131yor. Can Aslantu\u011f, anne ve babas\u0131n\u0131n izinden giderek ba\u015far\u0131l\u0131 bir oyunculuk kariyerine ad\u0131m atm\u0131\u015f ve \u015fimdiden gen\u00e7 k\u0131zlar\u0131n yeni g\u00f6zdesi olmay\u0131 ba\u015farm\u0131\u015f durumda. Sosyal medyada s\u0131k\u00e7a Can Aslantu\u011f\u2019un payla\u015f\u0131mlar\u0131na rastlan\u0131rken, gen\u00e7lerin ilgisi her ge\u00e7en g\u00fcn art\u0131yor. Onun izledi\u011fi yol, annesinin kariyerini ve g\u00fczelli\u011fini geride b\u0131rakmaya aday gibi g\u00f6r\u00fcn\u00fcyor.<\/p>\n<p><img loading=\"lazy\" decoding=\"async\" class=\"alignnone size-full wp-image-159729\" src=\"https:\/\/www.tgrthaber.com\/mavikadin\/wp-content\/uploads\/2-673.png\" alt=\"\" width=\"1280\" height=\"720\" title=\"\" srcset=\"https:\/\/www.tgrthaber.com\/mavikadin\/wp-content\/uploads\/2-673.png 1280w, https:\/\/www.tgrthaber.com\/mavikadin\/wp-content\/uploads\/2-673-300x169.png 300w, https:\/\/www.tgrthaber.com\/mavikadin\/wp-content\/uploads\/2-673-1024x576.png 1024w, https:\/\/www.tgrthaber.com\/mavikadin\/wp-content\/uploads\/2-673-768x432.png 768w\" sizes=\"(max-width: 1280px) 100vw, 1280px\" \/><\/p>\n<hr \/>\n<h3>ARZUM ONAN VE MEHMET ASLANTU\u011e&#8217;UN EBEVEYNL\u0130\u011e\u0130<\/h3>\n<p>Arzum Onan ve Mehmet Aslantu\u011f, Can Aslantu\u011f\u2019u b\u00fcy\u00fct\u00fcrken, her zaman onun yan\u0131nda olmu\u015f ve ki\u015fisel geli\u015fimine b\u00fcy\u00fck \u00f6zen g\u00f6stermi\u015flerdi. \u0130kili, o\u011fullar\u0131n\u0131n hem \u00f6zel hayat\u0131nda hem de kariyerinde ba\u015far\u0131y\u0131 yakalamas\u0131na katk\u0131da bulunarak ona destek oldular. Onlar\u0131n bu anlay\u0131\u015fl\u0131 ve destekleyici ebeveynlik tarz\u0131, Can Aslantu\u011f\u2019un her anlamda sa\u011fl\u0131kl\u0131 bir \u015fekilde b\u00fcy\u00fcmesine zemin haz\u0131rlad\u0131.<\/p>\n","protected":false},"excerpt":{"rendered":"<p>Arzum Onan, o\u011flu Can Aslantu\u011f ile birlikte \u0130stinyePark\u2019ta al\u0131\u015fveri\u015f yaparken g\u00f6r\u00fcnt\u00fclendi. O\u011flunun tarz\u0131, gen\u00e7 k\u0131zlar\u0131n ilgisini \u00e7ekerken, Arzum Onan hayranlar\u0131yla foto\u011fraf \u00e7ektirdi. \u0130\u015fte detaylar&#8230;<\/p>\n","protected":false},"author":28,"featured_media":159731,"comment_status":"closed","ping_status":"closed","sticky":false,"template":"","format":"standard","meta":{"rank_math_lock_modified_date":false,"footnotes":""},"categories":[76],"tags":[2434,2435,8475],"class_list":["post-159726","post","type-post","status-publish","format-standard","has-post-thumbnail","hentry","category-magazin","tag-arzum-onan","tag-can-aslantug","tag-mehmet-aslantug"],"_links":{"self":[{"href":"https:\/\/www.tgrthaber.com\/mavikadin\/wp-json\/wp\/v2\/posts\/159726"}],"collection":[{"href":"https:\/\/www.tgrthaber.com\/mavikadin\/wp-json\/wp\/v2\/posts"}],"about":[{"href":"https:\/\/www.tgrthaber.com\/mavikadin\/wp-json\/wp\/v2\/types\/post"}],"author":[{"embeddable":true,"href":"https:\/\/www.tgrthaber.com\/mavikadin\/wp-json\/wp\/v2\/users\/28"}],"replies":[{"embeddable":true,"href":"https:\/\/www.tgrthaber.com\/mavikadin\/wp-json\/wp\/v2\/comments?post=159726"}],"version-history":[{"count":2,"href":"https:\/\/www.tgrthaber.com\/mavikadin\/wp-json\/wp\/v2\/posts\/159726\/revisions"}],"predecessor-version":[{"id":159733,"href":"https:\/\/www.tgrthaber.com\/mavikadin\/wp-json\/wp\/v2\/posts\/159726\/revisions\/159733"}],"wp:featuredmedia":[{"embeddable":true,"href":"https:\/\/www.tgrthaber.com\/mavikadin\/wp-json\/wp\/v2\/media\/159731"}],"wp:attachment":[{"href":"https:\/\/www.tgrthaber.com\/mavikadin\/wp-json\/wp\/v2\/media?parent=159726"}],"wp:term":[{"taxonomy":"category","embeddable":true,"href":"https:\/\/www.tgrthaber.com\/mavikadin\/wp-json\/wp\/v2\/categories?post=159726"},{"taxonomy":"post_tag","embeddable":true,"href":"https:\/\/www.tgrthaber.com\/mavikadin\/wp-json\/wp\/v2\/tags?post=159726"}],"curies":[{"name":"wp","href":"https:\/\/api.w.org\/{rel}","templated":true}]}}