{"id":159727,"date":"2025-04-09T18:51:06","date_gmt":"2025-04-09T15:51:06","guid":{"rendered":"https:\/\/www.tgrthaber.com\/mavikadin\/?p=159727"},"modified":"2025-04-09T18:51:06","modified_gmt":"2025-04-09T15:51:06","slug":"sakir-pasa-ailesinin-aysesi-nilsu-berfin-aktas-yeni-imajiyla-herkesi-mest-etti","status":"publish","type":"post","link":"https:\/\/www.tgrthaber.com\/mavikadin\/sakir-pasa-ailesinin-aysesi-nilsu-berfin-aktas-yeni-imajiyla-herkesi-mest-etti\/","title":{"rendered":"\u015eakir Pa\u015fa Ailesi&#8217;nin Ay\u015fe&#8217;si Nilsu Berfin Akta\u015f yeni imaj\u0131yla herkesi mest etti!"},"content":{"rendered":"<p class=\"p1\">Kuzey Y\u0131ld\u0131z\u0131 \u0130lk A\u015fk\u2019tan Kalp Yaras\u0131\u2019na, Gelsin Hayat Bildi\u011fi Gibi\u2019den Yaz \u015eark\u0131s\u0131\u2019na kadar bir\u00e7ok sevilen yap\u0131mda izleyici kar\u015f\u0131s\u0131na \u00e7\u0131kan Nilsu Berfin Akta\u015f, oyunculuk kariyerine h\u0131z kesmeden devam ediyor. \u015eimdilerde \u201c\u015eakir Pa\u015fa Ailesi: Mucizeler ve Skandallar\u201d dizisinde Ay\u015fe karakteriyle ekranlara gelen ba\u015far\u0131l\u0131 oyuncu, yeni rol\u00fcyle de b\u00fcy\u00fck ilgi topluyor. G\u00fczelli\u011fi ve sahnedeki g\u00fc\u00e7l\u00fc duru\u015fuyla ad\u0131ndan s\u0131k\u00e7a s\u00f6z ettiren Akta\u015f, bu kez ge\u00e7irdi\u011fi imaj de\u011fi\u015fikli\u011fiyle sosyal medyan\u0131n g\u00fcndemine oturdu. Kullan\u0131c\u0131lar Nilsu Berfin Akta\u015f\u2019\u0131n yeni imaj\u0131na be\u011feni ve yorum ya\u011fd\u0131rd\u0131.<\/p>\n<h3>\u015eAK\u0130R PA\u015eA A\u0130LES\u0130&#8217;N\u0130N AY\u015eE&#8217;S\u0130 N\u0130LSU BERF\u0130N AKTA\u015e&#8217;IN YEN\u0130 \u0130MAJI G\u00dcNDEM OLDU<\/h3>\n<p class=\"p2\">K\u0131sa s\u00fcrede kendine sa\u011flam bir izleyici kitlesi edinen Nilsu Berfin Akta\u015f, ekran yolculu\u011funa emin ad\u0131mlarla devam ediyor. Daha \u00f6nce yer ald\u0131\u011f\u0131 projelerdeki performanslar\u0131yla ad\u0131ndan s\u0131k\u00e7a s\u00f6z ettiren gen\u00e7 oyuncu, \u015fimdi ise \u2018\u015eakir Pa\u015fa Ailesi: Mucizeler ve Skandallar\u2019 dizisinde Ay\u015fe karakterini oynuyor. Oyunculu\u011funun yan\u0131 s\u0131ra duru g\u00fczelli\u011fiyle de \u00f6ne \u00e7\u0131kan Akta\u015f, son g\u00fcnlerde d\u0131\u015f g\u00f6r\u00fcn\u00fcm\u00fcnde yapt\u0131\u011f\u0131 de\u011fi\u015fiklikle g\u00fcndeme geldi.<\/p>\n<p><img loading=\"lazy\" decoding=\"async\" class=\"alignnone wp-image-159744 size-full\" src=\"https:\/\/www.tgrthaber.com\/mavikadin\/wp-content\/uploads\/Ekran-Resmi-2025-04-09-18.42.21.png\" alt=\"\" width=\"928\" height=\"528\" title=\"\" srcset=\"https:\/\/www.tgrthaber.com\/mavikadin\/wp-content\/uploads\/Ekran-Resmi-2025-04-09-18.42.21.png 928w, https:\/\/www.tgrthaber.com\/mavikadin\/wp-content\/uploads\/Ekran-Resmi-2025-04-09-18.42.21-300x171.png 300w, https:\/\/www.tgrthaber.com\/mavikadin\/wp-content\/uploads\/Ekran-Resmi-2025-04-09-18.42.21-768x437.png 768w\" sizes=\"(max-width: 928px) 100vw, 928px\" \/><\/p>\n<hr \/>\n<p class=\"p1\">Stilinde ger\u00e7ekle\u015ftirdi\u011fi yenilik, sosyal medyada b\u00fcy\u00fck ilgi uyand\u0131rd\u0131. Sa\u00e7 rengini de\u011fi\u015ftirerek farkl\u0131 bir g\u00f6r\u00fcn\u00fcme kavu\u015fan Akta\u015f, takip\u00e7ilerinin yo\u011fun ilgisiyle kar\u015f\u0131la\u015ft\u0131. \u00d6zellikle sar\u0131 sa\u00e7lar\u0131yla verdi\u011fi yeni pozlar k\u0131sa s\u00fcrede binlerce be\u011feni toplarken, kullan\u0131c\u0131lar da olumlu yorumlar\u0131n\u0131 payla\u015fmay\u0131 ihmal etmedi. &#8216;Harika g\u00f6r\u00fcn\u00fcyorsun&#8217;, &#8216;Yeni tarz\u0131n seni daha da g\u00fczelle\u015ftirmi\u015f&#8217;, &#8216;Sar\u0131 sa\u00e7 sana inan\u0131lmaz yak\u0131\u015fm\u0131\u015f&#8217; gibi yorumlar alan Akta\u015f, hem imaj\u0131yla hem de projeleriyle ad\u0131ndan s\u00f6z ettirmeye devam ediyor.<\/p>\n<p><img loading=\"lazy\" decoding=\"async\" class=\"alignnone wp-image-159745 size-full\" src=\"https:\/\/www.tgrthaber.com\/mavikadin\/wp-content\/uploads\/Ekran-Resmi-2025-04-09-18.42.29.png\" alt=\"\" width=\"944\" height=\"534\" title=\"\" srcset=\"https:\/\/www.tgrthaber.com\/mavikadin\/wp-content\/uploads\/Ekran-Resmi-2025-04-09-18.42.29.png 944w, https:\/\/www.tgrthaber.com\/mavikadin\/wp-content\/uploads\/Ekran-Resmi-2025-04-09-18.42.29-300x170.png 300w, https:\/\/www.tgrthaber.com\/mavikadin\/wp-content\/uploads\/Ekran-Resmi-2025-04-09-18.42.29-768x434.png 768w\" sizes=\"(max-width: 944px) 100vw, 944px\" \/><\/p>\n<hr \/>\n<h3>\u015eAK\u0130R PA\u015eA A\u0130LES\u0130&#8217;N\u0130N AY\u015eE&#8217;S\u0130 N\u0130LSU BERF\u0130N AKTA\u015e K\u0130MD\u0130R?<\/h3>\n<p class=\"p1\">1998 y\u0131l\u0131nda d\u00fcnyaya gelen Nilsu Berfin Akta\u015f, oyunculuk hayalini ger\u00e7ekle\u015ftirmek ad\u0131na Yetenek Evi Sanat Akademisi\u2019nde e\u011fitim ald\u0131. Sanatla olan yolculu\u011funa ilk dikkat \u00e7ekici ad\u0131m\u0131n\u0131 2018 y\u0131l\u0131nda, geni\u015f kitlelerin ilgisini \u00e7eken Gelece\u011fin Star\u0131 adl\u0131 yetenek yar\u0131\u015fmas\u0131nda att\u0131. Yar\u0131\u015fmada g\u00f6sterdi\u011fi performansla ismini duyurmay\u0131 ba\u015fard\u0131.<\/p>\n<p><img loading=\"lazy\" decoding=\"async\" class=\"alignnone wp-image-159746 size-large\" src=\"https:\/\/www.tgrthaber.com\/mavikadin\/wp-content\/uploads\/Ekran-Resmi-2025-04-09-18.44.20-1024x580.png\" alt=\"\" width=\"1024\" height=\"580\" title=\"\" srcset=\"https:\/\/www.tgrthaber.com\/mavikadin\/wp-content\/uploads\/Ekran-Resmi-2025-04-09-18.44.20-1024x580.png 1024w, https:\/\/www.tgrthaber.com\/mavikadin\/wp-content\/uploads\/Ekran-Resmi-2025-04-09-18.44.20-300x170.png 300w, https:\/\/www.tgrthaber.com\/mavikadin\/wp-content\/uploads\/Ekran-Resmi-2025-04-09-18.44.20-768x435.png 768w, https:\/\/www.tgrthaber.com\/mavikadin\/wp-content\/uploads\/Ekran-Resmi-2025-04-09-18.44.20.png 1350w\" sizes=\"(max-width: 1024px) 100vw, 1024px\" \/><\/p>\n<hr \/>\n<p class=\"p1\">Oyunculuk kariyerine sa\u011flam bir ba\u015flang\u0131\u00e7 yapmas\u0131, 2019 y\u0131l\u0131nda Ersoy G\u00fcler y\u00f6netmenli\u011finde \u00e7ekilen \u2018Kuzey Y\u0131ld\u0131z\u0131 \u0130lk A\u015fk\u2019 dizisiyle ger\u00e7ekle\u015fti. Bu yap\u0131m, onun sekt\u00f6re giri\u015finin mihenk ta\u015f\u0131 olarak kabul edilirken, izleyicilerin be\u011fenisini kazanarak ona g\u00fc\u00e7l\u00fc bir \u00e7\u0131k\u0131\u015f sa\u011flad\u0131. 2021 y\u0131l\u0131nda ise Onur Tan\u2019\u0131n y\u00f6netti\u011fi \u2018Benim Hayat\u0131m\u2019 adl\u0131 dizide ba\u015frol\u00fc payla\u015fan Akta\u015f, rol\u00fcndeki performans\u0131yla izleyicileri etkilemeyi ba\u015fard\u0131.<\/p>\n","protected":false},"excerpt":{"rendered":"<p>Pek \u00e7ok sevilen yap\u0131mda rol alan Nilsu Berfin Akta\u015f, son olarak \u2018\u015eakir Pa\u015fa Ailesi\u2019 dizisinde oynad\u0131\u011f\u0131 Ay\u015fe karakteriyle izleyiciden tam not ald\u0131. Ba\u015far\u0131l\u0131 oyunculu\u011funun yan\u0131 s\u0131ra, son d\u00f6nemde yeniledi\u011fi imaj\u0131yla da dikkat \u00e7eken \u00fcnl\u00fc oyuncunun son haline be\u011feni ya\u011fd\u0131 <\/p>\n","protected":false},"author":16,"featured_media":159747,"comment_status":"closed","ping_status":"closed","sticky":false,"template":"","format":"standard","meta":{"rank_math_lock_modified_date":false,"footnotes":""},"categories":[76],"tags":[133,2218,17357,17356],"class_list":["post-159727","post","type-post","status-publish","format-standard","has-post-thumbnail","hentry","category-magazin","tag-magazin","tag-magazin-haberleri","tag-sakir-pasa-ailesi-ayse-nilsu-berfin-aktas-yeni-imaj","tag-sakir-pasa-ailesi-nilsu-berfin-aktas-yeni-imaji"],"_links":{"self":[{"href":"https:\/\/www.tgrthaber.com\/mavikadin\/wp-json\/wp\/v2\/posts\/159727"}],"collection":[{"href":"https:\/\/www.tgrthaber.com\/mavikadin\/wp-json\/wp\/v2\/posts"}],"about":[{"href":"https:\/\/www.tgrthaber.com\/mavikadin\/wp-json\/wp\/v2\/types\/post"}],"author":[{"embeddable":true,"href":"https:\/\/www.tgrthaber.com\/mavikadin\/wp-json\/wp\/v2\/users\/16"}],"replies":[{"embeddable":true,"href":"https:\/\/www.tgrthaber.com\/mavikadin\/wp-json\/wp\/v2\/comments?post=159727"}],"version-history":[{"count":1,"href":"https:\/\/www.tgrthaber.com\/mavikadin\/wp-json\/wp\/v2\/posts\/159727\/revisions"}],"predecessor-version":[{"id":159749,"href":"https:\/\/www.tgrthaber.com\/mavikadin\/wp-json\/wp\/v2\/posts\/159727\/revisions\/159749"}],"wp:featuredmedia":[{"embeddable":true,"href":"https:\/\/www.tgrthaber.com\/mavikadin\/wp-json\/wp\/v2\/media\/159747"}],"wp:attachment":[{"href":"https:\/\/www.tgrthaber.com\/mavikadin\/wp-json\/wp\/v2\/media?parent=159727"}],"wp:term":[{"taxonomy":"category","embeddable":true,"href":"https:\/\/www.tgrthaber.com\/mavikadin\/wp-json\/wp\/v2\/categories?post=159727"},{"taxonomy":"post_tag","embeddable":true,"href":"https:\/\/www.tgrthaber.com\/mavikadin\/wp-json\/wp\/v2\/tags?post=159727"}],"curies":[{"name":"wp","href":"https:\/\/api.w.org\/{rel}","templated":true}]}}