{"id":159751,"date":"2025-04-09T19:30:58","date_gmt":"2025-04-09T16:30:58","guid":{"rendered":"https:\/\/www.tgrthaber.com\/mavikadin\/?p=159751"},"modified":"2025-04-09T19:32:54","modified_gmt":"2025-04-09T16:32:54","slug":"faruk-sabanci-nisantasida-menajeriyle-goruntulendi-tarzina-yorum-yagdi","status":"publish","type":"post","link":"https:\/\/www.tgrthaber.com\/mavikadin\/faruk-sabanci-nisantasida-menajeriyle-goruntulendi-tarzina-yorum-yagdi\/","title":{"rendered":"Faruk Sabanc\u0131 Ni\u015fanta\u015f\u0131&#8217;da menajeriyle g\u00f6r\u00fcnt\u00fclendi, tarz\u0131na yorum ya\u011fd\u0131!"},"content":{"rendered":"<p class=\"p1\">Ge\u00e7ti\u011fimiz y\u0131l beklenmedik bir \u015fekilde ili\u015fki ya\u015famaya ba\u015flayan Esra Bilgi\u00e7 ile Sabanc\u0131 ailesinin torunlar\u0131ndan Faruk Sabanc\u0131, yakla\u015f\u0131k sekiz ayd\u0131r uyumlu birlikteliklerini s\u00fcrd\u00fcr\u00fcyor. G\u00f6zlerden uzak ya\u015famay\u0131 tercih eden \u00e7ift, medyadan uzak bir ili\u015fki profili \u00e7izse de zaman zaman g\u00fcndeme geliyor. Son olarak Faruk Sabanc\u0131, Ni\u015fanta\u015f\u0131\u2019nda menajeriyle birlikte objektiflere yans\u0131d\u0131. G\u00fcnl\u00fck ama \u00f6zenli giyimiyle dikkat \u00e7eken Sabanc\u0131, sade \u015f\u0131kl\u0131\u011f\u0131 ve kendine has duru\u015fuyla \u00e7evredekilerin ilgisini \u00e7ekti. Giyim tarz\u0131ndaki cool g\u00f6r\u00fcn\u00fc\u015f\u00fc ile sosyal medyada da olumlu yorumlar ald\u0131.<\/p>\n<h3>FARUK SABANCI N\u0130\u015eANTA\u015eI&#8217;NDA MENAJER\u0130 \u0130LE OBJEKT\u0130FLERE TAKILDI<\/h3>\n<p class=\"p1\">Son d\u00f6nemin dikkat \u00e7eken oyuncular\u0131ndan Esra Bilgi\u00e7, bir s\u00fcredir Sabanc\u0131 ailesinin gen\u00e7 temsilcilerinden Faruk Sabanc\u0131\u2019yla mutlu bir birliktelik ya\u015f\u0131yor.<\/p>\n<p><img loading=\"lazy\" decoding=\"async\" class=\"alignnone wp-image-159767 size-large\" src=\"https:\/\/www.tgrthaber.com\/mavikadin\/wp-content\/uploads\/Ekran-Resmi-2025-04-09-19.22.58-1024x583.png\" alt=\"\" width=\"1024\" height=\"583\" title=\"\" srcset=\"https:\/\/www.tgrthaber.com\/mavikadin\/wp-content\/uploads\/Ekran-Resmi-2025-04-09-19.22.58-1024x583.png 1024w, https:\/\/www.tgrthaber.com\/mavikadin\/wp-content\/uploads\/Ekran-Resmi-2025-04-09-19.22.58-300x171.png 300w, https:\/\/www.tgrthaber.com\/mavikadin\/wp-content\/uploads\/Ekran-Resmi-2025-04-09-19.22.58-768x437.png 768w, https:\/\/www.tgrthaber.com\/mavikadin\/wp-content\/uploads\/Ekran-Resmi-2025-04-09-19.22.58.png 1068w\" sizes=\"(max-width: 1024px) 100vw, 1024px\" \/><\/p>\n<hr \/>\n<p class=\"p1\">\u0130li\u015fkilerini g\u00f6z \u00f6n\u00fcnde ya\u015famamay\u0131 tercih eden ikili, zaman zaman \u00f6zel anlar\u0131n\u0131 \u00f6zenle se\u00e7ilmi\u015f karelerle sosyal medya hesaplar\u0131ndan payla\u015farak takip\u00e7ileriyle bulu\u015fturmay\u0131 ihmal etmiyor.<\/p>\n<p><img loading=\"lazy\" decoding=\"async\" class=\"alignnone wp-image-159766 size-large\" src=\"https:\/\/www.tgrthaber.com\/mavikadin\/wp-content\/uploads\/Faruk-Sabanci-kameralara-yakalandi-Menajeriyle-goruntulendi-tarzina-yorum-yagdi--1024x576.png\" alt=\"\" width=\"1024\" height=\"576\" title=\"\" srcset=\"https:\/\/www.tgrthaber.com\/mavikadin\/wp-content\/uploads\/Faruk-Sabanci-kameralara-yakalandi-Menajeriyle-goruntulendi-tarzina-yorum-yagdi--1024x576.png 1024w, https:\/\/www.tgrthaber.com\/mavikadin\/wp-content\/uploads\/Faruk-Sabanci-kameralara-yakalandi-Menajeriyle-goruntulendi-tarzina-yorum-yagdi--300x169.png 300w, https:\/\/www.tgrthaber.com\/mavikadin\/wp-content\/uploads\/Faruk-Sabanci-kameralara-yakalandi-Menajeriyle-goruntulendi-tarzina-yorum-yagdi--768x432.png 768w, https:\/\/www.tgrthaber.com\/mavikadin\/wp-content\/uploads\/Faruk-Sabanci-kameralara-yakalandi-Menajeriyle-goruntulendi-tarzina-yorum-yagdi--1536x864.png 1536w, https:\/\/www.tgrthaber.com\/mavikadin\/wp-content\/uploads\/Faruk-Sabanci-kameralara-yakalandi-Menajeriyle-goruntulendi-tarzina-yorum-yagdi-.png 1920w\" sizes=\"(max-width: 1024px) 100vw, 1024px\" \/><\/p>\n<hr \/>\n<p class=\"p1\">Ge\u00e7ti\u011fimiz g\u00fcnlerde Faruk Sabanc\u0131, Ni\u015fanta\u015f\u0131\u2019nda menajeriyle birlikte y\u00fcr\u00fcrken objektiflere tak\u0131ld\u0131. G\u00fcnl\u00fck ama \u00f6zenli kombiniyle dikkat \u00e7eken Sabanc\u0131, blazer ceket, sala\u015f pantolon ve ti\u015f\u00f6rtle \u015f\u0131kl\u0131\u011f\u0131 yakalamay\u0131 ba\u015fard\u0131. Sosyal medyada payla\u015f\u0131lan kareler k\u0131sa s\u00fcrede g\u00fcndeme oturdu. Kullan\u0131c\u0131lar Sabanc\u0131\u2019n\u0131n tarz\u0131n\u0131 olduk\u00e7a be\u011fendi. Bir takip\u00e7i, &#8216;Zenginli\u011fin cool hali bu olsa gerek,&#8217; yorumunu yaparken, bir di\u011feri &#8216;Bu kadar sade giyinip bu kadar dikkat \u00e7ekmek ancak Faruk\u2019a yak\u0131\u015f\u0131r,&#8217; ifadelerini kulland\u0131.<\/p>\n<p><img loading=\"lazy\" decoding=\"async\" class=\"alignnone wp-image-159768 size-full\" src=\"https:\/\/www.tgrthaber.com\/mavikadin\/wp-content\/uploads\/Ekran-Resmi-2025-04-09-19.23.40.png\" alt=\"\" width=\"916\" height=\"554\" title=\"\" srcset=\"https:\/\/www.tgrthaber.com\/mavikadin\/wp-content\/uploads\/Ekran-Resmi-2025-04-09-19.23.40.png 916w, https:\/\/www.tgrthaber.com\/mavikadin\/wp-content\/uploads\/Ekran-Resmi-2025-04-09-19.23.40-300x181.png 300w, https:\/\/www.tgrthaber.com\/mavikadin\/wp-content\/uploads\/Ekran-Resmi-2025-04-09-19.23.40-768x464.png 768w\" sizes=\"(max-width: 916px) 100vw, 916px\" \/><\/p>\n<hr \/>\n<h3>FARUK SABANCI K\u0130MD\u0130R?<\/h3>\n<p class=\"p1\">1992 y\u0131l\u0131nda \u0130stanbul\u2019da d\u00fcnyaya gelen Faruk Sabanc\u0131, i\u015f d\u00fcnyas\u0131n\u0131n tan\u0131nan isimlerinden Mehmet Sabanc\u0131\u2019n\u0131n o\u011fludur. Elektronik m\u00fczik sahnesinde kendine sa\u011flam bir yer edinen Sabanc\u0131, house ve dans m\u00fczi\u011fi tarzlar\u0131nda uluslararas\u0131 \u00e7apta \u00fcretim yapan say\u0131l\u0131 DJ ve prod\u00fckt\u00f6rlerden biridir. &#8216;Awaken (Remixed)&#8217; adl\u0131 alb\u00fcm\u00fcyle m\u00fczikseverlerin be\u011fenisini kazanm\u0131\u015ft\u0131r.<\/p>\n<p><img loading=\"lazy\" decoding=\"async\" class=\"alignnone wp-image-159769 size-full\" src=\"https:\/\/www.tgrthaber.com\/mavikadin\/wp-content\/uploads\/Ekran-Resmi-2025-04-09-19.24.45.png\" alt=\"\" width=\"918\" height=\"534\" title=\"\" srcset=\"https:\/\/www.tgrthaber.com\/mavikadin\/wp-content\/uploads\/Ekran-Resmi-2025-04-09-19.24.45.png 918w, https:\/\/www.tgrthaber.com\/mavikadin\/wp-content\/uploads\/Ekran-Resmi-2025-04-09-19.24.45-300x175.png 300w, https:\/\/www.tgrthaber.com\/mavikadin\/wp-content\/uploads\/Ekran-Resmi-2025-04-09-19.24.45-768x447.png 768w\" sizes=\"(max-width: 918px) 100vw, 918px\" \/><\/p>\n<hr \/>\n<p class=\"p1\">Sabrina Signs\u2019la birlikte haz\u0131rlad\u0131\u011f\u0131 &#8216;Home&#8217; adl\u0131 par\u00e7aya \u00e7ekilen video klip ise hem g\u00f6rselli\u011fiyle hem de anlat\u0131m\u0131yla dikkat \u00e7ekti. Klip, heykelt\u0131ra\u015f Mehmet Aksoy\u2019un Polonezk\u00f6y\u2019deki s\u0131ra d\u0131\u015f\u0131 at\u00f6lyesinde \u00e7ekilirken, Brezilyal\u0131 model Beatriz Laite ile Halil G\u00f6k\u00e7ez ba\u015frolde yer ald\u0131.<\/p>\n","protected":false},"excerpt":{"rendered":"<p>Faruk Sabanc\u0131, ge\u00e7ti\u011fimiz g\u00fcn Ni\u015fanta\u015f\u0131 sokaklar\u0131nda menajeriyle birlikte g\u00f6r\u00fcnt\u00fclendi. G\u00fcnl\u00fck ama \u00f6zenli stiliyle dikkat \u00e7eken Sabanc\u0131, sade \u015f\u0131kl\u0131\u011f\u0131yla \u00e7evredeki bak\u0131\u015flar\u0131 \u00fczerine toplad\u0131. <\/p>\n","protected":false},"author":16,"featured_media":159770,"comment_status":"closed","ping_status":"closed","sticky":false,"template":"","format":"standard","meta":{"rank_math_lock_modified_date":false,"footnotes":""},"categories":[76],"tags":[],"class_list":["post-159751","post","type-post","status-publish","format-standard","has-post-thumbnail","hentry","category-magazin"],"_links":{"self":[{"href":"https:\/\/www.tgrthaber.com\/mavikadin\/wp-json\/wp\/v2\/posts\/159751"}],"collection":[{"href":"https:\/\/www.tgrthaber.com\/mavikadin\/wp-json\/wp\/v2\/posts"}],"about":[{"href":"https:\/\/www.tgrthaber.com\/mavikadin\/wp-json\/wp\/v2\/types\/post"}],"author":[{"embeddable":true,"href":"https:\/\/www.tgrthaber.com\/mavikadin\/wp-json\/wp\/v2\/users\/16"}],"replies":[{"embeddable":true,"href":"https:\/\/www.tgrthaber.com\/mavikadin\/wp-json\/wp\/v2\/comments?post=159751"}],"version-history":[{"count":2,"href":"https:\/\/www.tgrthaber.com\/mavikadin\/wp-json\/wp\/v2\/posts\/159751\/revisions"}],"predecessor-version":[{"id":159772,"href":"https:\/\/www.tgrthaber.com\/mavikadin\/wp-json\/wp\/v2\/posts\/159751\/revisions\/159772"}],"wp:featuredmedia":[{"embeddable":true,"href":"https:\/\/www.tgrthaber.com\/mavikadin\/wp-json\/wp\/v2\/media\/159770"}],"wp:attachment":[{"href":"https:\/\/www.tgrthaber.com\/mavikadin\/wp-json\/wp\/v2\/media?parent=159751"}],"wp:term":[{"taxonomy":"category","embeddable":true,"href":"https:\/\/www.tgrthaber.com\/mavikadin\/wp-json\/wp\/v2\/categories?post=159751"},{"taxonomy":"post_tag","embeddable":true,"href":"https:\/\/www.tgrthaber.com\/mavikadin\/wp-json\/wp\/v2\/tags?post=159751"}],"curies":[{"name":"wp","href":"https:\/\/api.w.org\/{rel}","templated":true}]}}