{"id":159776,"date":"2025-04-09T20:29:37","date_gmt":"2025-04-09T17:29:37","guid":{"rendered":"https:\/\/www.tgrthaber.com\/mavikadin\/?p=159776"},"modified":"2025-04-09T20:34:21","modified_gmt":"2025-04-09T17:34:21","slug":"bulent-sakrak-kalbini-bu-kez-duygu-arabaciogluna-kaptirdi","status":"publish","type":"post","link":"https:\/\/www.tgrthaber.com\/mavikadin\/bulent-sakrak-kalbini-bu-kez-duygu-arabaciogluna-kaptirdi\/","title":{"rendered":"B\u00fclent \u015eakrak kalbini bu kez Duygu Arabac\u0131o\u011flu\u2019na kapt\u0131rd\u0131!"},"content":{"rendered":"<p class=\"p1\">\u00d6zel ya\u015fam\u0131yla magazin d\u00fcnyas\u0131nda s\u0131k s\u0131k g\u00fcndeme gelen B\u00fclent \u015eakrak, son d\u00f6nemde a\u015fk hayat\u0131yla konu\u015fulmaya devam ediyor. Ceyda D\u00fcvenci ile olan evlili\u011fini sonland\u0131rd\u0131ktan sonra k\u0131sa s\u00fcreli birliktelikleriyle dikkat \u00e7eken oyuncu, \u00f6nce Esra Akp\u0131nar, ard\u0131ndan Burcu Kirman ile an\u0131lm\u0131\u015ft\u0131. Ancak her iki ili\u015fki de uzun vadeli olmad\u0131. \u015eimdilerde ise \u015eakrak, kalbini ayakkab\u0131 tasar\u0131mc\u0131s\u0131 Duygu Arabac\u0131o\u011flu\u2019na kapt\u0131rd\u0131. \u0130kilinin birlikte vakit ge\u00e7irdi\u011fi anlar sosyal medyada g\u00fcndem olurken, bu yeni a\u015fk magazin camias\u0131nda geni\u015f yank\u0131 uyand\u0131rd\u0131. \u015eakrak, yine ad\u0131ndan s\u00f6z ettirmeyi ba\u015fard\u0131.<\/p>\n<h3>B\u00dcLENT \u015eAKRAK G\u00d6NL\u00dcN\u00dc BU KEZ DUYGU ARABACIO\u011eLU&#8217;NA KAPTIRDI<\/h3>\n<p class=\"p1\">Oyunculuk kariyeri kadar \u00f6zel ya\u015fam\u0131yla da g\u00fcndemden d\u00fc\u015fmeyen B\u00fclent \u015eakrak, bu kez yeni bir a\u015fk haberiyle magazin sayfalar\u0131na konu oldu. Ge\u00e7ti\u011fimiz y\u0131l, Ceyda D\u00fcvenci ile sekiz y\u0131l s\u00fcren evlili\u011fini sonland\u0131ran \u015eakrak, bo\u015fanman\u0131n ard\u0131ndan k\u0131sa s\u00fcre i\u00e7inde oyuncu Esra Akp\u0131nar ile romantik bir birlikteli\u011fe ba\u015flam\u0131\u015ft\u0131. Ancak bu ili\u015fki fazla uzun \u00f6m\u00fcrl\u00fc olmad\u0131. Esra Akp\u0131nar ile yollar\u0131n\u0131 ay\u0131rd\u0131ktan sonra, ad\u0131 bu kez Burcu Kirman\u2019la an\u0131ld\u0131. Fakat bu yak\u0131nla\u015fma da bir s\u00fcre sonra sona erdi.<\/p>\n<p><img loading=\"lazy\" decoding=\"async\" class=\"alignnone wp-image-159786 size-large\" src=\"https:\/\/www.tgrthaber.com\/mavikadin\/wp-content\/uploads\/Ekran-Resmi-2025-04-09-20.16.50-1024x586.png\" alt=\"\" width=\"1024\" height=\"586\" title=\"\" srcset=\"https:\/\/www.tgrthaber.com\/mavikadin\/wp-content\/uploads\/Ekran-Resmi-2025-04-09-20.16.50-1024x586.png 1024w, https:\/\/www.tgrthaber.com\/mavikadin\/wp-content\/uploads\/Ekran-Resmi-2025-04-09-20.16.50-300x172.png 300w, https:\/\/www.tgrthaber.com\/mavikadin\/wp-content\/uploads\/Ekran-Resmi-2025-04-09-20.16.50-768x439.png 768w, https:\/\/www.tgrthaber.com\/mavikadin\/wp-content\/uploads\/Ekran-Resmi-2025-04-09-20.16.50-1536x879.png 1536w, https:\/\/www.tgrthaber.com\/mavikadin\/wp-content\/uploads\/Ekran-Resmi-2025-04-09-20.16.50.png 2038w\" sizes=\"(max-width: 1024px) 100vw, 1024px\" \/><\/p>\n<hr \/>\n<p class=\"p1\">\u015eimdilerde ise B\u00fclent \u015eakrak\u2019\u0131n kalbini ba\u015fka biri \u00e7ald\u0131. Habert\u00fcrk&#8217;te yer alan bilgilere g\u00f6re \u00fcnl\u00fc oyuncu, yakla\u015f\u0131k bir ayd\u0131r ayakkab\u0131 tasar\u0131mc\u0131s\u0131 Duygu Arabac\u0131o\u011flu ile yeni bir ili\u015fki ya\u015f\u0131yor. \u0130kilinin birlikte vakit ge\u00e7irdi\u011fi ve yak\u0131n \u00e7evresine ili\u015fkilerini do\u011frulad\u0131\u011f\u0131 konu\u015fuluyor. Sessizce ba\u015flayan bu birliktelik, magazin kulislerinde h\u0131zla yay\u0131ld\u0131. \u015eakrak ve Arabac\u0131o\u011flu \u00e7ifti, hen\u00fcz kamuoyuna a\u00e7\u0131k bir a\u00e7\u0131klama yapmasa da sosyal medyada bu yeni a\u015fk \u00e7oktan konu\u015fulmaya ba\u015fland\u0131. Bu geli\u015fmeyle birlikte, \u015eakrak \u00f6zel hayat\u0131yla bir kez daha ilgi oda\u011f\u0131 oldu.<\/p>\n<p><img loading=\"lazy\" decoding=\"async\" class=\"alignnone wp-image-159787 size-full\" src=\"https:\/\/www.tgrthaber.com\/mavikadin\/wp-content\/uploads\/Ekran-Resmi-2025-04-09-20.16.36.png\" alt=\"\" width=\"948\" height=\"588\" title=\"\" srcset=\"https:\/\/www.tgrthaber.com\/mavikadin\/wp-content\/uploads\/Ekran-Resmi-2025-04-09-20.16.36.png 948w, https:\/\/www.tgrthaber.com\/mavikadin\/wp-content\/uploads\/Ekran-Resmi-2025-04-09-20.16.36-300x186.png 300w, https:\/\/www.tgrthaber.com\/mavikadin\/wp-content\/uploads\/Ekran-Resmi-2025-04-09-20.16.36-768x476.png 768w\" sizes=\"(max-width: 948px) 100vw, 948px\" \/><\/p>\n<hr \/>\n<h3>B\u00dcLENT \u015eAKRAK K\u0130MD\u0130R?<\/h3>\n<p class=\"p1\">26 A\u011fustos 1977\u2019de \u0130stanbul\u2019da d\u00fcnyaya gelen B\u00fclent \u015eakrak, tiyatroya ilk ad\u0131m\u0131n\u0131 1996 y\u0131l\u0131nda Kartal Sanat \u0130\u015fli\u011fi Tiyatrosu\u2019nda att\u0131. Gen\u00e7lik ve \u00e7ocuk oyunlar\u0131nda sahneye \u00e7\u0131karak ba\u015flad\u0131\u011f\u0131 bu yolculuk, onu 1998\u2019de \u0130stanbul \u00dcniversitesi Devlet Konservatuvar\u0131 Tiyatro B\u00f6l\u00fcm\u00fc\u2019ne ta\u015f\u0131d\u0131.<\/p>\n<p><img loading=\"lazy\" decoding=\"async\" class=\"alignnone wp-image-159788 size-full\" src=\"https:\/\/www.tgrthaber.com\/mavikadin\/wp-content\/uploads\/Ekran-Resmi-2025-04-09-20.18.18.png\" alt=\"\" width=\"936\" height=\"566\" title=\"\" srcset=\"https:\/\/www.tgrthaber.com\/mavikadin\/wp-content\/uploads\/Ekran-Resmi-2025-04-09-20.18.18.png 936w, https:\/\/www.tgrthaber.com\/mavikadin\/wp-content\/uploads\/Ekran-Resmi-2025-04-09-20.18.18-300x181.png 300w, https:\/\/www.tgrthaber.com\/mavikadin\/wp-content\/uploads\/Ekran-Resmi-2025-04-09-20.18.18-768x464.png 768w\" sizes=\"(max-width: 936px) 100vw, 936px\" \/><\/p>\n<hr \/>\n<p class=\"p1\">M\u00fcjdat Gezen Sanat Merkezi ve Yayla Sanat Merkezi gibi \u00e7e\u015fitli tiyatrolarda deneyim kazanan \u015eakrak, 2004\u2019ten bu yana Kent Oyuncular\u0131 ekibinde yer al\u0131yor. \u00d6l\u00fcm\u00fcne, 39 Basamak, Kumarbaz\u0131n Se\u00e7imi gibi bir\u00e7ok oyunda sahne ald\u0131. Televizyon dizileri ve sinema filmlerinin de aranan y\u00fcz\u00fc olan B\u00fclent \u015eakrak, rol ald\u0131\u011f\u0131 yap\u0131mlarla ve \u00f6zel hayat\u0131yla dikkat \u00e7ekmeye devam ediyor.<\/p>\n","protected":false},"excerpt":{"rendered":"<p>Oyuncu B\u00fclent \u015eakrak, yeni bir a\u015fka yelken a\u00e7t\u0131. Yakla\u015f\u0131k bir ayd\u0131r ad\u0131 ayakkab\u0131 tasar\u0131mc\u0131s\u0131 Duygu Arabac\u0131o\u011flu ile an\u0131lmaya ba\u015flayan oyuncunun yeni birlikteli\u011fi sosyal medyada g\u00fcndem oldu. <\/p>\n","protected":false},"author":16,"featured_media":159790,"comment_status":"closed","ping_status":"closed","sticky":false,"template":"","format":"standard","meta":{"rank_math_lock_modified_date":false,"footnotes":""},"categories":[76],"tags":[17368,17369,133,2218],"class_list":["post-159776","post","type-post","status-publish","format-standard","has-post-thumbnail","hentry","category-magazin","tag-bulent-sakrak-duygu-arabacioglu-ask-yasiyor","tag-bulent-sakrak-duygu-arabacioglu-sevgili","tag-magazin","tag-magazin-haberleri"],"_links":{"self":[{"href":"https:\/\/www.tgrthaber.com\/mavikadin\/wp-json\/wp\/v2\/posts\/159776"}],"collection":[{"href":"https:\/\/www.tgrthaber.com\/mavikadin\/wp-json\/wp\/v2\/posts"}],"about":[{"href":"https:\/\/www.tgrthaber.com\/mavikadin\/wp-json\/wp\/v2\/types\/post"}],"author":[{"embeddable":true,"href":"https:\/\/www.tgrthaber.com\/mavikadin\/wp-json\/wp\/v2\/users\/16"}],"replies":[{"embeddable":true,"href":"https:\/\/www.tgrthaber.com\/mavikadin\/wp-json\/wp\/v2\/comments?post=159776"}],"version-history":[{"count":2,"href":"https:\/\/www.tgrthaber.com\/mavikadin\/wp-json\/wp\/v2\/posts\/159776\/revisions"}],"predecessor-version":[{"id":159793,"href":"https:\/\/www.tgrthaber.com\/mavikadin\/wp-json\/wp\/v2\/posts\/159776\/revisions\/159793"}],"wp:featuredmedia":[{"embeddable":true,"href":"https:\/\/www.tgrthaber.com\/mavikadin\/wp-json\/wp\/v2\/media\/159790"}],"wp:attachment":[{"href":"https:\/\/www.tgrthaber.com\/mavikadin\/wp-json\/wp\/v2\/media?parent=159776"}],"wp:term":[{"taxonomy":"category","embeddable":true,"href":"https:\/\/www.tgrthaber.com\/mavikadin\/wp-json\/wp\/v2\/categories?post=159776"},{"taxonomy":"post_tag","embeddable":true,"href":"https:\/\/www.tgrthaber.com\/mavikadin\/wp-json\/wp\/v2\/tags?post=159776"}],"curies":[{"name":"wp","href":"https:\/\/api.w.org\/{rel}","templated":true}]}}