{"id":159794,"date":"2025-04-09T20:55:20","date_gmt":"2025-04-09T17:55:20","guid":{"rendered":"https:\/\/www.tgrthaber.com\/mavikadin\/?p=159794"},"modified":"2025-04-09T20:58:03","modified_gmt":"2025-04-09T17:58:03","slug":"duygu-arabacioglu-kimdir-ne-is-yapiyor-bulent-sakrakin-sevgilisi-aslen-nereli-hayati-arastiriliyor","status":"publish","type":"post","link":"https:\/\/www.tgrthaber.com\/mavikadin\/duygu-arabacioglu-kimdir-ne-is-yapiyor-bulent-sakrakin-sevgilisi-aslen-nereli-hayati-arastiriliyor\/","title":{"rendered":"Duygu Arabac\u0131o\u011flu kimdir ne i\u015f yap\u0131yor? B\u00fclent \u015eakrak\u2019\u0131n sevgilisi aslen nereli? Hayat\u0131 ara\u015ft\u0131r\u0131l\u0131yor"},"content":{"rendered":"<p class=\"p1\">Oyunculuk kariyerinin yan\u0131 s\u0131ra \u00f6zel hayat\u0131yla da s\u0131k s\u0131k g\u00fcndeme gelen B\u00fclent \u015eakrak, Ceyda D\u00fcvenci ile olan evlili\u011fini noktalad\u0131ktan sonra a\u015fk hayat\u0131yla magazin d\u00fcnyas\u0131n\u0131n radar\u0131na tak\u0131lmaya devam ediyor. K\u0131sa s\u00fcre \u00f6nce yollar\u0131n\u0131 ay\u0131rd\u0131\u011f\u0131 Burcu Kirman\u2019la ya\u015fad\u0131\u011f\u0131 ili\u015fki konu\u015fulurken, \u015fimdi de kalbini 31 ya\u015f\u0131ndaki tasar\u0131mc\u0131 Duygu Arabac\u0131o\u011flu\u2019na kapt\u0131rd\u0131\u011f\u0131 konu\u015fuluyor. \u00dcnl\u00fc oyuncunun bu yeni ili\u015fkisi magazin kulislerinde h\u0131zl\u0131ca yay\u0131ld\u0131. \u0130\u015fte B\u00fclent \u015eakrak\u2019\u0131n yeni sevgilisi Duygu Arabac\u0131o\u011flu&#8217;nun hayat\u0131na dair merak edilenler..<\/p>\n<h3>B\u00dcLENT \u015eAKRAK DUYGU ARABACIO\u011eLU \u0130LE A\u015eK YA\u015eIYOR<\/h3>\n<p class=\"p1\">Ba\u015far\u0131l\u0131 oyuncu B\u00fclent \u015eakrak, 2024 yaz\u0131nda sekiz y\u0131ll\u0131k evlili\u011fini sonland\u0131rarak Ceyda D\u00fcvenci ile yollar\u0131n\u0131 ay\u0131rm\u0131\u015ft\u0131. Bu ayr\u0131l\u0131\u011f\u0131n ard\u0131ndan \u00f6zel hayat\u0131nda yeni bir d\u00f6nem ba\u015flayan \u015eakrak, \u00f6nce oyuncu Esra Akp\u0131nar\u2019la k\u0131sa s\u00fcreli bir ili\u015fki ya\u015fad\u0131. Ard\u0131ndan Burcu Kirman\u2019la ad\u0131 an\u0131lan \u00fcnl\u00fc oyuncu, bu ili\u015fkilerle magazin g\u00fcndeminden d\u00fc\u015fmedi. Ancak bu birliktelikler uzun soluklu olmad\u0131.<\/p>\n<p><img loading=\"lazy\" decoding=\"async\" class=\"alignnone wp-image-159801 size-large\" src=\"https:\/\/www.tgrthaber.com\/mavikadin\/wp-content\/uploads\/Ekran-Resmi-2025-04-09-20.16.44-1024x568.png\" alt=\"\" width=\"1024\" height=\"568\" title=\"\" srcset=\"https:\/\/www.tgrthaber.com\/mavikadin\/wp-content\/uploads\/Ekran-Resmi-2025-04-09-20.16.44-1024x568.png 1024w, https:\/\/www.tgrthaber.com\/mavikadin\/wp-content\/uploads\/Ekran-Resmi-2025-04-09-20.16.44-300x167.png 300w, https:\/\/www.tgrthaber.com\/mavikadin\/wp-content\/uploads\/Ekran-Resmi-2025-04-09-20.16.44-768x426.png 768w, https:\/\/www.tgrthaber.com\/mavikadin\/wp-content\/uploads\/Ekran-Resmi-2025-04-09-20.16.44-1536x853.png 1536w, https:\/\/www.tgrthaber.com\/mavikadin\/wp-content\/uploads\/Ekran-Resmi-2025-04-09-20.16.44.png 2014w\" sizes=\"(max-width: 1024px) 100vw, 1024px\" \/><\/p>\n<hr \/>\n<p class=\"p1\">\u015eimdi ise B\u00fclent \u015eakrak\u2019\u0131n yeni bir a\u015fka yelken a\u00e7t\u0131\u011f\u0131 konu\u015fuluyor. \u0130ddialara g\u00f6re \u00fcnl\u00fc oyuncunun g\u00f6nl\u00fcn\u00fc \u00e7alan isim, 31 ya\u015f\u0131ndaki ayakkab\u0131 tasar\u0131mc\u0131s\u0131 Duygu Arabac\u0131o\u011flu. \u0130kilinin yakla\u015f\u0131k bir ayd\u0131r birlikte oldu\u011fu ve ili\u015fkilerini g\u00f6zlerden uzak bir \u015fekilde s\u00fcrd\u00fcrd\u00fc\u011f\u00fc \u00f6\u011frenildi. Magazin kulislerinde dola\u015fan bilgilere g\u00f6re \u00e7ift, hen\u00fcz kamuoyuna resmi bir a\u00e7\u0131klama yapmad\u0131. Habert\u00fcrk\u2019te yer alan bilgilere g\u00f6re ikilinin a\u015fk\u0131 dolu dizgin devam ediyor.<\/p>\n<p><img loading=\"lazy\" decoding=\"async\" class=\"alignnone wp-image-159803 size-full\" src=\"https:\/\/www.tgrthaber.com\/mavikadin\/wp-content\/uploads\/Ekran-Resmi-2025-04-09-20.16.36-1.png\" alt=\"\" width=\"948\" height=\"588\" title=\"\" srcset=\"https:\/\/www.tgrthaber.com\/mavikadin\/wp-content\/uploads\/Ekran-Resmi-2025-04-09-20.16.36-1.png 948w, https:\/\/www.tgrthaber.com\/mavikadin\/wp-content\/uploads\/Ekran-Resmi-2025-04-09-20.16.36-1-300x186.png 300w, https:\/\/www.tgrthaber.com\/mavikadin\/wp-content\/uploads\/Ekran-Resmi-2025-04-09-20.16.36-1-768x476.png 768w\" sizes=\"(max-width: 948px) 100vw, 948px\" \/><\/p>\n<hr \/>\n<h3>B\u00dcLENT \u015eAKRAK&#8217;IN SEVG\u0130L\u0130S\u0130 DUYGU ARABACIO\u011eLU K\u0130MD\u0130R, NE \u0130\u015e YAPIYOR?<\/h3>\n<p class=\"p1\">B\u00fclent \u015eakrak\u2019\u0131n kalbini \u00e7alan yeni sevgilisiyle ilgili detaylar yava\u015f yava\u015f g\u00fcn y\u00fcz\u00fcne \u00e7\u0131k\u0131yor. Edinilen bilgilere g\u00f6re, \u015eakrak\u2019\u0131n birlikte oldu\u011fu ki\u015finin 31 ya\u015f\u0131nda oldu\u011fu ve ayakkab\u0131 tasar\u0131m\u0131yla u\u011fra\u015ft\u0131\u011f\u0131 biliniyor. Moda ve tasar\u0131m d\u00fcnyas\u0131nda aktif oldu\u011fu bilinen bu ismin, sosyal medya ve bas\u0131nda hen\u00fcz \u00e7ok fazla g\u00f6r\u00fcn\u00fcr olmamas\u0131 ise dikkat \u00e7ekiyor.<\/p>\n<p class=\"p1\">\u00d6zel hayat\u0131n\u0131 kameralardan uzak ya\u015famay\u0131 tercih eden Duygu Arabac\u0131o\u011flu hakk\u0131nda kamuoyuna yans\u0131yan bilgiler olduk\u00e7a s\u0131n\u0131rl\u0131. \u015eimdilik sadece mesle\u011fi ve ya\u015f\u0131 bilinse de, magazin d\u00fcnyas\u0131 yeni detaylar\u0131n pe\u015finde. Arabac\u0131o\u011flu&#8217;nun hayat\u0131na dair yeni bilgiler edinildik\u00e7e haberimiz g\u00fcncellenecektir.<\/p>\n","protected":false},"excerpt":{"rendered":"<p>B\u00fclent \u015eakrak\u2019\u0131n yeni sevgilisi Duygu Arabac\u0131o\u011flu\u2019nun hayat\u0131 merak konusu oldu. Peki Duygu Arabac\u0131o\u011flu kimdir, ne i\u015f yap\u0131yor? \u0130\u015fte merak edilen sorular\u0131n cevaplar\u0131\u2026 <\/p>\n","protected":false},"author":16,"featured_media":159804,"comment_status":"closed","ping_status":"closed","sticky":false,"template":"","format":"standard","meta":{"rank_math_lock_modified_date":false,"footnotes":""},"categories":[491],"tags":[17377,17375,17376],"class_list":["post-159794","post","type-post","status-publish","format-standard","has-post-thumbnail","hentry","category-biyografi","tag-duygu-arabacioglu-bulent-sakrak-sevgili-kimdir","tag-duygu-arabacioglu-kimdir","tag-duygu-arabacioglu-ne-is-yapiyor"],"_links":{"self":[{"href":"https:\/\/www.tgrthaber.com\/mavikadin\/wp-json\/wp\/v2\/posts\/159794"}],"collection":[{"href":"https:\/\/www.tgrthaber.com\/mavikadin\/wp-json\/wp\/v2\/posts"}],"about":[{"href":"https:\/\/www.tgrthaber.com\/mavikadin\/wp-json\/wp\/v2\/types\/post"}],"author":[{"embeddable":true,"href":"https:\/\/www.tgrthaber.com\/mavikadin\/wp-json\/wp\/v2\/users\/16"}],"replies":[{"embeddable":true,"href":"https:\/\/www.tgrthaber.com\/mavikadin\/wp-json\/wp\/v2\/comments?post=159794"}],"version-history":[{"count":2,"href":"https:\/\/www.tgrthaber.com\/mavikadin\/wp-json\/wp\/v2\/posts\/159794\/revisions"}],"predecessor-version":[{"id":159807,"href":"https:\/\/www.tgrthaber.com\/mavikadin\/wp-json\/wp\/v2\/posts\/159794\/revisions\/159807"}],"wp:featuredmedia":[{"embeddable":true,"href":"https:\/\/www.tgrthaber.com\/mavikadin\/wp-json\/wp\/v2\/media\/159804"}],"wp:attachment":[{"href":"https:\/\/www.tgrthaber.com\/mavikadin\/wp-json\/wp\/v2\/media?parent=159794"}],"wp:term":[{"taxonomy":"category","embeddable":true,"href":"https:\/\/www.tgrthaber.com\/mavikadin\/wp-json\/wp\/v2\/categories?post=159794"},{"taxonomy":"post_tag","embeddable":true,"href":"https:\/\/www.tgrthaber.com\/mavikadin\/wp-json\/wp\/v2\/tags?post=159794"}],"curies":[{"name":"wp","href":"https:\/\/api.w.org\/{rel}","templated":true}]}}