{"id":159808,"date":"2025-04-09T21:34:56","date_gmt":"2025-04-09T18:34:56","guid":{"rendered":"https:\/\/www.tgrthaber.com\/mavikadin\/?p=159808"},"modified":"2025-04-09T21:34:56","modified_gmt":"2025-04-09T18:34:56","slug":"hudutsuz-sevdaya-yeni-soluk-murat-danaci-russo-karakteriyle-diziye-dahil-oldu","status":"publish","type":"post","link":"https:\/\/www.tgrthaber.com\/mavikadin\/hudutsuz-sevdaya-yeni-soluk-murat-danaci-russo-karakteriyle-diziye-dahil-oldu\/","title":{"rendered":"Hudutsuz Sevda\u2019ya yeni soluk! Murat Danac\u0131 Russo karakteriyle diziye dahil oldu"},"content":{"rendered":"<p class=\"p1\">NOW ekranlar\u0131nda ikinci sezonuyla be\u011feni toplayan &#8216;Hudutsuz Sevda&#8217;, oyuncu kadrosuna s\u00fcrpriz bir ismi daha ekledi. Ba\u015far\u0131l\u0131 performanslar\u0131yla tan\u0131nan Murat Danac\u0131, dizinin ilerleyen b\u00f6l\u00fcmlerinde izleyici kar\u015f\u0131s\u0131na \u00e7\u0131kmaya haz\u0131rlan\u0131yor. Medyap\u0131m imzas\u0131 ta\u015f\u0131yan yap\u0131m, may\u0131s sonunda sezon finali yapmaya haz\u0131rlan\u0131rken, \u00fc\u00e7\u00fcnc\u00fc sezona dair kesin bir a\u00e7\u0131klama ise hen\u00fcz yap\u0131lmad\u0131. Dizinin yeni b\u00f6l\u00fcmlerinde Murat Danac\u0131\u2019n\u0131n oynayaca\u011f\u0131 karakterin, hik\u00e2yede nas\u0131l bir rol oynayaca\u011f\u0131 \u015fimdiden merak konusu oldu. Hudutsuz Sevda, g\u00fc\u00e7l\u00fc oyuncu kadrosu ve s\u00fcr\u00fckleyici kurgusuyla sezon boyunca ad\u0131ndan s\u00f6z ettirmeyi ba\u015fard\u0131.<\/p>\n<h3>MURAT DANACI HUDUTSUZ SEVDA&#8217;NIN KADROSUNA KATILDI<\/h3>\n<p class=\"p1\">Ekran yolculu\u011funa emin ad\u0131mlarla devam eden &#8216;Hudutsuz Sevda&#8217;, s\u00fcr\u00fckleyici hik\u00e2yesi ve ba\u015far\u0131l\u0131 oyuncu kadrosuyla NOW izleyicisinin ilgisini ikinci sezon boyunca da canl\u0131 tutmay\u0131 ba\u015fard\u0131. Sevilen diziye bu kez s\u00fcrpriz bir isim dahil oldu. Deneyimli oyuncu Murat Danac\u0131, kadroya kat\u0131larak hik\u00e2yeye yeni bir soluk getirecek. Rol\u00fcyle nas\u0131l bir etki olu\u015fturaca\u011f\u0131 merakla beklenen Danac\u0131\u2019n\u0131n performans\u0131n\u0131n, dizinin gidi\u015fat\u0131na y\u00f6n verece\u011fi konu\u015fuluyor.<\/p>\n<p><img loading=\"lazy\" decoding=\"async\" class=\"alignnone wp-image-159810 size-full\" src=\"https:\/\/www.tgrthaber.com\/mavikadin\/wp-content\/uploads\/Ekran-Resmi-2025-04-09-21.16.19.png\" alt=\"\" width=\"950\" height=\"508\" title=\"\" srcset=\"https:\/\/www.tgrthaber.com\/mavikadin\/wp-content\/uploads\/Ekran-Resmi-2025-04-09-21.16.19.png 950w, https:\/\/www.tgrthaber.com\/mavikadin\/wp-content\/uploads\/Ekran-Resmi-2025-04-09-21.16.19-300x160.png 300w, https:\/\/www.tgrthaber.com\/mavikadin\/wp-content\/uploads\/Ekran-Resmi-2025-04-09-21.16.19-768x411.png 768w\" sizes=\"(max-width: 950px) 100vw, 950px\" \/><\/p>\n<hr \/>\n<p class=\"p1\">Medyap\u0131m imzas\u0131n\u0131 ta\u015f\u0131yan ve geni\u015f izleyici kitlesine hitap eden yap\u0131m\u0131n may\u0131s ay\u0131 sonunda sezon finali yapmas\u0131 planlan\u0131yor. Ancak \u00fc\u00e7\u00fcnc\u00fc sezonun gelip gelmeyece\u011fi konusunda hen\u00fcz resmi bir a\u00e7\u0131klama yap\u0131lm\u0131\u015f de\u011fil. Yap\u0131m ekibi ve kanal y\u00f6netimi, dizinin gelece\u011fine dair kararlar\u0131n\u0131 sezon finaline yakla\u015f\u0131rken netle\u015ftirecek. Hudutsuz Sevda, hem g\u00fc\u00e7l\u00fc oyunculuklar\u0131 hem de izleyiciyi i\u00e7ine \u00e7eken senaryosuyla iki sezondur ad\u0131ndan s\u00f6z ettiriyor. Murat Danac\u0131\u2019n\u0131n kat\u0131l\u0131m\u0131yla birlikte dizinin temposunun daha da artmas\u0131 beklenirken, seyirciler geli\u015fmeleri merakla takip ediyor.<\/p>\n<p><img loading=\"lazy\" decoding=\"async\" class=\"alignnone wp-image-159811 size-full\" src=\"https:\/\/www.tgrthaber.com\/mavikadin\/wp-content\/uploads\/Ekran-Resmi-2025-04-09-21.16.32.png\" alt=\"\" width=\"960\" height=\"560\" title=\"\" srcset=\"https:\/\/www.tgrthaber.com\/mavikadin\/wp-content\/uploads\/Ekran-Resmi-2025-04-09-21.16.32.png 960w, https:\/\/www.tgrthaber.com\/mavikadin\/wp-content\/uploads\/Ekran-Resmi-2025-04-09-21.16.32-300x175.png 300w, https:\/\/www.tgrthaber.com\/mavikadin\/wp-content\/uploads\/Ekran-Resmi-2025-04-09-21.16.32-768x448.png 768w\" sizes=\"(max-width: 960px) 100vw, 960px\" \/><\/p>\n<hr \/>\n<h3>MURAT DANACI K\u0130MD\u0130R?<\/h3>\n<p class=\"p1\">Murat Danac\u0131, 25 Temmuz 1976\u2019da Manisa\u2019da do\u011fmu\u015ftur. Tiyatro ve televizyon d\u00fcnyas\u0131nda kendine sa\u011flam bir yer edinen Danac\u0131, \u00f6zellikle Ankara\u2019da \u00e7ekilen &#8216;Beni Affet&#8217; adl\u0131 dizide oynad\u0131\u011f\u0131 C\u00fcneyt Kozan karakteriyle geni\u015f kitlelerce tan\u0131nm\u0131\u015ft\u0131r.<\/p>\n<p><img loading=\"lazy\" decoding=\"async\" class=\"alignnone wp-image-159812 size-large\" src=\"https:\/\/www.tgrthaber.com\/mavikadin\/wp-content\/uploads\/Ekran-Resmi-2025-04-09-21.16.25-1024x563.png\" alt=\"\" width=\"1024\" height=\"563\" title=\"\" srcset=\"https:\/\/www.tgrthaber.com\/mavikadin\/wp-content\/uploads\/Ekran-Resmi-2025-04-09-21.16.25-1024x563.png 1024w, https:\/\/www.tgrthaber.com\/mavikadin\/wp-content\/uploads\/Ekran-Resmi-2025-04-09-21.16.25-300x165.png 300w, https:\/\/www.tgrthaber.com\/mavikadin\/wp-content\/uploads\/Ekran-Resmi-2025-04-09-21.16.25-768x422.png 768w, https:\/\/www.tgrthaber.com\/mavikadin\/wp-content\/uploads\/Ekran-Resmi-2025-04-09-21.16.25.png 1066w\" sizes=\"(max-width: 1024px) 100vw, 1024px\" \/><\/p>\n<hr \/>\n<p class=\"p1\">Sanat e\u011fitimini Anadolu \u00dcniversitesi Devlet Konservatuvar\u0131 Tiyatro B\u00f6l\u00fcm\u00fc\u2019nde tamamlam\u0131\u015f, ard\u0131ndan Eski\u015fehir B\u00fcy\u00fck\u015fehir Belediyesi \u015eehir Tiyatrolar\u0131\u2019nda profesyonel kariyerine devam etmi\u015ftir. Sahne performanslar\u0131yla da be\u011feni toplayan ba\u015far\u0131l\u0131 oyuncunun, Can isminde bir o\u011flu bulunmaktad\u0131r. Hem baba kimli\u011fiyle hem de sahnedeki duru\u015fuyla sevilen isimler aras\u0131nda yer almaktad\u0131r.<\/p>\n","protected":false},"excerpt":{"rendered":"<p>Hudutsuz Sevda, ikinci sezonunda izleyiciyi ekran ba\u015f\u0131na kilitlemeye devam ederken, diziye s\u00fcrpriz bir isim kat\u0131ld\u0131. Ba\u015far\u0131l\u0131 oyuncu Murat Danac\u0131, yeni b\u00f6l\u00fcmlerde izleyiciyle bulu\u015fmaya haz\u0131rlan\u0131yor. <\/p>\n","protected":false},"author":16,"featured_media":159819,"comment_status":"closed","ping_status":"closed","sticky":false,"template":"","format":"standard","meta":{"rank_math_lock_modified_date":false,"footnotes":""},"categories":[602],"tags":[2628,17379,17378,17380],"class_list":["post-159808","post","type-post","status-publish","format-standard","has-post-thumbnail","hentry","category-diziler","tag-dizi-haberleri","tag-hudutsuz-sevda-kadrosunda-murat-danaci","tag-hudutsuz-sevda-murat-danaci","tag-murat-danaci-kimdir"],"_links":{"self":[{"href":"https:\/\/www.tgrthaber.com\/mavikadin\/wp-json\/wp\/v2\/posts\/159808"}],"collection":[{"href":"https:\/\/www.tgrthaber.com\/mavikadin\/wp-json\/wp\/v2\/posts"}],"about":[{"href":"https:\/\/www.tgrthaber.com\/mavikadin\/wp-json\/wp\/v2\/types\/post"}],"author":[{"embeddable":true,"href":"https:\/\/www.tgrthaber.com\/mavikadin\/wp-json\/wp\/v2\/users\/16"}],"replies":[{"embeddable":true,"href":"https:\/\/www.tgrthaber.com\/mavikadin\/wp-json\/wp\/v2\/comments?post=159808"}],"version-history":[{"count":1,"href":"https:\/\/www.tgrthaber.com\/mavikadin\/wp-json\/wp\/v2\/posts\/159808\/revisions"}],"predecessor-version":[{"id":159820,"href":"https:\/\/www.tgrthaber.com\/mavikadin\/wp-json\/wp\/v2\/posts\/159808\/revisions\/159820"}],"wp:featuredmedia":[{"embeddable":true,"href":"https:\/\/www.tgrthaber.com\/mavikadin\/wp-json\/wp\/v2\/media\/159819"}],"wp:attachment":[{"href":"https:\/\/www.tgrthaber.com\/mavikadin\/wp-json\/wp\/v2\/media?parent=159808"}],"wp:term":[{"taxonomy":"category","embeddable":true,"href":"https:\/\/www.tgrthaber.com\/mavikadin\/wp-json\/wp\/v2\/categories?post=159808"},{"taxonomy":"post_tag","embeddable":true,"href":"https:\/\/www.tgrthaber.com\/mavikadin\/wp-json\/wp\/v2\/tags?post=159808"}],"curies":[{"name":"wp","href":"https:\/\/api.w.org\/{rel}","templated":true}]}}