{"id":159809,"date":"2025-04-09T21:36:29","date_gmt":"2025-04-09T18:36:29","guid":{"rendered":"https:\/\/www.tgrthaber.com\/mavikadin\/?p=159809"},"modified":"2025-04-09T21:37:49","modified_gmt":"2025-04-09T18:37:49","slug":"masterchefi-sampiyonu-ugur-kardas-baba-oldu-o-anlari-boyle-paylasti","status":"publish","type":"post","link":"https:\/\/www.tgrthaber.com\/mavikadin\/masterchefi-sampiyonu-ugur-kardas-baba-oldu-o-anlari-boyle-paylasti\/","title":{"rendered":"MasterChef\u2019i \u015fampiyonu U\u011fur Karda\u015f baba oldu! O anlar\u0131 b\u00f6yle payla\u015ft\u0131"},"content":{"rendered":"<p>MasterChef T\u00fcrkiye&#8217;nin 2018 sezonunda sergiledi\u011fi performansla ad\u0131n\u0131 haf\u0131zalara kaz\u0131yan ve \u015fampiyonluk unvan\u0131n\u0131 kazanan U\u011fur Karda\u015f, bu kez bamba\u015fka bir heyecanla g\u00fcndemde. Yar\u0131\u015fmadaki ba\u015far\u0131s\u0131yla geni\u015f bir hayran kitlesine ula\u015fan Karda\u015f, sosyal medya hesab\u0131ndan yapt\u0131\u011f\u0131 i\u00e7ten ve duygusal payla\u015f\u0131mla baba oldu\u011funu duyurdu. E\u015fi Gamze Karda\u015f ile birlikte ilk \u00e7ocuklar\u0131n\u0131 kucaklar\u0131na alan ba\u015far\u0131l\u0131 \u015fef, k\u0131z\u0131 Lara\u2019n\u0131n do\u011fumuyla hayat\u0131n\u0131n en \u00f6zel anlar\u0131ndan birini ya\u015fad\u0131. Detaylar ise haberimizde&#8230;<\/p>\n<h3>MASTERCHEF&#8217;TE F\u0130NALE KALDI, \u015eAMP\u0130YONLUKLA ADINDAN S\u00d6Z ETT\u0130RD\u0130<\/h3>\n<p>2018 y\u0131l\u0131nda TV8 ekranlar\u0131nda yay\u0131nlanan MasterChef yar\u0131\u015fmas\u0131nda finalde rakibi Kerem&#8217;i geride b\u0131rakarak \u015fampiyonlu\u011fa ula\u015fan U\u011fur Karda\u015f, o d\u00f6nemde hem yetene\u011fi hem de m\u00fctevaz\u0131 tav\u0131rlar\u0131yla dikkat \u00e7ekmi\u015fti. Yar\u0131\u015fma sonras\u0131 gastronomi d\u00fcnyas\u0131nda kendine sa\u011flam bir yer edinen Karda\u015f, \u00f6zel hayat\u0131nda da mutlu bir d\u00f6neme ad\u0131m att\u0131.<\/p>\n<p><img loading=\"lazy\" decoding=\"async\" class=\"alignnone wp-image-159817\" src=\"https:\/\/www.tgrthaber.com\/mavikadin\/wp-content\/uploads\/651191854e3fe1198ceb6e68-300x161.webp\" alt=\"\" width=\"1208\" height=\"647\" title=\"\" srcset=\"https:\/\/www.tgrthaber.com\/mavikadin\/wp-content\/uploads\/651191854e3fe1198ceb6e68-300x161.webp 300w, https:\/\/www.tgrthaber.com\/mavikadin\/wp-content\/uploads\/651191854e3fe1198ceb6e68.webp 747w\" sizes=\"(max-width: 1208px) 100vw, 1208px\" \/><\/p>\n<hr \/>\n<p>2022 y\u0131l\u0131nda hayat\u0131n\u0131 Gamze Karda\u015f ile birle\u015ftiren \u00fcnl\u00fc \u015fef, sosyal medya \u00fczerinden yapt\u0131\u011f\u0131 payla\u015f\u0131mlarla ailelerine yeni bir \u00fcyenin kat\u0131laca\u011f\u0131 haberini duyurmu\u015ftu. \u00c7iftin heyecan\u0131, takip\u00e7ileriyle yapt\u0131\u011f\u0131 s\u0131cak ve samimi payla\u015f\u0131mlarla daha da artm\u0131\u015ft\u0131.<\/p>\n<h3>MASTERCHEF \u015eAMP\u0130YONU U\u011eUR KARDA\u015e BABA OLDU<\/h3>\n<p>U\u011fur Karda\u015f, k\u0131zlar\u0131 Lara\u2019n\u0131n d\u00fcnyaya geli\u015fini sosyal medya hesab\u0131ndan yapt\u0131\u011f\u0131 anlaml\u0131 bir payla\u015f\u0131mla duyurdu. Payla\u015f\u0131m\u0131nda \u201cBug\u00fcn kalbimizin en \u00f6zel g\u00fcn\u00fcyd\u00fc\u201d ifadelerine yer veren Karda\u015f, ya\u015fad\u0131\u011f\u0131 mutlulu\u011fu takip\u00e7ileriyle payla\u015ft\u0131.<\/p>\n<p><img loading=\"lazy\" decoding=\"async\" class=\"alignnone wp-image-159814\" src=\"https:\/\/www.tgrthaber.com\/mavikadin\/wp-content\/uploads\/Adsiz-tasarim-2-41-300x169.jpg\" alt=\"\" width=\"1208\" height=\"680\" title=\"\" srcset=\"https:\/\/www.tgrthaber.com\/mavikadin\/wp-content\/uploads\/Adsiz-tasarim-2-41-300x169.jpg 300w, https:\/\/www.tgrthaber.com\/mavikadin\/wp-content\/uploads\/Adsiz-tasarim-2-41-1024x576.jpg 1024w, https:\/\/www.tgrthaber.com\/mavikadin\/wp-content\/uploads\/Adsiz-tasarim-2-41-768x432.jpg 768w, https:\/\/www.tgrthaber.com\/mavikadin\/wp-content\/uploads\/Adsiz-tasarim-2-41-1536x864.jpg 1536w, https:\/\/www.tgrthaber.com\/mavikadin\/wp-content\/uploads\/Adsiz-tasarim-2-41.jpg 1920w\" sizes=\"(max-width: 1208px) 100vw, 1208px\" \/><\/p>\n<hr \/>\n<p>A\u00e7\u0131klamas\u0131nda \u015fu sat\u0131rlara yer verdi:<\/p>\n<p>\u201cLara\u2019y\u0131 kuca\u011f\u0131m\u0131za ald\u0131\u011f\u0131m\u0131z o an, zaman sanki durdu. Onun kokusu i\u00e7imize doldu\u011funda her \u015fey susmu\u015ftu, sadece o vard\u0131. G\u00f6zlerimizdeki ya\u015flar yorgunluktan de\u011fil, tarifsiz bir sevginin i\u00e7imizde yer etmesindendi.\u201d<\/p>\n<h3>\u0130LK BEBEKLER\u0130N\u0130 KUCAKLARINA ALDILAR<\/h3>\n<p>U\u011fur Karda\u015f, do\u011fum sonras\u0131 ilk kez kucaklar\u0131na ald\u0131klar\u0131 bebekleriyle hastaneden \u00e7\u0131karken hissettiklerini de \u015fu s\u00f6zlerle aktard\u0131:<\/p>\n<p>\u201cBug\u00fcn onunla ilk kez eve d\u00f6nerken sadece bir bebek de\u011fil, yepyeni bir ba\u015flang\u0131\u00e7 ta\u015f\u0131d\u0131k kollar\u0131m\u0131zda. Ho\u015f geldin Lara, seni \u00e7ok bekledik. \u015eimdi her \u015fey seninle tamam.\u201d<\/p>\n<p><img loading=\"lazy\" decoding=\"async\" class=\"alignnone wp-image-159815\" src=\"https:\/\/www.tgrthaber.com\/mavikadin\/wp-content\/uploads\/Adsiz-tasarim-1-37-300x169.jpg\" alt=\"\" width=\"1208\" height=\"680\" title=\"\" srcset=\"https:\/\/www.tgrthaber.com\/mavikadin\/wp-content\/uploads\/Adsiz-tasarim-1-37-300x169.jpg 300w, https:\/\/www.tgrthaber.com\/mavikadin\/wp-content\/uploads\/Adsiz-tasarim-1-37-1024x576.jpg 1024w, https:\/\/www.tgrthaber.com\/mavikadin\/wp-content\/uploads\/Adsiz-tasarim-1-37-768x432.jpg 768w, https:\/\/www.tgrthaber.com\/mavikadin\/wp-content\/uploads\/Adsiz-tasarim-1-37-1536x864.jpg 1536w, https:\/\/www.tgrthaber.com\/mavikadin\/wp-content\/uploads\/Adsiz-tasarim-1-37.jpg 1920w\" sizes=\"(max-width: 1208px) 100vw, 1208px\" \/><\/p>\n<hr \/>\n<h3>TEBR\u0130K MESAJLARI YA\u011eDI<\/h3>\n<p>\u00c7iftin bu mutlu haberi k\u0131sa s\u00fcrede sosyal medyada g\u00fcndem olurken, hem sevenlerinden hem de MasterChef izleyicilerinden \u00e7ok say\u0131da tebrik mesaj\u0131 geldi. U\u011fur ve Gamze Karda\u015f \u00e7ifti, hayatlar\u0131n\u0131n en anlaml\u0131 anlar\u0131n\u0131 ya\u015farken, k\u00fc\u00e7\u00fck Lara&#8217;n\u0131n geli\u015fiyle yeni bir sayfa a\u00e7m\u0131\u015f oldular.<\/p>\n<h3>MASTERCHEF \u015eAMP\u0130YONU U\u011eUR KARDA\u015e K\u0130MD\u0130R?<\/h3>\n<p>MasterChef T\u00fcrkiye\u2019nin 2018 sezonunda sergiledi\u011fi istikrarl\u0131 performans ve mutfaktaki yetene\u011fiyle ad\u0131n\u0131 geni\u015f kitlelere duyuran U\u011fur Karda\u015f, yar\u0131\u015fman\u0131n finalinde rakibi Kerem Giritlio\u011flu\u2019nu geride b\u0131rakarak sezonu \u015fampiyonlukla tamamlad\u0131. Yar\u0131\u015fma boyunca g\u00f6sterdi\u011fi sakin ve kararl\u0131 tav\u0131rlarla izleyicilerin be\u011fenisini kazanan Karda\u015f, daha sonra All Star kadrosuna da dahil edilerek yeniden ekranlara d\u00f6nd\u00fc.<\/p>\n<p><img loading=\"lazy\" decoding=\"async\" class=\"alignnone wp-image-159821\" src=\"https:\/\/www.tgrthaber.com\/mavikadin\/wp-content\/uploads\/i-2025-04-09T213403.558-300x166.webp\" alt=\"\" width=\"1208\" height=\"669\" title=\"\" srcset=\"https:\/\/www.tgrthaber.com\/mavikadin\/wp-content\/uploads\/i-2025-04-09T213403.558-300x166.webp 300w, https:\/\/www.tgrthaber.com\/mavikadin\/wp-content\/uploads\/i-2025-04-09T213403.558.webp 480w\" sizes=\"(max-width: 1208px) 100vw, 1208px\" \/><\/p>\n<hr \/>\n<p>1996 y\u0131l\u0131nda \u00c7anakkale\u2019de do\u011fan U\u011fur Karda\u015f, ilk\u00f6\u011fretim ve lise e\u011fitimini memleketinde tamamlad\u0131ktan sonra \u00fcniversite hayat\u0131na Akdeniz \u00dcniversitesi\u2019nde devam etti. Gastronomi alan\u0131ndaki akademik yolculu\u011funu ba\u015far\u0131yla tamamlayan Karda\u015f, mezuniyetinin ard\u0131ndan \u00c7anakkale\u2019de &#8220;U\u011fur Chef\u2019in Mutfa\u011f\u0131&#8221; ad\u0131n\u0131 verdi\u011fi bir i\u015fletme a\u00e7arak kendi markas\u0131n\u0131 olu\u015fturdu. Kendi i\u015fletmesinin ard\u0131ndan farkl\u0131 restoranlarda \u00e7al\u0131\u015farak deneyimini \u00e7e\u015fitlendiren gen\u00e7 \u015fef, T\u00fcrkiye&#8217;nin en bilinen steak restoranlar\u0131ndan birinde Executive Chef olarak g\u00f6rev ald\u0131. 2020 ile 2022 y\u0131llar\u0131 aras\u0131nda T\u00fcrkiye\u2019nin yan\u0131 s\u0131ra Almanya ve Hollanda\u2019da da aktif olarak \u00e7al\u0131\u015fan Karda\u015f, toplamda 19 restorana dan\u0131\u015fmanl\u0131k hizmeti verdi.<\/p>\n","protected":false},"excerpt":{"rendered":"<p>MasterChef T\u00fcrkiye\u2019nin 2018 y\u0131l\u0131 \u015fampiyonu U\u011fur Karda\u015f, baba olman\u0131n heyecan\u0131n\u0131 ya\u015fad\u0131. Ba\u015far\u0131l\u0131 \u015fef, sosyal medya hesab\u0131ndan yapt\u0131\u011f\u0131 duygusal payla\u015f\u0131mla takip\u00e7ilerine k\u0131zlar\u0131 Lara\u2019n\u0131n do\u011fdu\u011funu duyurdu. Hayat\u0131n\u0131n en anlaml\u0131 anlar\u0131ndan birini ya\u015fayan Karda\u015f, sevincini samimi ifadelerle payla\u015farak b\u00fcy\u00fck ilgi toplad\u0131. \u0130\u015fte detaylar&#8230;<\/p>\n","protected":false},"author":35,"featured_media":159813,"comment_status":"closed","ping_status":"closed","sticky":false,"template":"","format":"standard","meta":{"rank_math_lock_modified_date":false,"footnotes":""},"categories":[76],"tags":[17382,1120,17385,17381,17383,17386,17384],"class_list":["post-159809","post","type-post","status-publish","format-standard","has-post-thumbnail","hentry","category-magazin","tag-gamze-kardas","tag-masterchef","tag-masterchef-sampiyonu","tag-ugur-kardas","tag-ugur-kardas-baba-oldu","tag-ugur-kardas-kimdir","tag-unlu-sef-ugur-kardas"],"_links":{"self":[{"href":"https:\/\/www.tgrthaber.com\/mavikadin\/wp-json\/wp\/v2\/posts\/159809"}],"collection":[{"href":"https:\/\/www.tgrthaber.com\/mavikadin\/wp-json\/wp\/v2\/posts"}],"about":[{"href":"https:\/\/www.tgrthaber.com\/mavikadin\/wp-json\/wp\/v2\/types\/post"}],"author":[{"embeddable":true,"href":"https:\/\/www.tgrthaber.com\/mavikadin\/wp-json\/wp\/v2\/users\/35"}],"replies":[{"embeddable":true,"href":"https:\/\/www.tgrthaber.com\/mavikadin\/wp-json\/wp\/v2\/comments?post=159809"}],"version-history":[{"count":4,"href":"https:\/\/www.tgrthaber.com\/mavikadin\/wp-json\/wp\/v2\/posts\/159809\/revisions"}],"predecessor-version":[{"id":159825,"href":"https:\/\/www.tgrthaber.com\/mavikadin\/wp-json\/wp\/v2\/posts\/159809\/revisions\/159825"}],"wp:featuredmedia":[{"embeddable":true,"href":"https:\/\/www.tgrthaber.com\/mavikadin\/wp-json\/wp\/v2\/media\/159813"}],"wp:attachment":[{"href":"https:\/\/www.tgrthaber.com\/mavikadin\/wp-json\/wp\/v2\/media?parent=159809"}],"wp:term":[{"taxonomy":"category","embeddable":true,"href":"https:\/\/www.tgrthaber.com\/mavikadin\/wp-json\/wp\/v2\/categories?post=159809"},{"taxonomy":"post_tag","embeddable":true,"href":"https:\/\/www.tgrthaber.com\/mavikadin\/wp-json\/wp\/v2\/tags?post=159809"}],"curies":[{"name":"wp","href":"https:\/\/api.w.org\/{rel}","templated":true}]}}