{"id":159818,"date":"2025-04-09T21:53:32","date_gmt":"2025-04-09T18:53:32","guid":{"rendered":"https:\/\/www.tgrthaber.com\/mavikadin\/?p=159818"},"modified":"2025-04-09T21:53:32","modified_gmt":"2025-04-09T18:53:32","slug":"bkm-oyuncusu-metin-yildizdan-ayse-barim-hatirlatmasi-kirli-oyunu-ifsa-etmeye-devam-etti","status":"publish","type":"post","link":"https:\/\/www.tgrthaber.com\/mavikadin\/bkm-oyuncusu-metin-yildizdan-ayse-barim-hatirlatmasi-kirli-oyunu-ifsa-etmeye-devam-etti\/","title":{"rendered":"BKM oyuncusu Metin Y\u0131ld\u0131z&#8217;dan Ay\u015fe Bar\u0131m hat\u0131rlatmas\u0131! Kirli oyunu if\u015fa etmeye devam etti"},"content":{"rendered":"<p>BKM oyuncusu Metin Y\u0131ld\u0131z, T\u00fcrkiye\u2019de ya\u015fan\u0131lan son zamanlardaki olaylar hakk\u0131nda sesini \u00e7\u0131karmad\u0131\u011f\u0131 i\u00e7in lin\u00e7lenmi\u015fti. Konuyla ilgili ya\u015fad\u0131\u011f\u0131 bir an\u0131s\u0131n\u0131 anlatmas\u0131na ra\u011fmen Metin Y\u0131ld\u0131z\u2019a gelen ele\u015ftiriler a\u011f\u0131r bir hal ald\u0131. \u00dcnl\u00fc oyuncu sessizli\u011fini bozma karar\u0131 vererek Ay\u015fe Bar\u0131m\u2019\u0131n Gezi Park\u0131 olaylar\u0131nda \u00f6n plana \u00e7\u0131kard\u0131\u011f\u0131 sanat\u00e7\u0131lar hakk\u0131nda \u015fahit oldu\u011fu anlar\u0131 sosyal medya hesab\u0131ndan duyurdu. Metin Y\u0131ld\u0131z\u2019\u0131n a\u00e7\u0131klamalar\u0131 \u015fa\u015fk\u0131nl\u0131k olu\u015fturdu.<\/p>\n<h3>GEZ\u0130 PARKI&#8217;NDA OLANLARI ANLATTI<\/h3>\n<p>\u00dcnl\u00fc oyuncu Metin Y\u0131ld\u0131z, unutulan Ay\u015fe Bar\u0131m olay\u0131na ili\u015fkin bir a\u00e7\u0131klama yapt\u0131. Y\u0131ld\u0131z, a\u00e7\u0131klamas\u0131nda Gezi Park\u0131 olaylar\u0131na ili\u015fkin gizli kalm\u0131\u015f olaylar\u0131 sosyal medyada if\u015fa etti. Metin Y\u0131ld\u0131z, \u201c Bu g\u00fcn Geziyi konu\u015faca\u011f\u0131z. Gezici sanat\u00e7\u0131lar vard\u0131 \u015fimdi \u00e7\u0131tlar\u0131 \u00e7\u0131km\u0131yor. Neden? Ay\u015fe Bar\u0131m hakk\u0131nda konu\u015fmuyorlar hi\u00e7 tek kelime yok..\u00a0 Neden? Korkuyorlar m\u0131? Hay\u0131r onlar korkusuzdur.. bir g\u00fcn g\u00fcr \u00e7\u0131kacak sesleri..\u00a0 ne zaman? Seslerini \u00e7\u0131karabilecekleri konforlu bir alan bulduklar\u0131nda.. Bunlar kolkola omuz omuza verdiklerinde birbirlerinden cesaret alan o\u00a0 g\u00fcn\u00fcn ko\u015fullar\u0131nda kendilerini kahraman zanneden halka yaranmak i\u00e7in ellerine ge\u00e7en bu f\u0131rsat\u0131 ka\u00e7\u0131rmayan tedirgin artistlerdi..\u201d s\u00f6zleriyle a\u011f\u0131r bir \u015fekilde ele\u015ftirdi.<\/p>\n<p><img loading=\"lazy\" decoding=\"async\" class=\"alignnone wp-image-159829\" src=\"https:\/\/www.tgrthaber.com\/mavikadin\/wp-content\/uploads\/metin-yildiz-3-300x169.jpg\" alt=\"metin y\u0131ld\u0131z\" width=\"1208\" height=\"680\" title=\"\" srcset=\"https:\/\/www.tgrthaber.com\/mavikadin\/wp-content\/uploads\/metin-yildiz-3-300x169.jpg 300w, https:\/\/www.tgrthaber.com\/mavikadin\/wp-content\/uploads\/metin-yildiz-3-1024x576.jpg 1024w, https:\/\/www.tgrthaber.com\/mavikadin\/wp-content\/uploads\/metin-yildiz-3-768x432.jpg 768w, https:\/\/www.tgrthaber.com\/mavikadin\/wp-content\/uploads\/metin-yildiz-3-1536x864.jpg 1536w, https:\/\/www.tgrthaber.com\/mavikadin\/wp-content\/uploads\/metin-yildiz-3.jpg 1920w\" sizes=\"(max-width: 1208px) 100vw, 1208px\" \/><\/p>\n<hr \/>\n<h3>\u201cSATILMI\u015e PENGUENL\u0130 KANALLARINIZDA \u00c7IKMAYACA\u011eIM\u201d<\/h3>\n<p>Metin Y\u0131ld\u0131z, Gezi Park\u0131 olaylar\u0131 s\u0131ras\u0131nda bir akt\u00f6r\u00fcn ba\u011f\u0131rarak \u015funlar\u0131 s\u00f6yledi\u011fini dile getirdi. \u201c ellerinde megafon vard\u0131.. Bir de telefon..\u00a0 Kar\u015f\u0131lar\u0131nda kamera..\u00a0 Oradayd\u0131m. Birisi tam bir Akt\u00f6r gibi ba\u011f\u0131r\u0131yordu. \u201cBir daha sizin dizilerinizde oynamayaca\u011f\u0131m. Bir daha sizin sat\u0131lm\u0131\u015f penguenli kanallar\u0131n\u0131zda \u00e7\u0131kmayaca\u011f\u0131m\u201d. \u00c7ok ba\u011f\u0131rd\u0131.. Oradayd\u0131m Onu Alk\u0131\u015flad\u0131m..\u201d<\/p>\n<p><img loading=\"lazy\" decoding=\"async\" class=\"alignnone wp-image-159827\" src=\"https:\/\/www.tgrthaber.com\/mavikadin\/wp-content\/uploads\/metin-yildiz-300x169.jpg\" alt=\"metin y\u0131ld\u0131z\" width=\"1208\" height=\"680\" title=\"\" srcset=\"https:\/\/www.tgrthaber.com\/mavikadin\/wp-content\/uploads\/metin-yildiz-300x169.jpg 300w, https:\/\/www.tgrthaber.com\/mavikadin\/wp-content\/uploads\/metin-yildiz-1024x576.jpg 1024w, https:\/\/www.tgrthaber.com\/mavikadin\/wp-content\/uploads\/metin-yildiz-768x432.jpg 768w, https:\/\/www.tgrthaber.com\/mavikadin\/wp-content\/uploads\/metin-yildiz-1536x864.jpg 1536w, https:\/\/www.tgrthaber.com\/mavikadin\/wp-content\/uploads\/metin-yildiz.jpg 1920w\" sizes=\"(max-width: 1208px) 100vw, 1208px\" \/><\/p>\n<hr \/>\n<h3>ELE\u015eT\u0130RENLER ONUNLA \u00c7ALI\u015eTI<\/h3>\n<p>\u201cBa\u015fka bir Akt\u00f6r ba\u011f\u0131rd\u0131 \u201c Dizi s\u00fcreleri \u00e7ok uzun yazarlar \u00e7ocuklar\u0131n\u0131 g\u00f6remiyor..\u201d Oradayd\u0131m, onu da alk\u0131\u015flad\u0131lar ben de alk\u0131\u015flad\u0131m.. Di\u011fer akt\u00f6r durur mu yap\u0131\u015ft\u0131rd\u0131 cevab\u0131 \u201cSet emek\u00e7ileri \u00e7ok zor \u015fartlarda \u00e7al\u0131\u015f\u0131yor\u201d alk\u0131\u015f\u015f\u015f\u015f Ben de alk\u0131\u015flad\u0131m.. Kad\u0131n aktrist de ba\u011f\u0131rd\u0131 \u201cTelif Haklar\u0131 Yasas\u0131 \u00e7\u0131kmal\u0131\u201d Daha \u00e7ok alk\u0131\u015f\u015f\u015f.. Ben de alk\u0131\u015flad\u0131m.. ( e\u015fit ) Sonra bi bakt\u0131k o en \u00e7ok ba\u011f\u0131ran iki ay sonra dizilerdeki yerini ald\u0131.. Sadece Geziden iki ay sonra \u00e7\u0131kmam dedi\u011fi her yere \u00e7\u0131kt\u0131 bir daha da oradan \u00e7\u0131kmad\u0131..<\/p>\n<p>Sonra ba\u011f\u0131ran Adam akt\u00f6r gitti padi\u015fah oldu.. Sonra kad\u0131n aktrist gitti krali\u00e7e oldu Sonra hepsi gitti en g\u00fczel yerden izlemeye ba\u015flad\u0131lar dizileri Televizyonun i\u00e7inden.. Hem de s\u0131cak karavanlar\u0131nda Hem de klimal\u0131 Hem de pek haval\u0131 Hem de Ay\u015fe Bar\u0131m\u2019l\u0131\u201d<\/p>\n<p><img loading=\"lazy\" decoding=\"async\" class=\"alignnone wp-image-159828\" src=\"https:\/\/www.tgrthaber.com\/mavikadin\/wp-content\/uploads\/metin-yildiz-2-300x169.jpg\" alt=\"metin y\u0131ld\u0131z\" width=\"1208\" height=\"680\" title=\"\" srcset=\"https:\/\/www.tgrthaber.com\/mavikadin\/wp-content\/uploads\/metin-yildiz-2-300x169.jpg 300w, https:\/\/www.tgrthaber.com\/mavikadin\/wp-content\/uploads\/metin-yildiz-2-1024x576.jpg 1024w, https:\/\/www.tgrthaber.com\/mavikadin\/wp-content\/uploads\/metin-yildiz-2-768x432.jpg 768w, https:\/\/www.tgrthaber.com\/mavikadin\/wp-content\/uploads\/metin-yildiz-2-1536x864.jpg 1536w, https:\/\/www.tgrthaber.com\/mavikadin\/wp-content\/uploads\/metin-yildiz-2.jpg 1920w\" sizes=\"(max-width: 1208px) 100vw, 1208px\" \/><\/p>\n<hr \/>\n<h3>\u201cGEN\u00c7LERE YEN\u0130 Y\u00dcZLERE ASLA FIRSAT VERM\u0130YORLAR\u201d<\/h3>\n<p>Metin Y\u0131ld\u0131z X platformundaki a\u00e7\u0131klamas\u0131na \u015fu s\u00f6zlerle devam etti. \u201cBi bakt\u0131m alk\u0131\u015flayacak kimse kalmad\u0131 etrafta.. Ben ba\u011f\u0131rd\u0131m bu sefer Nerdesiniz Artizler diye.. Bi bakt\u0131m alk\u0131\u015flayan yok.. Hepsi gitmi\u015f.. Arkamdan birileri ba\u011f\u0131r\u0131yor; seni Gezici seni.. Gezen tavuk gibi kald\u0131k ortada.. Dizi s\u00fcreleri yine uzun.. Set emek\u00e7ileri yine yorgun.. Yazarlar \u00e7ocuklar\u0131ndan yine kopuk.. Telif haklar\u0131 yasas\u0131ndan bahseden yok.. E ne oldu \u015fimdi.. Ne mi oldu ; kimin kay\u0131\u011f\u0131na binerse onun k\u00fcre\u011fini \u00e7ekenler (s\u00f6zde) kazand\u0131.. Ama bir g\u00fcn yine ba\u011f\u0131rackalar.. Birileri onlar\u0131 yine ba\u011f\u0131rtacak.. Ben Ay\u015fe Bar\u0131m ve muadilleri Tekelle\u015fmi\u015fler Gen\u00e7lere yeni y\u00fczlere asla f\u0131rsat vermiyorlar diye ba\u011f\u0131rmaya devam edece\u011fim.. siz ba\u015fka bir yerde ba\u011f\u0131racaks\u0131n\u0131z.. Yedirtmeyiz diye.. Yemezler.. Ben orada olmayaca\u011f\u0131m.. Alk\u0131\u015flamayaca\u011f\u0131m..\u201d<\/p>\n","protected":false},"excerpt":{"rendered":"<p>\u00dcnl\u00fc tiyatrocu Metin Y\u0131ld\u0131z, sosyal medya hesaplar\u0131ndan kendisine bask\u0131 yapanlara Ay\u015fe Bar\u0131m olay\u0131yla ilgili hat\u0131rlatmalarda bulundu. Metin Y\u0131ld\u0131z, Gezi Park\u0131 olaylar\u0131 hakk\u0131nda dikkat \u00e7ekici a\u00e7\u0131klamalarda bulundu. Y\u0131ld\u0131z, &#8220;Ben, Ay\u015fe Bar\u0131m ve muadilleri tekelle\u015fmi\u015fler, gen\u00e7lere yeni y\u00fczlere asla f\u0131rsat vermiyorlar diye ba\u011f\u0131rmaya devam edece\u011fim&#8221; ifadelerine yer verdi. <\/p>\n","protected":false},"author":10,"featured_media":159830,"comment_status":"closed","ping_status":"closed","sticky":false,"template":"","format":"standard","meta":{"rank_math_lock_modified_date":false,"footnotes":""},"categories":[76],"tags":[7477,9039,133,2218,17077],"class_list":["post-159818","post","type-post","status-publish","format-standard","has-post-thumbnail","hentry","category-magazin","tag-ayse-barim-olayi","tag-gezi-parki","tag-magazin","tag-magazin-haberleri","tag-metin-yildiz"],"_links":{"self":[{"href":"https:\/\/www.tgrthaber.com\/mavikadin\/wp-json\/wp\/v2\/posts\/159818"}],"collection":[{"href":"https:\/\/www.tgrthaber.com\/mavikadin\/wp-json\/wp\/v2\/posts"}],"about":[{"href":"https:\/\/www.tgrthaber.com\/mavikadin\/wp-json\/wp\/v2\/types\/post"}],"author":[{"embeddable":true,"href":"https:\/\/www.tgrthaber.com\/mavikadin\/wp-json\/wp\/v2\/users\/10"}],"replies":[{"embeddable":true,"href":"https:\/\/www.tgrthaber.com\/mavikadin\/wp-json\/wp\/v2\/comments?post=159818"}],"version-history":[{"count":1,"href":"https:\/\/www.tgrthaber.com\/mavikadin\/wp-json\/wp\/v2\/posts\/159818\/revisions"}],"predecessor-version":[{"id":159831,"href":"https:\/\/www.tgrthaber.com\/mavikadin\/wp-json\/wp\/v2\/posts\/159818\/revisions\/159831"}],"wp:featuredmedia":[{"embeddable":true,"href":"https:\/\/www.tgrthaber.com\/mavikadin\/wp-json\/wp\/v2\/media\/159830"}],"wp:attachment":[{"href":"https:\/\/www.tgrthaber.com\/mavikadin\/wp-json\/wp\/v2\/media?parent=159818"}],"wp:term":[{"taxonomy":"category","embeddable":true,"href":"https:\/\/www.tgrthaber.com\/mavikadin\/wp-json\/wp\/v2\/categories?post=159818"},{"taxonomy":"post_tag","embeddable":true,"href":"https:\/\/www.tgrthaber.com\/mavikadin\/wp-json\/wp\/v2\/tags?post=159818"}],"curies":[{"name":"wp","href":"https:\/\/api.w.org\/{rel}","templated":true}]}}