{"id":159840,"date":"2025-04-09T22:27:40","date_gmt":"2025-04-09T19:27:40","guid":{"rendered":"https:\/\/www.tgrthaber.com\/mavikadin\/?p=159840"},"modified":"2025-04-16T11:59:29","modified_gmt":"2025-04-16T08:59:29","slug":"survivor-2025-adem-sag-gosterip-sol-vurdu-konseydeki-hareketine-yorum-yagdi","status":"publish","type":"post","link":"https:\/\/www.tgrthaber.com\/mavikadin\/survivor-2025-adem-sag-gosterip-sol-vurdu-konseydeki-hareketine-yorum-yagdi\/","title":{"rendered":"Survivor 2025 Adem sa\u011f g\u00f6sterip sol vurdu! Konseydeki hareketine yorum ya\u011fd\u0131!"},"content":{"rendered":"<p class=\"p1\">Survivor All Star 2025\u2019te gerilim giderek artarken, izleyiciyi ekran ba\u015f\u0131na kilitleyen geli\u015fmeler ya\u015fanmaya devam ediyor. Haftan\u0131n ikinci dokunulmazl\u0131k oyunu, yar\u0131\u015fmac\u0131lar aras\u0131nda b\u00fcy\u00fck bir m\u00fccadeleye sahne oldu. Parkurda ter d\u00f6ken her iki tak\u0131m, ada hayat\u0131ndaki geleceklerini belirlemek i\u00e7in var g\u00fcc\u00fcyle sava\u015ft\u0131. M\u00fccadelenin sonunda g\u00fclen taraf yine G\u00f6n\u00fcll\u00fcler oldu ve dokunulmazl\u0131\u011f\u0131 kazanan tak\u0131m olarak rahat bir nefes ald\u0131. Adem&#8217;in konseydeki tercihi ise sosyal medyan\u0131n en \u00e7ok konu\u015fulan anlar\u0131 aras\u0131nda yer ald\u0131.<\/p>\n<h3>SURV\u0130VOR 2025 ADEM&#8217;\u0130N KONSEYDEK\u0130 HAREKET\u0130NE YORUM YA\u011eDI<\/h3>\n<p class=\"p1\">Dokunulmazl\u0131\u011f\u0131 kaybeden All Star ekibi ise bir kez daha konsey ate\u015fi etraf\u0131nda topland\u0131. Yap\u0131lan oylaman\u0131n ard\u0131ndan, en \u00e7ok ismi yaz\u0131lan yar\u0131\u015fmac\u0131 Meryem oldu ve haftan\u0131n ikinci eleme aday\u0131 olarak belirlendi. Konseyde duygusal anlar da ya\u015fand\u0131. Adem K\u0131l\u0131\u00e7\u00e7\u0131\u2019n\u0131n Aycan Yana\u00e7\u2019a y\u00f6nelik yapt\u0131\u011f\u0131 samimi konu\u015fma geceye damgas\u0131n\u0131 vurdu ve izleyicilerden b\u00fcy\u00fck ilgi g\u00f6rd\u00fc.<\/p>\n<p><img loading=\"lazy\" decoding=\"async\" class=\"alignnone wp-image-159850 size-large\" src=\"https:\/\/www.tgrthaber.com\/mavikadin\/wp-content\/uploads\/Ekran-Resmi-2025-04-09-22.18.33-1024x648.png\" alt=\"\" width=\"1024\" height=\"648\" title=\"\" srcset=\"https:\/\/www.tgrthaber.com\/mavikadin\/wp-content\/uploads\/Ekran-Resmi-2025-04-09-22.18.33-1024x648.png 1024w, https:\/\/www.tgrthaber.com\/mavikadin\/wp-content\/uploads\/Ekran-Resmi-2025-04-09-22.18.33-300x190.png 300w, https:\/\/www.tgrthaber.com\/mavikadin\/wp-content\/uploads\/Ekran-Resmi-2025-04-09-22.18.33-768x486.png 768w, https:\/\/www.tgrthaber.com\/mavikadin\/wp-content\/uploads\/Ekran-Resmi-2025-04-09-22.18.33.png 1204w\" sizes=\"(max-width: 1024px) 100vw, 1024px\" \/><\/p>\n<hr \/>\n<p class=\"p1\">Daha \u00f6nceki konseyde Asena\u2019n\u0131n potaya girdi\u011fi a\u00e7\u0131klanm\u0131\u015ft\u0131. \u015eimdi ise elemeye kalan ikinci isim belli oldu. \u0130ki g\u00fc\u00e7l\u00fc kad\u0131n yar\u0131\u015fmac\u0131n\u0131n eleme potas\u0131nda yer almas\u0131, Survivor\u2019daki rekabeti daha da sertle\u015ftirirken, g\u00f6zler bu kez \u00fc\u00e7\u00fcnc\u00fc dokunulmazl\u0131k oyununa \u00e7evrildi. Konseyde yap\u0131lan oylamada, tak\u0131m arkada\u015flar\u0131n\u0131n ismini en \u00e7ok yazd\u0131\u011f\u0131 yar\u0131\u015fmac\u0131 Meryem oldu ve haftan\u0131n ikinci eleme aday\u0131 olarak belirlendi.<\/p>\n<p><img loading=\"lazy\" decoding=\"async\" class=\"alignnone wp-image-159851 size-large\" src=\"https:\/\/www.tgrthaber.com\/mavikadin\/wp-content\/uploads\/Ekran-Resmi-2025-04-09-22.18.40-1024x633.png\" alt=\"\" width=\"1024\" height=\"633\" title=\"\" srcset=\"https:\/\/www.tgrthaber.com\/mavikadin\/wp-content\/uploads\/Ekran-Resmi-2025-04-09-22.18.40-1024x633.png 1024w, https:\/\/www.tgrthaber.com\/mavikadin\/wp-content\/uploads\/Ekran-Resmi-2025-04-09-22.18.40-300x185.png 300w, https:\/\/www.tgrthaber.com\/mavikadin\/wp-content\/uploads\/Ekran-Resmi-2025-04-09-22.18.40-768x474.png 768w, https:\/\/www.tgrthaber.com\/mavikadin\/wp-content\/uploads\/Ekran-Resmi-2025-04-09-22.18.40.png 1214w\" sizes=\"(max-width: 1024px) 100vw, 1024px\" \/><\/p>\n<hr \/>\n<h3 class=\"p3\"><b>&#8220;ONU YAZMAM \u0130\u00c7\u0130N R\u0130CADA BULUNDU AMA YAZAMAM&#8221;\u00a0<\/b><\/h3>\n<p class=\"p1\">Konseyde eleme aday\u0131 yazmaya gelen eski Survivor \u015fampiyonlar\u0131ndan Adem K\u0131l\u0131\u00e7\u00e7\u0131, &#8216;\u015eimdi bu arkada\u015f onu yazmam i\u00e7in ricada bulundu.<\/p>\n<p><img loading=\"lazy\" decoding=\"async\" class=\"alignnone wp-image-159852 size-large\" src=\"https:\/\/www.tgrthaber.com\/mavikadin\/wp-content\/uploads\/Ekran-Resmi-2025-04-09-22.19.08-1024x579.png\" alt=\"\" width=\"1024\" height=\"579\" title=\"\" srcset=\"https:\/\/www.tgrthaber.com\/mavikadin\/wp-content\/uploads\/Ekran-Resmi-2025-04-09-22.19.08-1024x579.png 1024w, https:\/\/www.tgrthaber.com\/mavikadin\/wp-content\/uploads\/Ekran-Resmi-2025-04-09-22.19.08-300x170.png 300w, https:\/\/www.tgrthaber.com\/mavikadin\/wp-content\/uploads\/Ekran-Resmi-2025-04-09-22.19.08-768x435.png 768w, https:\/\/www.tgrthaber.com\/mavikadin\/wp-content\/uploads\/Ekran-Resmi-2025-04-09-22.19.08.png 1184w\" sizes=\"(max-width: 1024px) 100vw, 1024px\" \/><\/p>\n<hr \/>\n<p class=\"p1\">Daha \u00f6nce de s\u00f6ylemi\u015ftim Asena ile senin arandaki gerginlik beni ger\u00e7ekten rahats\u0131z etmeye ba\u015flad\u0131. Ben bu gemiye binmeyece\u011fimi s\u00f6yledim \u00f6nceden sana. Sen benim karde\u015fimsin, ben seni yazar\u0131m, seni k\u0131rmam ama maalesef kutuya bunu atar\u0131m. Bir isim yazmak zorunda kald\u0131\u011f\u0131m i\u00e7in.<\/p>\n<p><img loading=\"lazy\" decoding=\"async\" class=\"alignnone wp-image-159853 size-large\" src=\"https:\/\/www.tgrthaber.com\/mavikadin\/wp-content\/uploads\/Ekran-Resmi-2025-04-09-22.19.14-1024x610.png\" alt=\"\" width=\"1024\" height=\"610\" title=\"\" srcset=\"https:\/\/www.tgrthaber.com\/mavikadin\/wp-content\/uploads\/Ekran-Resmi-2025-04-09-22.19.14-1024x610.png 1024w, https:\/\/www.tgrthaber.com\/mavikadin\/wp-content\/uploads\/Ekran-Resmi-2025-04-09-22.19.14-300x179.png 300w, https:\/\/www.tgrthaber.com\/mavikadin\/wp-content\/uploads\/Ekran-Resmi-2025-04-09-22.19.14-768x457.png 768w, https:\/\/www.tgrthaber.com\/mavikadin\/wp-content\/uploads\/Ekran-Resmi-2025-04-09-22.19.14.png 1092w\" sizes=\"(max-width: 1024px) 100vw, 1024px\" \/><\/p>\n<hr \/>\n<p class=\"p1\">Ama seni de k\u0131rmam\u0131\u015f oldum. Yazd\u0131m, bu da bende kals\u0131n, belki sana veririm&#8221; dedi. Ada konseyi \u00f6ncesi &#8216;Benim ismimi yaz&#8217; diyen Aycan Yana\u00e7&#8217;\u0131n ad\u0131n\u0131 sembolik olarak yaz\u0131p kutuya Ya\u011fmur&#8217;un ad\u0131n\u0131 koyan Adem K\u0131l\u0131\u00e7\u00e7\u0131&#8217;ya yorum ya\u011fd\u0131. Sosyal medya kullan\u0131c\u0131lar\u0131, &#8216;Helal olsun&#8217;, &#8216;Arkada\u015fl\u0131k b\u00f6yle bir \u015fey&#8217; \u015feklinde yorum ya\u011fd\u0131rd\u0131.<\/p>\n","protected":false},"excerpt":{"rendered":"<p>Survivor All Star 2025\u2019in son konseyinde Adem\u2019in beklenmedik tercihi geceye damgas\u0131n\u0131 vurdu. Yar\u0131\u015fmac\u0131lara farkl\u0131 bir ismi yazacak izlenimi veren Adem, s\u00fcrpriz bir hamleyle herkesi \u015fa\u015f\u0131rtt\u0131. Konsey sonras\u0131 bu hamleye sosyal medyadan yorum ya\u011fd\u0131.<\/p>\n","protected":false},"author":16,"featured_media":159854,"comment_status":"closed","ping_status":"closed","sticky":false,"template":"","format":"standard","meta":{"rank_math_lock_modified_date":false,"footnotes":""},"categories":[76],"tags":[8391,8487,4950],"class_list":["post-159840","post","type-post","status-publish","format-standard","has-post-thumbnail","hentry","category-magazin","tag-survivor-2025-adem-kilicci","tag-survivor-2025-adem-konsey","tag-survivor-2025-all-star"],"_links":{"self":[{"href":"https:\/\/www.tgrthaber.com\/mavikadin\/wp-json\/wp\/v2\/posts\/159840"}],"collection":[{"href":"https:\/\/www.tgrthaber.com\/mavikadin\/wp-json\/wp\/v2\/posts"}],"about":[{"href":"https:\/\/www.tgrthaber.com\/mavikadin\/wp-json\/wp\/v2\/types\/post"}],"author":[{"embeddable":true,"href":"https:\/\/www.tgrthaber.com\/mavikadin\/wp-json\/wp\/v2\/users\/16"}],"replies":[{"embeddable":true,"href":"https:\/\/www.tgrthaber.com\/mavikadin\/wp-json\/wp\/v2\/comments?post=159840"}],"version-history":[{"count":1,"href":"https:\/\/www.tgrthaber.com\/mavikadin\/wp-json\/wp\/v2\/posts\/159840\/revisions"}],"predecessor-version":[{"id":159855,"href":"https:\/\/www.tgrthaber.com\/mavikadin\/wp-json\/wp\/v2\/posts\/159840\/revisions\/159855"}],"wp:featuredmedia":[{"embeddable":true,"href":"https:\/\/www.tgrthaber.com\/mavikadin\/wp-json\/wp\/v2\/media\/159854"}],"wp:attachment":[{"href":"https:\/\/www.tgrthaber.com\/mavikadin\/wp-json\/wp\/v2\/media?parent=159840"}],"wp:term":[{"taxonomy":"category","embeddable":true,"href":"https:\/\/www.tgrthaber.com\/mavikadin\/wp-json\/wp\/v2\/categories?post=159840"},{"taxonomy":"post_tag","embeddable":true,"href":"https:\/\/www.tgrthaber.com\/mavikadin\/wp-json\/wp\/v2\/tags?post=159840"}],"curies":[{"name":"wp","href":"https:\/\/api.w.org\/{rel}","templated":true}]}}