{"id":159841,"date":"2025-04-09T22:18:55","date_gmt":"2025-04-09T19:18:55","guid":{"rendered":"https:\/\/www.tgrthaber.com\/mavikadin\/?p=159841"},"modified":"2025-04-09T22:18:56","modified_gmt":"2025-04-09T19:18:56","slug":"sihirli-annemin-oyunculari-betus-ve-suzan-bulustu-zuhal-topal-efekte-seda-sayani-gecti","status":"publish","type":"post","link":"https:\/\/www.tgrthaber.com\/mavikadin\/sihirli-annemin-oyunculari-betus-ve-suzan-bulustu-zuhal-topal-efekte-seda-sayani-gecti\/","title":{"rendered":"Sihirli Annem&#8217;in oyuncular\u0131 Bet\u00fc\u015f ve Suzan bulu\u015ftu! Zuhal Topal efekte Seda Sayan&#8217;\u0131 ge\u00e7ti"},"content":{"rendered":"<p>2000\u2019li y\u0131llar\u0131n unutulmaz dizileri aras\u0131nda yer alan \u201cSihirli Annem\u201din sevilen karakterleri y\u0131llar sonra yeniden bir araya geldi. Dizide Bet\u00fc\u015f rol\u00fcn\u00fc \u00fcstlenen \u0130nci T\u00fcrkay ve Suzan karakterine hayat veren Zuhal Topal\u2019\u0131n bulu\u015fmas\u0131 sosyal medyada b\u00fcy\u00fck ilgi g\u00f6rd\u00fc. \u201cSihirli Annem\u2019in oyuncular\u0131 Bet\u00fc\u015f ve Suzan bulu\u015ftu!\u201d yorumlar\u0131yla payla\u015f\u0131lan foto\u011fraflar k\u0131sa s\u00fcrede nostalji r\u00fczg\u00e2r\u0131 estirirken, Zuhal Topal\u2019\u0131n efektli hali ise g\u00fcndem yaratt\u0131. Topal\u2019\u0131n filtreli karesi i\u00e7in yap\u0131lan \u201cZuhal Topal efekte Seda Sayan\u2019\u0131 ge\u00e7ti\u201d yorumlar\u0131 ise dikkat \u00e7ekti.<\/p>\n<h3>S\u0130H\u0130RL\u0130 ANNEM\u2019\u0130N OYUNCULARI BET\u00dc\u015e VE SUZAN BULU\u015eTU!<\/h3>\n<p>2003 ile 2012 y\u0131llar\u0131 aras\u0131nda yay\u0131nlanan \u201cSihirli Annem\u201d dizisinin sevilen karakterleri Bet\u00fc\u015f (\u0130nci T\u00fcrkay) ve Suzan (Zuhal Topal), uzun bir aradan sonra yeniden bir araya geldi.<\/p>\n<p><img loading=\"lazy\" decoding=\"async\" class=\"alignnone wp-image-159845\" src=\"https:\/\/www.tgrthaber.com\/mavikadin\/wp-content\/uploads\/70m51kMUUE6nZ-xt5ikgyQ-300x157.webp\" alt=\"\" width=\"1208\" height=\"632\" title=\"\" srcset=\"https:\/\/www.tgrthaber.com\/mavikadin\/wp-content\/uploads\/70m51kMUUE6nZ-xt5ikgyQ-300x157.webp 300w, https:\/\/www.tgrthaber.com\/mavikadin\/wp-content\/uploads\/70m51kMUUE6nZ-xt5ikgyQ-768x402.webp 768w, https:\/\/www.tgrthaber.com\/mavikadin\/wp-content\/uploads\/70m51kMUUE6nZ-xt5ikgyQ.webp 1000w\" sizes=\"(max-width: 1208px) 100vw, 1208px\" \/><\/p>\n<hr \/>\n<p>Samimi halleriyle objektiflere poz veren ikili, sosyal medyada geni\u015f yank\u0131 uyand\u0131rd\u0131. Hayranlar\u0131, bu s\u00fcrpriz bulu\u015fmay\u0131 nostaljik yorumlarla kar\u015f\u0131lad\u0131.<\/p>\n<h3>ZUHAL TOPAL EFEKTE SEDA SAYAN\u2019I GE\u00c7T\u0130<\/h3>\n<p>\u0130kilinin bulu\u015fmas\u0131nda Zuhal Topal\u2019\u0131n y\u00fcz filtresiyle yapt\u0131\u011f\u0131 payla\u015f\u0131m \u00f6zellikle dikkat \u00e7ekti. Efektli hali, sosyal medyada k\u0131sa s\u00fcrede g\u00fcndem olurken, baz\u0131 kullan\u0131c\u0131lar \u201cZuhal Topal Seda Sayan\u2019\u0131 bile ge\u00e7ti\u201d \u015feklinde yorumlar yapt\u0131. G\u00f6rseldeki abart\u0131l\u0131 efekt kullan\u0131m\u0131, esprili ve dikkat \u00e7ekici yorumlara neden oldu. Kimileri ise filtre kullan\u0131m\u0131n\u0131 abart\u0131l\u0131 bularak do\u011fall\u0131\u011f\u0131n kayboldu\u011funu savundu.<\/p>\n<p><img loading=\"lazy\" decoding=\"async\" class=\"alignnone wp-image-159846\" src=\"https:\/\/www.tgrthaber.com\/mavikadin\/wp-content\/uploads\/Ekran-goruntusu-2025-04-09-220925-300x144.png\" alt=\"\" width=\"1208\" height=\"582\" title=\"\" srcset=\"https:\/\/www.tgrthaber.com\/mavikadin\/wp-content\/uploads\/Ekran-goruntusu-2025-04-09-220925-300x144.png 300w, https:\/\/www.tgrthaber.com\/mavikadin\/wp-content\/uploads\/Ekran-goruntusu-2025-04-09-220925-1024x493.png 1024w, https:\/\/www.tgrthaber.com\/mavikadin\/wp-content\/uploads\/Ekran-goruntusu-2025-04-09-220925-768x370.png 768w, https:\/\/www.tgrthaber.com\/mavikadin\/wp-content\/uploads\/Ekran-goruntusu-2025-04-09-220925.png 1090w\" sizes=\"(max-width: 1208px) 100vw, 1208px\" \/><\/p>\n<hr \/>\n<h3>S\u0130H\u0130RL\u0130 ANNEM F\u0130LM\u0130 YOLDA<\/h3>\n<p>Bu bulu\u015fma, &#8220;Sihirli Annem&#8221; hayranlar\u0131n\u0131 heyecanland\u0131ran bir di\u011fer geli\u015fmeyle de \u00f6rt\u00fc\u015f\u00fcyor. Dizinin eski kadrosuyla \u00e7ekilecek sinema filmi i\u00e7in haz\u0131rl\u0131klar devam ediyor. Filmde \u0130nci T\u00fcrkay (Bet\u00fc\u015f), \u015eahap Say\u0131lgan (Sad\u0131k), Nevra Serezli, G\u00fcl Onat (Perihan Peri), Ay\u015fen \u0130nci, S\u00fceda \u00c7il, Jess Molho, Tiraje Ba\u015faran, Damla Ersuba\u015f\u0131, Jennifer Boyner, Gizem G\u00fcven ve Zeynep \u00d6zkaya gibi isimler yer alacak.<\/p>\n<p><img loading=\"lazy\" decoding=\"async\" class=\"alignnone wp-image-159843\" src=\"https:\/\/www.tgrthaber.com\/mavikadin\/wp-content\/uploads\/sihirli-annem-filmi-ne-zaman-cikacak-dizi-tekrar-mi-cekiliyor-sihirli-annem-oyuncu-kadrosu-yillar-sonra-bir-arada-17439591315702_1-300x168.jpg\" alt=\"\" width=\"1208\" height=\"678\" title=\"\" srcset=\"https:\/\/www.tgrthaber.com\/mavikadin\/wp-content\/uploads\/sihirli-annem-filmi-ne-zaman-cikacak-dizi-tekrar-mi-cekiliyor-sihirli-annem-oyuncu-kadrosu-yillar-sonra-bir-arada-17439591315702_1-300x168.jpg 300w, https:\/\/www.tgrthaber.com\/mavikadin\/wp-content\/uploads\/sihirli-annem-filmi-ne-zaman-cikacak-dizi-tekrar-mi-cekiliyor-sihirli-annem-oyuncu-kadrosu-yillar-sonra-bir-arada-17439591315702_1.jpg 700w\" sizes=\"(max-width: 1208px) 100vw, 1208px\" \/><\/p>\n<hr \/>\n<h3>SETTEN \u0130LK KARELER PAYLA\u015eILDI<\/h3>\n<p>\u00c7ekimlerine ba\u015flanan filmden ilk kareler de payla\u015f\u0131ld\u0131. \u00d6zellikle G\u00fcl Onat&#8217;\u0131n (Perihan Peri) sosyal medya \u00fczerinden payla\u015ft\u0131\u011f\u0131 foto\u011fraflar, eski kadronun yeniden bir araya geldi\u011fini g\u00f6steriyor ve hayranlar\u0131n heyecan\u0131n\u0131 art\u0131r\u0131yor.<\/p>\n<h3>HAYRANLAR G\u00dcN SAYIYOR<\/h3>\n<p>Filmle ilgili kesin bir vizyon tarihi a\u00e7\u0131klanmasa da, setten gelen kareler izleyicilerin beklentisini art\u0131rm\u0131\u015f durumda.<\/p>\n<p><img loading=\"lazy\" decoding=\"async\" class=\"alignnone wp-image-159848\" src=\"https:\/\/www.tgrthaber.com\/mavikadin\/wp-content\/uploads\/546f36def493b82fa4710154-750x375-1-300x150.webp\" alt=\"\" width=\"1208\" height=\"604\" title=\"\" srcset=\"https:\/\/www.tgrthaber.com\/mavikadin\/wp-content\/uploads\/546f36def493b82fa4710154-750x375-1-300x150.webp 300w, https:\/\/www.tgrthaber.com\/mavikadin\/wp-content\/uploads\/546f36def493b82fa4710154-750x375-1.webp 750w\" sizes=\"(max-width: 1208px) 100vw, 1208px\" \/><\/p>\n<hr \/>\n<p>\u00d6zellikle G\u00fcl Onat\u2019\u0131n sosyal medyada yapt\u0131\u011f\u0131 payla\u015f\u0131mlar, filmin \u00e7ekimlerinin h\u0131zla s\u00fcrd\u00fc\u011f\u00fcn\u00fc g\u00f6steriyor. Dizinin hayranlar\u0131, eski karakterleri yeniden izlemek i\u00e7in sab\u0131rs\u0131zlan\u0131yor.<\/p>\n","protected":false},"excerpt":{"rendered":"<p>Bir d\u00f6nemin efsane dizisi \u201cSihirli Annem\u201din sevilen karakterleri Bet\u00fc\u015f ve Suzan, uzun bir aradan sonra tekrar bir araya geldi. \u0130kilinin samimi bulu\u015fmas\u0131 sosyal medyada b\u00fcy\u00fck ilgi g\u00f6r\u00fcrken, payla\u015f\u0131lan kareler eski g\u00fcnleri hat\u0131rlatt\u0131. \u00d6zellikle efektli payla\u015f\u0131mlar, takip\u00e7ilerin dilinden d\u00fc\u015fmedi. \u0130\u015fte detaylar&#8230;<\/p>\n","protected":false},"author":35,"featured_media":159847,"comment_status":"closed","ping_status":"closed","sticky":false,"template":"","format":"standard","meta":{"rank_math_lock_modified_date":false,"footnotes":""},"categories":[76],"tags":[3680,5655,17393,17390,17391,17392],"class_list":["post-159841","post","type-post","status-publish","format-standard","has-post-thumbnail","hentry","category-magazin","tag-sihirli-annem","tag-sihirli-annem-betus","tag-sihirli-annem-filmi","tag-sihirli-annem-suzan","tag-suzan-ve-betus-bulustu","tag-zuhal-topal-filtreli-paylasim"],"_links":{"self":[{"href":"https:\/\/www.tgrthaber.com\/mavikadin\/wp-json\/wp\/v2\/posts\/159841"}],"collection":[{"href":"https:\/\/www.tgrthaber.com\/mavikadin\/wp-json\/wp\/v2\/posts"}],"about":[{"href":"https:\/\/www.tgrthaber.com\/mavikadin\/wp-json\/wp\/v2\/types\/post"}],"author":[{"embeddable":true,"href":"https:\/\/www.tgrthaber.com\/mavikadin\/wp-json\/wp\/v2\/users\/35"}],"replies":[{"embeddable":true,"href":"https:\/\/www.tgrthaber.com\/mavikadin\/wp-json\/wp\/v2\/comments?post=159841"}],"version-history":[{"count":1,"href":"https:\/\/www.tgrthaber.com\/mavikadin\/wp-json\/wp\/v2\/posts\/159841\/revisions"}],"predecessor-version":[{"id":159849,"href":"https:\/\/www.tgrthaber.com\/mavikadin\/wp-json\/wp\/v2\/posts\/159841\/revisions\/159849"}],"wp:featuredmedia":[{"embeddable":true,"href":"https:\/\/www.tgrthaber.com\/mavikadin\/wp-json\/wp\/v2\/media\/159847"}],"wp:attachment":[{"href":"https:\/\/www.tgrthaber.com\/mavikadin\/wp-json\/wp\/v2\/media?parent=159841"}],"wp:term":[{"taxonomy":"category","embeddable":true,"href":"https:\/\/www.tgrthaber.com\/mavikadin\/wp-json\/wp\/v2\/categories?post=159841"},{"taxonomy":"post_tag","embeddable":true,"href":"https:\/\/www.tgrthaber.com\/mavikadin\/wp-json\/wp\/v2\/tags?post=159841"}],"curies":[{"name":"wp","href":"https:\/\/api.w.org\/{rel}","templated":true}]}}