{"id":159861,"date":"2025-04-09T23:19:13","date_gmt":"2025-04-09T20:19:13","guid":{"rendered":"https:\/\/www.tgrthaber.com\/mavikadin\/?p=159861"},"modified":"2025-04-09T23:19:13","modified_gmt":"2025-04-09T20:19:13","slug":"iste-benim-stilim-jurisi-guzide-duran-resmen-cildirdi-umrumda-degilsin","status":"publish","type":"post","link":"https:\/\/www.tgrthaber.com\/mavikadin\/iste-benim-stilim-jurisi-guzide-duran-resmen-cildirdi-umrumda-degilsin\/","title":{"rendered":"\u0130\u015fte Benim Stilim j\u00fcrisi G\u00fczide Duran resmen \u00e7\u0131ld\u0131rd\u0131! Umrumda de\u011filsin"},"content":{"rendered":"<p>TV8 ekranlar\u0131nda y\u0131llar sonra yeniden izleyiciyle bulu\u015fan \u201c\u0130\u015fte Benim Stilim\u201d, daha ilk b\u00f6l\u00fcm\u00fcnden tansiyonu zirveye ta\u015f\u0131d\u0131. Moda yar\u0131\u015fmas\u0131nda j\u00fcri koltu\u011funda oturan G\u00fczide Duran, yar\u0131\u015fmac\u0131 Sibel ile ya\u015fad\u0131\u011f\u0131 sert diyalogla adeta g\u00fcndemi sarst\u0131. Tart\u0131\u015fma esnas\u0131nda \u201cUmurumda de\u011filsin!\u201d diyerek tepkisini a\u00e7\u0131k\u00e7a dile getiren Duran\u2019\u0131n bu \u00e7\u0131k\u0131\u015f\u0131, sosyal medya kullan\u0131c\u0131lar\u0131 taraf\u0131ndan k\u0131sa s\u00fcrede konu\u015fulmaya ba\u015fland\u0131. Sibel\u2019e yorum yapmay\u0131 reddeden Duran&#8217;\u0131n bu tavr\u0131, sosyal medyada resmen viral oldu.<\/p>\n<h3>MODA R\u00dcZGARI YEN\u0130DEN EST\u0130<\/h3>\n<p>Sunuculu\u011funu yine \u00d6yk\u00fc Serter\u2019in yapt\u0131\u011f\u0131 \u201c\u0130\u015fte Benim Stilim\u201d, 31 Mart Pazartesi g\u00fcn\u00fc izleyiciyle bulu\u015ftu. Moda tutkunlar\u0131n\u0131n ilgiyle takip etti\u011fi yar\u0131\u015fma, sosyal medyada da geni\u015f yank\u0131 uyand\u0131rd\u0131. G\u00fcnd\u00fcz ku\u015fa\u011f\u0131n\u0131n iddial\u0131 yap\u0131mlar\u0131 aras\u0131nda yer alan program, \u015fimdiden yeniden eski pop\u00fclerli\u011fini yakalam\u0131\u015f g\u00f6r\u00fcn\u00fcyor.<\/p>\n<p><img loading=\"lazy\" decoding=\"async\" class=\"alignnone wp-image-159880\" src=\"https:\/\/www.tgrthaber.com\/mavikadin\/wp-content\/uploads\/Ekran-goruntusu-2025-04-09-224427-2-300x134.png\" alt=\"\" width=\"1208\" height=\"541\" title=\"\" srcset=\"https:\/\/www.tgrthaber.com\/mavikadin\/wp-content\/uploads\/Ekran-goruntusu-2025-04-09-224427-2-300x134.png 300w, https:\/\/www.tgrthaber.com\/mavikadin\/wp-content\/uploads\/Ekran-goruntusu-2025-04-09-224427-2-1024x459.png 1024w, https:\/\/www.tgrthaber.com\/mavikadin\/wp-content\/uploads\/Ekran-goruntusu-2025-04-09-224427-2-768x344.png 768w, https:\/\/www.tgrthaber.com\/mavikadin\/wp-content\/uploads\/Ekran-goruntusu-2025-04-09-224427-2.png 1169w\" sizes=\"(max-width: 1208px) 100vw, 1208px\" \/><\/p>\n<hr \/>\n<h3>G\u00dcZ\u0130DE DURAN RESMEN \u00c7ILDIRDI! UMRUMDA DE\u011e\u0130LS\u0130N<\/h3>\n<p>Yay\u0131nlanan yeni b\u00f6l\u00fcm fragman\u0131nda dikkat \u00e7eken bir an ya\u015fand\u0131. Yar\u0131\u015fman\u0131n j\u00fcrilerinden G\u00fczide Duran, yar\u0131\u015fmac\u0131lardan Sibel ile ya\u015fad\u0131\u011f\u0131 tart\u0131\u015fma nedeniyle g\u00fcndem oldu. Duran\u2019\u0131n yar\u0131\u015fmac\u0131ya d\u00f6nerek \u201cUmurumda de\u011filsin\u201d \u00e7\u0131k\u0131\u015f\u0131 sosyal medyada k\u0131sa s\u00fcrede \u00e7ok konu\u015fulanlar aras\u0131na girdi. Sibel\u2019e, \u201cSana yorum yapmay\u0131 reddediyorum\u201d demesiyle ortamda tansiyon iyice y\u00fckseldi.<\/p>\n<p><img loading=\"lazy\" decoding=\"async\" class=\"alignnone wp-image-159868\" src=\"https:\/\/www.tgrthaber.com\/mavikadin\/wp-content\/uploads\/Ekran-goruntusu-2025-04-09-224623-300x163.png\" alt=\"\" width=\"1208\" height=\"658\" title=\"\" srcset=\"https:\/\/www.tgrthaber.com\/mavikadin\/wp-content\/uploads\/Ekran-goruntusu-2025-04-09-224623-300x163.png 300w, https:\/\/www.tgrthaber.com\/mavikadin\/wp-content\/uploads\/Ekran-goruntusu-2025-04-09-224623-768x418.png 768w, https:\/\/www.tgrthaber.com\/mavikadin\/wp-content\/uploads\/Ekran-goruntusu-2025-04-09-224623.png 946w\" sizes=\"(max-width: 1208px) 100vw, 1208px\" \/><\/p>\n<hr \/>\n<p>Ayr\u0131ca programda bir di\u011fer j\u00fcri \u00fcyesi Nur Bilen Yavuzer ile G\u00fczide Duran aras\u0131nda ya\u015fanan fikir ayr\u0131l\u0131\u011f\u0131 da dikkatlerden ka\u00e7mad\u0131. \u0130kilinin aras\u0131ndaki gerginlik, yar\u0131\u015fman\u0131n seyri kadar j\u00fcri dinamiklerine de yans\u0131d\u0131.<\/p>\n<h3>\u0130LK B\u00d6L\u00dcMLE ORTALI\u011eI SALLADI<\/h3>\n<p>\u201c\u0130\u015fte Benim Stilim\u201d ekranlara d\u00f6n\u00fc\u015f\u00fcn\u00fc g\u00fc\u00e7l\u00fc bir \u00e7\u0131k\u0131\u015fla yapt\u0131. Yar\u0131\u015fmac\u0131lar kadar j\u00fcri \u00fcyelerinin aras\u0131ndaki gerilim de izleyiciye ayr\u0131 bir heyecan sunuyor. Program, yeni b\u00f6l\u00fcm\u00fcyle yar\u0131n saat 12.30\u2019da TV8 ekranlar\u0131nda olacak. G\u00f6r\u00fcnen o ki \u00f6n\u00fcm\u00fczdeki g\u00fcnlerde \u201c\u0130\u015fte Benim Stilim\u201d yine ad\u0131ndan s\u0131k\u00e7a s\u00f6z ettirecek. \u0130\u015fte G\u00fczide Duran&#8217;n\u0131n yar\u0131\u015fmac\u0131 Sibel Serbest&#8217;e sert \u00e7\u0131kt\u0131\u011f\u0131 o anlar&#8230;<\/p>\n<div style=\"width: 640px;\" class=\"wp-video\"><!--[if lt IE 9]><script>document.createElement('video');<\/script><![endif]-->\n<video class=\"wp-video-shortcode\" id=\"video-159861-1\" width=\"640\" height=\"360\" preload=\"metadata\" controls=\"controls\"><source type=\"video\/mp4\" src=\"https:\/\/www.tgrthaber.com\/mavikadin\/wp-content\/uploads\/Iste-Benim-Stilim-yeni-bolumuyle-yarin-12.30da-TV8de.-IsteBenimStilim-TV8-@oykuserter-@ivanasert-@nurbilenyavuzer-@guzide_duran_aksoy-online-video-cutter.com_.mp4?_=1\" \/><a href=\"https:\/\/www.tgrthaber.com\/mavikadin\/wp-content\/uploads\/Iste-Benim-Stilim-yeni-bolumuyle-yarin-12.30da-TV8de.-IsteBenimStilim-TV8-@oykuserter-@ivanasert-@nurbilenyavuzer-@guzide_duran_aksoy-online-video-cutter.com_.mp4\">https:\/\/www.tgrthaber.com\/mavikadin\/wp-content\/uploads\/Iste-Benim-Stilim-yeni-bolumuyle-yarin-12.30da-TV8de.-IsteBenimStilim-TV8-@oykuserter-@ivanasert-@nurbilenyavuzer-@guzide_duran_aksoy-online-video-cutter.com_.mp4<\/a><\/video><\/div>\n<hr \/>\n<h3>S\u0130BEL SERBEST K\u0130MD\u0130R?<\/h3>\n<p>29 ya\u015f\u0131ndaki Sibel Serbest, Almanya do\u011fumlu bir i\u00e7 mimar. Kova burcu olan ve burcunun \u00f6zg\u00fcrl\u00fck\u00e7\u00fc, yarat\u0131c\u0131 yanlar\u0131n\u0131 ya\u015fam tarz\u0131na da yans\u0131tan Sibel, ailesiyle birlikte T\u00fcrkiye\u2019ye yerle\u015ferek hayat\u0131n\u0131 burada s\u00fcrd\u00fcrmeye ba\u015flad\u0131. \u0130\u00e7 mimarl\u0131k e\u011fitimi alan ve bu alandaki bilgisini butik i\u015fletmesine ta\u015f\u0131yan Serbest, modaya olan ilgisiyle de dikkat \u00e7ekiyor.<\/p>\n<p><img loading=\"lazy\" decoding=\"async\" class=\"alignnone wp-image-159881\" src=\"https:\/\/www.tgrthaber.com\/mavikadin\/wp-content\/uploads\/iste-benim-stilim-sibel-serbest-kimdir-boyu-kilosu-yasi-ve-sevgilisi-hakkinda-detaylar-1-300x169.webp\" alt=\"\" width=\"1208\" height=\"680\" title=\"\" srcset=\"https:\/\/www.tgrthaber.com\/mavikadin\/wp-content\/uploads\/iste-benim-stilim-sibel-serbest-kimdir-boyu-kilosu-yasi-ve-sevgilisi-hakkinda-detaylar-1-300x169.webp 300w, https:\/\/www.tgrthaber.com\/mavikadin\/wp-content\/uploads\/iste-benim-stilim-sibel-serbest-kimdir-boyu-kilosu-yasi-ve-sevgilisi-hakkinda-detaylar-1-1024x576.webp 1024w, https:\/\/www.tgrthaber.com\/mavikadin\/wp-content\/uploads\/iste-benim-stilim-sibel-serbest-kimdir-boyu-kilosu-yasi-ve-sevgilisi-hakkinda-detaylar-1-768x432.webp 768w, https:\/\/www.tgrthaber.com\/mavikadin\/wp-content\/uploads\/iste-benim-stilim-sibel-serbest-kimdir-boyu-kilosu-yasi-ve-sevgilisi-hakkinda-detaylar-1.webp 1280w\" sizes=\"(max-width: 1208px) 100vw, 1208px\" \/><\/p>\n<hr \/>\n<p>Estetik bak\u0131\u015f a\u00e7\u0131s\u0131n\u0131 &#8220;\u0130\u015fte Benim Stilim&#8221; yar\u0131\u015fmas\u0131na ta\u015f\u0131yarak geni\u015f kitlelerle bulu\u015fan Sibel, tasar\u0131m tutkusu ve \u00f6zg\u00fcn tarz\u0131yla hem j\u00fcriyi hem de izleyiciyi etkilemeyi ama\u00e7l\u0131yor. \u00d6zel hayat\u0131na dair fazla bilgi payla\u015fmayan Sibel, sosyal medyada aktif olsa da ili\u015fkileri hakk\u0131nda herhangi bir a\u00e7\u0131klamada bulunmuyor.<\/p>\n","protected":false},"excerpt":{"rendered":"<p>\u0130\u015fte Benim Stilim yeniden ekranlara d\u00f6nerken, j\u00fcri \u00fcyesi G\u00fczide Duran\u2019\u0131n yar\u0131\u015fmac\u0131 Sibel&#8217;e kar\u015f\u0131 sarf etti\u011fi sert s\u00f6zler programa damga vurdu. \u201cUmurumda de\u011filsin\u201d diyerek tepkisini dile getiren Duran\u2019\u0131n \u00e7\u0131k\u0131\u015f\u0131, sosyal medyada da geni\u015f yank\u0131 buldu. \u0130\u015fte o anlar&#8230;<\/p>\n","protected":false},"author":35,"featured_media":159879,"comment_status":"closed","ping_status":"closed","sticky":false,"template":"","format":"standard","meta":{"rank_math_lock_modified_date":false,"footnotes":""},"categories":[76],"tags":[17396,7559,16797,17398,16795,17397],"class_list":["post-159861","post","type-post","status-publish","format-standard","has-post-thumbnail","hentry","category-magazin","tag-guzide-duran-cildirdi","tag-iste-benim-stilim","tag-iste-benim-stilim-guzide-duran","tag-iste-benim-stilim-ivana-sert","tag-iste-benim-stilim-nur-bilen-yavuz","tag-iste-benim-stilim-sibel"],"_links":{"self":[{"href":"https:\/\/www.tgrthaber.com\/mavikadin\/wp-json\/wp\/v2\/posts\/159861"}],"collection":[{"href":"https:\/\/www.tgrthaber.com\/mavikadin\/wp-json\/wp\/v2\/posts"}],"about":[{"href":"https:\/\/www.tgrthaber.com\/mavikadin\/wp-json\/wp\/v2\/types\/post"}],"author":[{"embeddable":true,"href":"https:\/\/www.tgrthaber.com\/mavikadin\/wp-json\/wp\/v2\/users\/35"}],"replies":[{"embeddable":true,"href":"https:\/\/www.tgrthaber.com\/mavikadin\/wp-json\/wp\/v2\/comments?post=159861"}],"version-history":[{"count":2,"href":"https:\/\/www.tgrthaber.com\/mavikadin\/wp-json\/wp\/v2\/posts\/159861\/revisions"}],"predecessor-version":[{"id":159884,"href":"https:\/\/www.tgrthaber.com\/mavikadin\/wp-json\/wp\/v2\/posts\/159861\/revisions\/159884"}],"wp:featuredmedia":[{"embeddable":true,"href":"https:\/\/www.tgrthaber.com\/mavikadin\/wp-json\/wp\/v2\/media\/159879"}],"wp:attachment":[{"href":"https:\/\/www.tgrthaber.com\/mavikadin\/wp-json\/wp\/v2\/media?parent=159861"}],"wp:term":[{"taxonomy":"category","embeddable":true,"href":"https:\/\/www.tgrthaber.com\/mavikadin\/wp-json\/wp\/v2\/categories?post=159861"},{"taxonomy":"post_tag","embeddable":true,"href":"https:\/\/www.tgrthaber.com\/mavikadin\/wp-json\/wp\/v2\/tags?post=159861"}],"curies":[{"name":"wp","href":"https:\/\/api.w.org\/{rel}","templated":true}]}}