{"id":159887,"date":"2025-04-10T00:18:54","date_gmt":"2025-04-09T21:18:54","guid":{"rendered":"https:\/\/www.tgrthaber.com\/mavikadin\/?p=159887"},"modified":"2025-04-10T00:18:54","modified_gmt":"2025-04-09T21:18:54","slug":"ilayda-alisan-ve-ogulcan-engin-gece-gezmesinde-kameralara-boyle-yakalandi","status":"publish","type":"post","link":"https:\/\/www.tgrthaber.com\/mavikadin\/ilayda-alisan-ve-ogulcan-engin-gece-gezmesinde-kameralara-boyle-yakalandi\/","title":{"rendered":"\u0130layda Ali\u015fan ve O\u011fulcan Engin gece gezmesinde kameralara b\u00f6yle yakaland\u0131!"},"content":{"rendered":"<p>Ekranlar\u0131n sevilen y\u00fcz\u00fc \u0130layda Ali\u015fan, uzun s\u00fcredir a\u015fk ya\u015fad\u0131\u011f\u0131 O\u011fulcan Engin ile birlikte \u0130stanbul gecelerinde g\u00f6r\u00fcnt\u00fclendi. \u015eehrin g\u00f6zde mekanlar\u0131ndan birinde ba\u015f ba\u015fa keyifli bir ak\u015fam ge\u00e7iren \u00e7ift, \u00e7\u0131k\u0131\u015fta magazin muhabirlerinin s\u00fcrpriz bask\u0131n\u0131yla kar\u015f\u0131la\u015ft\u0131. Kameralar\u0131 fark edince k\u0131sa s\u00fcreli bir \u015fa\u015fk\u0131nl\u0131k ya\u015fayan ikili, kendilerine y\u00f6neltilen sorulara hi\u00e7bir a\u00e7\u0131klama yapmadan do\u011frudan ara\u00e7lar\u0131na y\u00f6neldi ve oradan uzakla\u015ft\u0131. \u0130\u015fte detaylar&#8230;<\/p>\n<h3>UZUN S\u00dcRED\u0130R ORTALARDA G\u00d6R\u00dcNM\u00dcYORLARDI<\/h3>\n<p>Bir s\u00fcredir birlikte g\u00f6r\u00fcnt\u00fclenmeyen \u00e7ift, bu s\u00fcrpriz kar\u015f\u0131la\u015fmayla yeniden magazin g\u00fcndemine ta\u015f\u0131nd\u0131. \u00d6zel hayatlar\u0131n\u0131 olabildi\u011fince g\u00f6zlerden uzak ya\u015famaya \u00e7al\u0131\u015fan Ali\u015fan ve Engin, yine ayn\u0131 tavr\u0131 sergileyerek a\u00e7\u0131klama yapmadan oradan uzakla\u015ft\u0131. Fla\u015flar\u0131n patlad\u0131\u011f\u0131 anlardaki \u015fa\u015fk\u0131nl\u0131klar\u0131 ise kameralara yans\u0131d\u0131.<\/p>\n<div style=\"width: 640px;\" class=\"wp-video\"><!--[if lt IE 9]><script>document.createElement('video');<\/script><![endif]-->\n<video class=\"wp-video-shortcode\" id=\"video-159887-1\" width=\"640\" height=\"1138\" preload=\"metadata\" controls=\"controls\"><source type=\"video\/mp4\" src=\"https:\/\/www.tgrthaber.com\/mavikadin\/wp-content\/uploads\/Instagram-2.sayfaofficial-stories-3607106802991574371-online-video-cutter.com_.mp4?_=1\" \/><a href=\"https:\/\/www.tgrthaber.com\/mavikadin\/wp-content\/uploads\/Instagram-2.sayfaofficial-stories-3607106802991574371-online-video-cutter.com_.mp4\">https:\/\/www.tgrthaber.com\/mavikadin\/wp-content\/uploads\/Instagram-2.sayfaofficial-stories-3607106802991574371-online-video-cutter.com_.mp4<\/a><\/video><\/div>\n<hr \/>\n<h3>A\u015eKLARI Y\u00dcZLER\u0130NDEN OKUNDU<\/h3>\n<p>Sorular\u0131 cevaps\u0131z b\u0131rakan \u00e7iftin y\u00fczlerindeki tebess\u00fcm dikkatlerden ka\u00e7mad\u0131. Son d\u00f6nemde birlikte az g\u00f6r\u00fcnt\u00fclenen ikili, bu g\u00f6r\u00fcnt\u00fcyle \u201cher \u015fey yolunda\u201d mesaj\u0131 verdi.<\/p>\n<h3>TARZLARIYLA Y\u0130NE G\u00dcNDEM OLDULAR<\/h3>\n<p>Geceye beyaz bluz \u00fczerine siyah oversize bir ceketle kat\u0131lan \u0130layda Ali\u015fan, hem sade hem de enerjik tarz\u0131yla dikkat \u00e7ekti. Da\u011f\u0131n\u0131k topuz modeliyle sa\u00e7lar\u0131n\u0131 do\u011fal b\u0131rakmay\u0131 tercih eden oyuncu, makyajs\u0131z ama \u0131\u015f\u0131lt\u0131l\u0131 g\u00f6r\u00fcnt\u00fcs\u00fcyle be\u011feni toplad\u0131. O\u011fulcan Engin ise siyah hoodie ve kot pantolonu ile rahat ama \u00f6zenli bir tarz sergileyerek gecenin konu\u015fulan ismi oldu. Uyumlu k\u0131yafet se\u00e7imleri, sosyal medya kullan\u0131c\u0131lar\u0131ndan da tam not ald\u0131.<\/p>\n<p><img loading=\"lazy\" decoding=\"async\" class=\"alignnone wp-image-159893\" src=\"https:\/\/www.tgrthaber.com\/mavikadin\/wp-content\/uploads\/i-2025-04-09T235747.891-300x169.webp\" alt=\"\" width=\"1208\" height=\"680\" title=\"\" srcset=\"https:\/\/www.tgrthaber.com\/mavikadin\/wp-content\/uploads\/i-2025-04-09T235747.891-300x169.webp 300w, https:\/\/www.tgrthaber.com\/mavikadin\/wp-content\/uploads\/i-2025-04-09T235747.891.webp 480w\" sizes=\"(max-width: 1208px) 100vw, 1208px\" \/><\/p>\n<hr \/>\n<p>Gece boyunca keyifli vakit ge\u00e7irdikleri g\u00f6zlerden ka\u00e7mayan \u0130layda Ali\u015fan ve O\u011fulcan Engin \u00e7ifti, birbirlerine olan uyumlar\u0131yla bir kez daha dikkatleri \u00fczerine \u00e7ekti. Magazin kulislerinde ili\u015fkilerinin ciddiyet kazand\u0131\u011f\u0131 konu\u015fulurken, birlikte ge\u00e7irdikleri her an\u0131n tad\u0131n\u0131 \u00e7\u0131kard\u0131klar\u0131 g\u00f6zlemlendi. Her ne kadar kameralardan uzak kalmay\u0131 tercih etseler de, yakalanan bu kareler ikilinin a\u015fklar\u0131n\u0131n doludizgin devam etti\u011fini kan\u0131tl\u0131yor.<\/p>\n<h3>\u0130LAYDA AL\u0130\u015eAN K\u0130MD\u0130R?<\/h3>\n<p class=\"\" data-start=\"152\" data-end=\"779\">1996 y\u0131l\u0131nda \u0130stanbul\u2019da d\u00fcnyaya gelen \u0130layda Ali\u015fan, televizyon d\u00fcnyas\u0131na hen\u00fcz gen\u00e7 ya\u015flarda ad\u0131m att\u0131. Oyunculuk kariyerine 2011 y\u0131l\u0131nda &#8220;Bir \u00c7ocuk Sevdim&#8221; dizisiyle ba\u015flayan Ali\u015fan, bu projeyle dikkatleri \u00fczerine \u00e7ekti. Ard\u0131ndan s\u0131ras\u0131yla &#8220;G\u00f6n\u00fcl H\u0131rs\u0131z\u0131&#8221;, &#8220;Benim Ad\u0131m G\u00fcltepe&#8221;, &#8220;Ser\u00e7e Saray\u0131&#8221;, &#8220;Bana Sevmeyi Anlat&#8221;, &#8220;R\u00fcya&#8221;, &#8220;\u00c7ukur&#8221;, &#8220;\u015eampiyon&#8221;, &#8220;Masumiyet&#8221;, &#8220;K\u0131rm\u0131z\u0131 Oda&#8221; ve &#8220;Seversin&#8221; gibi birbirinden farkl\u0131 projelerde yer ald\u0131.<\/p>\n<p data-start=\"152\" data-end=\"779\"><img loading=\"lazy\" decoding=\"async\" class=\"alignnone wp-image-159894\" src=\"https:\/\/www.tgrthaber.com\/mavikadin\/wp-content\/uploads\/i-2025-04-09T235721.603-300x169.webp\" alt=\"\" width=\"1208\" height=\"680\" title=\"\" srcset=\"https:\/\/www.tgrthaber.com\/mavikadin\/wp-content\/uploads\/i-2025-04-09T235721.603-300x169.webp 300w, https:\/\/www.tgrthaber.com\/mavikadin\/wp-content\/uploads\/i-2025-04-09T235721.603.webp 480w\" sizes=\"(max-width: 1208px) 100vw, 1208px\" \/><\/p>\n<hr \/>\n<p class=\"\" data-start=\"152\" data-end=\"779\">Hem dram hem gen\u00e7lik dizilerindeki ba\u015far\u0131l\u0131 performans\u0131yla ad\u0131ndan s\u0131k\u00e7a s\u00f6z ettiren oyuncu, 2019 y\u0131l\u0131nda Pantene Alt\u0131n Kelebek \u00d6d\u00fclleri&#8217;nde \u201cPantene Y\u0131ld\u0131z\u0131 Parlayanlar\u201d \u00f6d\u00fcl\u00fcn\u00fcn sahibi oldu. \u0130layda Ali\u015fan, \u00f6zel hayat\u0131n\u0131 g\u00f6zlerden uzak ya\u015famay\u0131 tercih eden isimlerden biri. Babas\u0131 Remzi Ali\u015fan olan oyuncunun kuzeni ise tiyatro d\u00fcnyas\u0131nda tan\u0131nan G\u00fcl\u015fah \u00c7omo\u011flu\u2019dur. Estetikle ilgili s\u0131k s\u0131k g\u00fcndeme gelen g\u00fczel oyuncu, daha \u00f6nce yapt\u0131\u011f\u0131 bir a\u00e7\u0131klamada yaln\u0131zca dudak dolgusu yapt\u0131rd\u0131\u011f\u0131n\u0131 ifade etmi\u015fti.<\/p>\n","protected":false},"excerpt":{"rendered":"<p>Magazin d\u00fcnyas\u0131n\u0131n en \u00e7ok konu\u015fulan \u00e7iftlerinden \u0130layda Ali\u015fan ve O\u011fulcan Engin, \u0130stanbul gecelerinde objektiflere yakaland\u0131. Mekan \u00e7\u0131k\u0131\u015f\u0131 fla\u015flar patlay\u0131nca k\u0131sa bir \u015fa\u015fk\u0131nl\u0131k ya\u015fayan ikili, sorular\u0131 yan\u0131ts\u0131z b\u0131rak\u0131p h\u0131zla ara\u00e7lar\u0131na binerek oradan uzakla\u015ft\u0131. O anlar ise kameralara b\u00f6yle yans\u0131d\u0131&#8230;<\/p>\n","protected":false},"author":35,"featured_media":159895,"comment_status":"closed","ping_status":"closed","sticky":false,"template":"","format":"standard","meta":{"rank_math_lock_modified_date":false,"footnotes":""},"categories":[76],"tags":[17402,2483,17403,17404,2484],"class_list":["post-159887","post","type-post","status-publish","format-standard","has-post-thumbnail","hentry","category-magazin","tag-gece-gezmesi","tag-ilayda-alisan","tag-ilayda-alisan-ogulcan-engin-kameralara-yakalandi","tag-ilayda-alisan-sevgilisi-ogulcan","tag-ogulcan-engin"],"_links":{"self":[{"href":"https:\/\/www.tgrthaber.com\/mavikadin\/wp-json\/wp\/v2\/posts\/159887"}],"collection":[{"href":"https:\/\/www.tgrthaber.com\/mavikadin\/wp-json\/wp\/v2\/posts"}],"about":[{"href":"https:\/\/www.tgrthaber.com\/mavikadin\/wp-json\/wp\/v2\/types\/post"}],"author":[{"embeddable":true,"href":"https:\/\/www.tgrthaber.com\/mavikadin\/wp-json\/wp\/v2\/users\/35"}],"replies":[{"embeddable":true,"href":"https:\/\/www.tgrthaber.com\/mavikadin\/wp-json\/wp\/v2\/comments?post=159887"}],"version-history":[{"count":1,"href":"https:\/\/www.tgrthaber.com\/mavikadin\/wp-json\/wp\/v2\/posts\/159887\/revisions"}],"predecessor-version":[{"id":159896,"href":"https:\/\/www.tgrthaber.com\/mavikadin\/wp-json\/wp\/v2\/posts\/159887\/revisions\/159896"}],"wp:featuredmedia":[{"embeddable":true,"href":"https:\/\/www.tgrthaber.com\/mavikadin\/wp-json\/wp\/v2\/media\/159895"}],"wp:attachment":[{"href":"https:\/\/www.tgrthaber.com\/mavikadin\/wp-json\/wp\/v2\/media?parent=159887"}],"wp:term":[{"taxonomy":"category","embeddable":true,"href":"https:\/\/www.tgrthaber.com\/mavikadin\/wp-json\/wp\/v2\/categories?post=159887"},{"taxonomy":"post_tag","embeddable":true,"href":"https:\/\/www.tgrthaber.com\/mavikadin\/wp-json\/wp\/v2\/tags?post=159887"}],"curies":[{"name":"wp","href":"https:\/\/api.w.org\/{rel}","templated":true}]}}