{"id":159907,"date":"2025-04-10T02:06:21","date_gmt":"2025-04-09T23:06:21","guid":{"rendered":"https:\/\/www.tgrthaber.com\/mavikadin\/?p=159907"},"modified":"2025-04-10T02:06:37","modified_gmt":"2025-04-09T23:06:37","slug":"kizilcik-serbeti-dizisinin-pinkosu-sibel-tascioglunun-olayli-vedasinda-yeni-perde-keske-basladigimiz-isi-bitirseydik","status":"publish","type":"post","link":"https:\/\/www.tgrthaber.com\/mavikadin\/kizilcik-serbeti-dizisinin-pinkosu-sibel-tascioglunun-olayli-vedasinda-yeni-perde-keske-basladigimiz-isi-bitirseydik\/","title":{"rendered":"&#8216;K\u0131z\u0131lc\u0131k \u015eerbeti&#8217; dizisinin Pinko&#8217;su Sibel Ta\u015f\u00e7\u0131o\u011flu&#8217;nun olayl\u0131 vedas\u0131nda yeni perde: Ke\u015fke ba\u015flad\u0131\u011f\u0131m\u0131z i\u015fi bitirseydik"},"content":{"rendered":"<p>Show TV&#8217;nin rekortmen dizilerinden biri olup yay\u0131nland\u0131\u011f\u0131 her b\u00f6l\u00fcm\u00fc ayr\u0131 bir kaos ve entrika i\u00e7eren &#8216;K\u0131z\u0131lc\u0131k \u015eerbeti&#8217; dizisinde ya\u015fanan geli\u015fmeler yine dur durak bilmiyor. \u00d6zellikle de son b\u00f6l\u00fcm\u00fcnde yay\u0131nlanan olaylar \u00f6rg\u00fcs\u00fcnde; Apo&#8217;nun I\u015f\u0131l ile beraber olmas\u0131n\u0131n a\u00e7\u0131\u011fa \u00e7\u0131kmas\u0131 ve Pembe&#8217;nin de bu ikiliyi herkesin i\u00e7inde if\u015fa etmesi \u00fczerine ortal\u0131k fena kar\u0131\u015fm\u0131\u015ft\u0131.<\/p>\n<p>Dizide &#8216;Pembe&#8217; karakterini oynayan oyuncu Sibel Ta\u015f\u00e7\u0131o\u011flu&#8217;nun bu b\u00f6l\u00fcmdeki ba\u015far\u0131l\u0131 performans\u0131 izleyici kitlesinde takdir g\u00f6r\u00fcr iken \u00fcnl\u00fc ismin birka\u00e7 b\u00f6l\u00fcmden sonra diziden ayr\u0131lacak olmas\u0131 dizi fanlar\u0131ndan Pinkoseverleri \u00fczd\u00fc.<\/p>\n<p>Peki Sibel Ta\u015f\u00e7\u0131o\u011flu diziden neden ayr\u0131l\u0131yor? Oyuncu Sibel Ta\u015f\u00e7\u0131o\u011flu&#8217;nun veda konu\u015fmas\u0131ndaki s\u00f6zleri neler oldu?<\/p>\n<h3>KIZILCIK \u015eERBET\u0130 D\u0130Z\u0130S\u0130N\u0130N P\u0130NKO&#8217;SU PEMBE KARAKTER\u0130NDEN \u0130MALI A\u00c7IKLAMA!<\/h3>\n<p>\u00dc\u00e7 sezondur Show TV ekranlar\u0131nda yerini alan pop\u00fcler dizi K\u0131z\u0131lc\u0131k \u015eerbeti, s\u00fcr\u00fckleyici olaylar\u0131 ve ba\u015far\u0131l\u0131 oyuncu kadrosuyla her hafta izleyiciyi ekran ba\u015f\u0131na kilitlerken izleyicileri ilerleyen yak\u0131n b\u00f6l\u00fcmlerde derinden sarsacak bir ayr\u0131l\u0131k bekliyor.<\/p>\n<p><img loading=\"lazy\" decoding=\"async\" class=\"alignnone wp-image-159915\" src=\"https:\/\/www.tgrthaber.com\/mavikadin\/wp-content\/uploads\/9-5.png\" alt=\"\" width=\"1208\" height=\"674\" title=\"\" srcset=\"https:\/\/www.tgrthaber.com\/mavikadin\/wp-content\/uploads\/9-5.png 1142w, https:\/\/www.tgrthaber.com\/mavikadin\/wp-content\/uploads\/9-5-300x167.png 300w, https:\/\/www.tgrthaber.com\/mavikadin\/wp-content\/uploads\/9-5-1024x571.png 1024w, https:\/\/www.tgrthaber.com\/mavikadin\/wp-content\/uploads\/9-5-768x428.png 768w\" sizes=\"(max-width: 1208px) 100vw, 1208px\" \/><\/p>\n<hr \/>\n<p>&#8216;Pembe&#8217; karakterini \u00fcstlenen oyuncu Sibel Ta\u015f\u00e7\u0131o\u011flu diziden ayr\u0131l\u0131yor.<\/p>\n<h3>PEMBE&#8217;Y\u0130 OYNAYAN S\u0130BEL TA\u015e\u00c7IO\u011eLU&#8217;NDAN S\u0130TEML\u0130 VEDA&#8230;<\/h3>\n<p>K\u0131z\u0131lc\u0131k \u015eerbeti&#8217;nin Pembe&#8217;sini oynayan ba\u015far\u0131l\u0131 oyuncu Sibel Ta\u015f\u00e7\u0131o\u011flu, dizinin yap\u0131m ekibi taraf\u0131ndan al\u0131nan s\u00fcrpriz bir kararla diziye veda etti\u011fi \u00f6\u011frenildi.<\/p>\n<p>Ekipteki oyuncu arkada\u015flar\u0131 Sibel Ta\u015f\u00e7\u0131o\u011flu i\u00e7in veda pastas\u0131 kesti. Bir anda ya\u015fanacak olan bu ayr\u0131l\u0131k sebebiyle izleyicisini olduk\u00e7a \u00fczen oyuncu Sibel Ta\u015f\u00e7\u0131o\u011flu&#8217;ndan ayr\u0131l\u0131k haberi sonras\u0131 ilk a\u00e7\u0131klama bu etkinlik s\u0131ras\u0131nda geldi.<\/p>\n<p><img loading=\"lazy\" decoding=\"async\" class=\"alignnone wp-image-159916\" src=\"https:\/\/www.tgrthaber.com\/mavikadin\/wp-content\/uploads\/6655.png\" alt=\"\" width=\"1208\" height=\"659\" title=\"\" srcset=\"https:\/\/www.tgrthaber.com\/mavikadin\/wp-content\/uploads\/6655.png 1058w, https:\/\/www.tgrthaber.com\/mavikadin\/wp-content\/uploads\/6655-300x164.png 300w, https:\/\/www.tgrthaber.com\/mavikadin\/wp-content\/uploads\/6655-1024x558.png 1024w, https:\/\/www.tgrthaber.com\/mavikadin\/wp-content\/uploads\/6655-768x419.png 768w\" sizes=\"(max-width: 1208px) 100vw, 1208px\" \/><\/p>\n<hr \/>\n<p>Dizide &#8216;Pembe&#8217; karakterini oynayan Sibel Ta\u015f\u00e7\u0131o\u011flu&#8217;nun veda konu\u015fmas\u0131ndaki s\u00f6zleri kafa kar\u0131\u015ft\u0131rd\u0131. \u0130mal\u0131 s\u00f6zlerle seda konu\u015fmas\u0131nda bulunan \u00fcnl\u00fc oyuncu Sibel Ta\u015f\u00e7\u0131o\u011flu&#8217;nun &#8220;Ba\u015flad\u0131\u011f\u0131m\u0131z i\u015fi ke\u015fke birlikte bitirme imkan\u0131m\u0131z olsayd\u0131&#8221; s\u00f6zleri de hayli imal\u0131 bulundu. B\u00f6yle oldu ama sizlerle beraber oldu\u011fum i\u00e7in \u00e7ok mutluyum. \u00c7ok severek \u00e7al\u0131\u015ft\u0131\u011f\u0131m bir i\u015fti.&#8221; a\u00e7\u0131klamas\u0131nda bulunmas\u0131 diziden istemeyerek ayr\u0131lmak durumunda kald\u0131\u011f\u0131n\u0131 ak\u0131llara getirdi.<\/p>\n","protected":false},"excerpt":{"rendered":"<p>K\u0131z\u0131lc\u0131k \u015eerbeti dizisinin &#8216;Pembe&#8217; karakterini \u00fcstlenen \u00fcnl\u00fc oyuncu Sibel Ta\u015f\u00e7\u0131o\u011flu&#8217;nun diziden ayr\u0131lacak olmas\u0131 dizinin fanlar\u0131n\u0131 hem \u015fa\u015f\u0131rtt\u0131 hem de derinden sarst\u0131. Ekip arkada\u015flar\u0131 taraf\u0131ndan kendisi i\u00e7in ayarlanan veda etkinli\u011finde imal\u0131 s\u00f6zlerde bulunan Ta\u015f\u00e7\u0131o\u011flu&#8217;nun a\u00e7\u0131klamas\u0131 g\u00fcndem oldu.<\/p>\n","protected":false},"author":27,"featured_media":159913,"comment_status":"closed","ping_status":"closed","sticky":false,"template":"","format":"standard","meta":{"rank_math_lock_modified_date":false,"footnotes":""},"categories":[602],"tags":[4113,17413,2987,17412],"class_list":["post-159907","post","type-post","status-publish","format-standard","has-post-thumbnail","hentry","category-diziler","tag-kizilcik-serbeti-dizisi","tag-kizilcik-serbeti-dizisi-pembe","tag-sibel-tascioglu","tag-sibel-tascioglu-veda-konusmasi"],"_links":{"self":[{"href":"https:\/\/www.tgrthaber.com\/mavikadin\/wp-json\/wp\/v2\/posts\/159907"}],"collection":[{"href":"https:\/\/www.tgrthaber.com\/mavikadin\/wp-json\/wp\/v2\/posts"}],"about":[{"href":"https:\/\/www.tgrthaber.com\/mavikadin\/wp-json\/wp\/v2\/types\/post"}],"author":[{"embeddable":true,"href":"https:\/\/www.tgrthaber.com\/mavikadin\/wp-json\/wp\/v2\/users\/27"}],"replies":[{"embeddable":true,"href":"https:\/\/www.tgrthaber.com\/mavikadin\/wp-json\/wp\/v2\/comments?post=159907"}],"version-history":[{"count":3,"href":"https:\/\/www.tgrthaber.com\/mavikadin\/wp-json\/wp\/v2\/posts\/159907\/revisions"}],"predecessor-version":[{"id":159919,"href":"https:\/\/www.tgrthaber.com\/mavikadin\/wp-json\/wp\/v2\/posts\/159907\/revisions\/159919"}],"wp:featuredmedia":[{"embeddable":true,"href":"https:\/\/www.tgrthaber.com\/mavikadin\/wp-json\/wp\/v2\/media\/159913"}],"wp:attachment":[{"href":"https:\/\/www.tgrthaber.com\/mavikadin\/wp-json\/wp\/v2\/media?parent=159907"}],"wp:term":[{"taxonomy":"category","embeddable":true,"href":"https:\/\/www.tgrthaber.com\/mavikadin\/wp-json\/wp\/v2\/categories?post=159907"},{"taxonomy":"post_tag","embeddable":true,"href":"https:\/\/www.tgrthaber.com\/mavikadin\/wp-json\/wp\/v2\/tags?post=159907"}],"curies":[{"name":"wp","href":"https:\/\/api.w.org\/{rel}","templated":true}]}}