{"id":159920,"date":"2025-04-10T02:23:09","date_gmt":"2025-04-09T23:23:09","guid":{"rendered":"https:\/\/www.tgrthaber.com\/mavikadin\/?p=159920"},"modified":"2025-04-10T02:23:10","modified_gmt":"2025-04-09T23:23:10","slug":"demet-senerden-akrabasi-sibel-tasciogluna-oyunculugunla-bizi-mest-ettin","status":"publish","type":"post","link":"https:\/\/www.tgrthaber.com\/mavikadin\/demet-senerden-akrabasi-sibel-tasciogluna-oyunculugunla-bizi-mest-ettin\/","title":{"rendered":"Demet \u015eener&#8217;den akrabas\u0131 Sibel Ta\u015f\u00e7\u0131o\u011flu&#8217;na: Oyunculu\u011funla bizi mest ettin!"},"content":{"rendered":"<p>Her cuma ak\u015fam\u0131 saat 20.00&#8217;da Show TV ekranlar\u0131nda yerini alan fenomen dizi &#8216;K\u0131z\u0131lc\u0131k \u015eerbeti&#8217; dizisinde kaoslu sahneler izleyiciyi nefessiz ekran ba\u015f\u0131na kilitliyor. Bar\u0131\u015f K\u0131l\u0131\u00e7, Evrim Alasya, Ahmet M\u00fcmtaz Taylan, S\u0131la T\u00fcrko\u011flu, Sibel Ta\u015f\u00e7\u0131o\u011flu, Do\u011fukan G\u00fcng\u00f6r, Aliye Uzunata\u011fan gibi g\u00fc\u00e7l\u00fc ve ba\u015far\u0131l\u0131 oyuncu kadrosuna sahip olunan dizide &#8216;Pembe&#8217; karakterini oynayan Sibel Ta\u015f\u00e7\u0131o\u011flu&#8217;nun beklenmedik ayr\u0131l\u0131\u011f\u0131 izleyici kitlesini derinden sarst\u0131.<\/p>\n<p>Show TV&#8217;nin sevilen dizisi &#8216;K\u0131z\u0131lc\u0131k \u015eerbeti\u2019 dizisinde seveni oldu\u011fu kadar rol\u00fc gere\u011fi g\u0131c\u0131k olunan bir ki\u015fili\u011fe de sahip karakteri oynayan ba\u015far\u0131l\u0131 oyuncu Sibel Ta\u015f\u00e7\u0131o\u011flu, diziye veda etti. Oyuncu Sibel Ta\u015f\u00e7\u0131o\u011flu i\u00e7in setteki oyuncu arkada\u015flar\u0131 veda pastas\u0131n\u0131n da oldu\u011fu bir etkinlik organize etti.<\/p>\n<h3>&#8216;KIZILCIK \u015eERBET\u0130&#8217; D\u0130Z\u0130S\u0130NDEN AYRILAN S\u0130BEL TA\u015e\u00c7IO\u011eLU \u0130\u00c7\u0130N DUYGUSAL PAYLA\u015eIMLAR PE\u015e PE\u015eE GELD\u0130<\/h3>\n<p>Veda etkinli\u011finde imal\u0131 s\u00f6zlerde bulunarak dizi fanlar\u0131n\u0131 akl\u0131n\u0131 kar\u0131\u015ft\u0131ran \u00fcnl\u00fc oyuncu Sibel Ta\u015f\u00e7\u0131o\u011flu, &#8220;Ba\u015flad\u0131\u011f\u0131m\u0131z i\u015fi ke\u015fke birlikte bitirme imkan\u0131m\u0131z olsayd\u0131&#8221; s\u00f6zleri de hayli imal\u0131 bulundu. B\u00f6yle oldu ama sizlerle beraber oldu\u011fum i\u00e7in \u00e7ok mutluyum. \u00c7ok severek \u00e7al\u0131\u015ft\u0131\u011f\u0131m bir i\u015fti.&#8221; s\u00f6zleriyle sitemli bir vedada bulundu.<\/p>\n<p><img loading=\"lazy\" decoding=\"async\" class=\"alignnone wp-image-159922\" src=\"https:\/\/www.tgrthaber.com\/mavikadin\/wp-content\/uploads\/56-6.png\" alt=\"\" width=\"1208\" height=\"728\" title=\"\" srcset=\"https:\/\/www.tgrthaber.com\/mavikadin\/wp-content\/uploads\/56-6.png 1253w, https:\/\/www.tgrthaber.com\/mavikadin\/wp-content\/uploads\/56-6-300x181.png 300w, https:\/\/www.tgrthaber.com\/mavikadin\/wp-content\/uploads\/56-6-1024x617.png 1024w, https:\/\/www.tgrthaber.com\/mavikadin\/wp-content\/uploads\/56-6-768x463.png 768w\" sizes=\"(max-width: 1208px) 100vw, 1208px\" \/><\/p>\n<hr \/>\n<p>Oyuncu Sibel Ta\u015f\u00e7\u0131o\u011flu&#8217;nun akrabas\u0131 oldu\u011fu bilinen eski manken Demet \u015eener ve dizideki rol arkada\u015f\u0131 \u015eebnem Bozoklu ise Ta\u015f\u00e7\u0131o\u011flu&#8217;nun veda konu\u015fmas\u0131 sonras\u0131nda sosyal medya hesaplar\u0131ndan duygusal payla\u015f\u0131mlarda bulundu.<\/p>\n<h3>DEMET \u015eENER AKRABASINI \u00d6VE \u00d6VE B\u0130T\u0130REMED\u0130: &#8220;M\u00dcTH\u0130\u015e OYUNCULU\u011eUNLA B\u0130Z\u0130 MEST ETT\u0130N!&#8221;<\/h3>\n<p>\u015eebnem Bozoklu yay\u0131nlad\u0131\u011f\u0131 karede; &#8220;G\u00f6rd\u00fc\u011f\u00fcm, \u00e7al\u0131\u015ft\u0131\u011f\u0131m en \u015fahane oyunculardan birisin Sibel\u2019ci\u011fim. Seni \u00e7ok seviyorum&#8221; notunu d\u00fc\u015ferken akrabas\u0131 olan Demet \u015eener ise \u015fu s\u00f6zlerle duygular\u0131n\u0131 dile getirdi;<\/p>\n<p><img loading=\"lazy\" decoding=\"async\" class=\"alignnone wp-image-159923\" src=\"https:\/\/www.tgrthaber.com\/mavikadin\/wp-content\/uploads\/demet-sener-ile-sibel-tascioglu-akraba-cikti-lDuvvmBG.jpg\" alt=\"\" width=\"1208\" height=\"687\" title=\"\" srcset=\"https:\/\/www.tgrthaber.com\/mavikadin\/wp-content\/uploads\/demet-sener-ile-sibel-tascioglu-akraba-cikti-lDuvvmBG.jpg 827w, https:\/\/www.tgrthaber.com\/mavikadin\/wp-content\/uploads\/demet-sener-ile-sibel-tascioglu-akraba-cikti-lDuvvmBG-300x170.jpg 300w, https:\/\/www.tgrthaber.com\/mavikadin\/wp-content\/uploads\/demet-sener-ile-sibel-tascioglu-akraba-cikti-lDuvvmBG-768x436.jpg 768w\" sizes=\"(max-width: 1208px) 100vw, 1208px\" \/><\/p>\n<hr \/>\n<p>&#8220;G\u00fczel kalplim benim Sibel Ta\u015f\u00e7\u0131o\u011flu\u2026 M\u00fcthi\u015f oyunculu\u011funla bizi mest ettin. Seninle gurur duyuyorum. Eminim, en k\u0131sa s\u00fcrede seni yine ekranlarda keyifle izleyece\u011fiz. Vedan\u0131 t\u00fcm zarafetinle yaparak herkese o g\u00fczel y\u00fcre\u011fini g\u00f6stermi\u015fsin.&#8221;<\/p>\n","protected":false},"excerpt":{"rendered":"<p>K\u0131z\u0131lc\u0131k \u015eerbeti dizisinde &#8216;Pembe&#8217; rol\u00fc ile tan\u0131nan oyuncu Sibel Ta\u015f\u00e7\u0131o\u011flu i\u00e7in akrabas\u0131 olan Demet \u015eener ve rol arkada\u015f\u0131 \u015eebnem Bozoklu&#8217;dan duygusal payla\u015f\u0131m pe\u015f pe\u015fe geldi.<\/p>\n","protected":false},"author":27,"featured_media":159921,"comment_status":"closed","ping_status":"closed","sticky":false,"template":"","format":"standard","meta":{"rank_math_lock_modified_date":false,"footnotes":""},"categories":[76],"tags":[14791,157,133,11539,2987],"class_list":["post-159920","post","type-post","status-publish","format-standard","has-post-thumbnail","hentry","category-magazin","tag-demet-sener","tag-kizilcik-serbeti","tag-magazin","tag-sebnem-bozoklu","tag-sibel-tascioglu"],"_links":{"self":[{"href":"https:\/\/www.tgrthaber.com\/mavikadin\/wp-json\/wp\/v2\/posts\/159920"}],"collection":[{"href":"https:\/\/www.tgrthaber.com\/mavikadin\/wp-json\/wp\/v2\/posts"}],"about":[{"href":"https:\/\/www.tgrthaber.com\/mavikadin\/wp-json\/wp\/v2\/types\/post"}],"author":[{"embeddable":true,"href":"https:\/\/www.tgrthaber.com\/mavikadin\/wp-json\/wp\/v2\/users\/27"}],"replies":[{"embeddable":true,"href":"https:\/\/www.tgrthaber.com\/mavikadin\/wp-json\/wp\/v2\/comments?post=159920"}],"version-history":[{"count":2,"href":"https:\/\/www.tgrthaber.com\/mavikadin\/wp-json\/wp\/v2\/posts\/159920\/revisions"}],"predecessor-version":[{"id":159925,"href":"https:\/\/www.tgrthaber.com\/mavikadin\/wp-json\/wp\/v2\/posts\/159920\/revisions\/159925"}],"wp:featuredmedia":[{"embeddable":true,"href":"https:\/\/www.tgrthaber.com\/mavikadin\/wp-json\/wp\/v2\/media\/159921"}],"wp:attachment":[{"href":"https:\/\/www.tgrthaber.com\/mavikadin\/wp-json\/wp\/v2\/media?parent=159920"}],"wp:term":[{"taxonomy":"category","embeddable":true,"href":"https:\/\/www.tgrthaber.com\/mavikadin\/wp-json\/wp\/v2\/categories?post=159920"},{"taxonomy":"post_tag","embeddable":true,"href":"https:\/\/www.tgrthaber.com\/mavikadin\/wp-json\/wp\/v2\/tags?post=159920"}],"curies":[{"name":"wp","href":"https:\/\/api.w.org\/{rel}","templated":true}]}}