{"id":159953,"date":"2025-04-10T09:17:08","date_gmt":"2025-04-10T06:17:08","guid":{"rendered":"https:\/\/www.tgrthaber.com\/mavikadin\/?p=159953"},"modified":"2025-04-10T09:21:39","modified_gmt":"2025-04-10T06:21:39","slug":"orhan-gencebay-ve-esi-sevim-emrenin-bitmeyen-hirsizlik-davasi-sevim-emre-detaylari-anlatti","status":"publish","type":"post","link":"https:\/\/www.tgrthaber.com\/mavikadin\/orhan-gencebay-ve-esi-sevim-emrenin-bitmeyen-hirsizlik-davasi-sevim-emre-detaylari-anlatti\/","title":{"rendered":"Orhan Gencebay ve e\u015fi Sevim Emre\u2019nin bitmeyen h\u0131rs\u0131zl\u0131k davas\u0131! Sevim Emre detaylar\u0131 anlatt\u0131"},"content":{"rendered":"<p>Arabesk m\u00fczi\u011fin efsane ismi Orhan Gencebay ile Sevim Emre 20 y\u0131l \u00f6nce ya\u015fad\u0131klar\u0131 h\u0131rs\u0131zl\u0131k olay\u0131yla g\u00fcndem oldu. \u00c7iftin de\u011ferli mutfak e\u015fyalar\u0131n\u0131n \u00e7al\u0131nd\u0131\u011f\u0131 olay\u0131n perde arkas\u0131n\u0131 Sevim Emre anlatt\u0131.<\/p>\n<h3>ORHAN GENCEBAY VE E\u015e\u0130 SEV\u0130M EMRE\u2019N\u0130N B\u0130TMEYEN HIRSIZLIK DAVASI<\/h3>\n<p>Arabesk m\u00fczi\u011fin duayeni Orhan Gencebay ve e\u015fi Sevim Emre\u2019nin evindeki h\u0131rs\u0131zl\u0131k olay\u0131 20 y\u0131l sonra yeniden g\u00fcndeme geldi. Yeni ya\u015fanm\u0131\u015f gibi g\u00f6sterilen olay\u0131n detaylar\u0131n\u0131 Sevim Emre a\u00e7\u0131klad\u0131.<\/p>\n<p><img loading=\"lazy\" decoding=\"async\" class=\"alignnone size-full wp-image-159966\" src=\"https:\/\/www.tgrthaber.com\/mavikadin\/wp-content\/uploads\/Orhan-Gencebay-2-2.png\" alt=\"\" width=\"1208\" height=\"680\" title=\"\" srcset=\"https:\/\/www.tgrthaber.com\/mavikadin\/wp-content\/uploads\/Orhan-Gencebay-2-2.png 1208w, https:\/\/www.tgrthaber.com\/mavikadin\/wp-content\/uploads\/Orhan-Gencebay-2-2-300x169.png 300w, https:\/\/www.tgrthaber.com\/mavikadin\/wp-content\/uploads\/Orhan-Gencebay-2-2-1024x576.png 1024w, https:\/\/www.tgrthaber.com\/mavikadin\/wp-content\/uploads\/Orhan-Gencebay-2-2-768x432.png 768w\" sizes=\"(max-width: 1208px) 100vw, 1208px\" \/><\/p>\n<hr \/>\n<h3>HIRSIZLIK OLAYINDA \u00c7ARPICI DETAYLAR<\/h3>\n<p>Sevim Emre 20 y\u0131l \u00f6nce Orhan Gencebay\u2019\u0131n Amerika\u2019da by-pass ameliyat\u0131 oldu\u011fu d\u00f6nemde mutfak e\u015fyalar\u0131n\u0131n evlerinde \u00e7al\u0131\u015fanlar taraf\u0131ndan al\u0131nd\u0131\u011f\u0131n\u0131 anlatt\u0131. \u00c7atal, ka\u015f\u0131k, b\u0131\u00e7ak tak\u0131mlar\u0131 ve l\u00fcks mutfak e\u015fyalar\u0131 d\u0131\u015f\u0131nda Gencebay\u2019\u0131n ki\u015fisel e\u015fyalar\u0131n\u0131n da \u00e7al\u0131nd\u0131\u011f\u0131n\u0131 anlatan Emre, &#8220;Tencereyi al\u0131p kapa\u011f\u0131n\u0131 b\u0131rakm\u0131\u015flar&#8221; ifadeleriyle olay\u0131n tuhaf boyutunu aktard\u0131.<\/p>\n<p><img loading=\"lazy\" decoding=\"async\" class=\"alignnone size-full wp-image-159960\" src=\"https:\/\/www.tgrthaber.com\/mavikadin\/wp-content\/uploads\/Orhan-Gencebay-4-1.png\" alt=\"\" width=\"1208\" height=\"680\" title=\"\" srcset=\"https:\/\/www.tgrthaber.com\/mavikadin\/wp-content\/uploads\/Orhan-Gencebay-4-1.png 1208w, https:\/\/www.tgrthaber.com\/mavikadin\/wp-content\/uploads\/Orhan-Gencebay-4-1-300x169.png 300w, https:\/\/www.tgrthaber.com\/mavikadin\/wp-content\/uploads\/Orhan-Gencebay-4-1-1024x576.png 1024w, https:\/\/www.tgrthaber.com\/mavikadin\/wp-content\/uploads\/Orhan-Gencebay-4-1-768x432.png 768w\" sizes=\"(max-width: 1208px) 100vw, 1208px\" \/><\/p>\n<hr \/>\n<h3>E\u015eYALAR A\u015eAMALI OLARAK \u00c7ALINDI<\/h3>\n<p>Evdeki \u00e7al\u0131\u015fanlar\u0131 takibe al\u0131nan Sevim Emre e\u015fyalar\u0131n\u0131n a\u015famal\u0131 \u015fekilde \u00e7al\u0131nd\u0131\u011f\u0131n\u0131 fark etti. Durumun \u00e7al\u0131\u015fanlar\u0131 taraf\u0131ndan inkar edilmesi \u00fczerine Sevim Emre evine g\u00fcvenlik kameras\u0131 takt\u0131rd\u0131.<br \/>\nSevim Emre &#8220;Art\u0131k kimseye g\u00fcvenim kalmad\u0131&#8221; diyerek yak\u0131nlar\u0131n\u0131 da \u015fa\u015f\u0131rtt\u0131.<\/p>\n<p><img loading=\"lazy\" decoding=\"async\" class=\"alignnone size-full wp-image-159961\" src=\"https:\/\/www.tgrthaber.com\/mavikadin\/wp-content\/uploads\/Orhan-Gencebay-1-1.png\" alt=\"\" width=\"1208\" height=\"680\" title=\"\" srcset=\"https:\/\/www.tgrthaber.com\/mavikadin\/wp-content\/uploads\/Orhan-Gencebay-1-1.png 1208w, https:\/\/www.tgrthaber.com\/mavikadin\/wp-content\/uploads\/Orhan-Gencebay-1-1-300x169.png 300w, https:\/\/www.tgrthaber.com\/mavikadin\/wp-content\/uploads\/Orhan-Gencebay-1-1-1024x576.png 1024w, https:\/\/www.tgrthaber.com\/mavikadin\/wp-content\/uploads\/Orhan-Gencebay-1-1-768x432.png 768w\" sizes=\"(max-width: 1208px) 100vw, 1208px\" \/><\/p>\n<hr \/>\n<h3>\u015eOF\u00d6R \u00c7ANTA \u00c7ALDI!<\/h3>\n<p>Orhan Gencebay ile Sevim Emre\u2019nin ya\u015fad\u0131\u011f\u0131 bu h\u0131rs\u0131zl\u0131k olay\u0131 son olmam\u0131\u015f. Sanat\u00e7\u0131n\u0131n, MESAM toplant\u0131s\u0131 s\u0131ras\u0131nda \u015fof\u00f6r\u00fc taraf\u0131ndan \u00e7al\u0131nan \u00e7antas\u0131, h\u0131rs\u0131z\u0131n pi\u015fmanl\u0131k duymas\u0131yla geri al\u0131nm\u0131\u015ft\u0131. \u00c7antan\u0131n iade edilmesi s\u00fcrecinde de emniyet yetkilileri devreye girmi\u015fti.<\/p>\n<p><img loading=\"lazy\" decoding=\"async\" class=\"alignnone size-full wp-image-159962\" src=\"https:\/\/www.tgrthaber.com\/mavikadin\/wp-content\/uploads\/Orhan-Gencebay-5.png\" alt=\"\" width=\"1208\" height=\"680\" title=\"\" srcset=\"https:\/\/www.tgrthaber.com\/mavikadin\/wp-content\/uploads\/Orhan-Gencebay-5.png 1208w, https:\/\/www.tgrthaber.com\/mavikadin\/wp-content\/uploads\/Orhan-Gencebay-5-300x169.png 300w, https:\/\/www.tgrthaber.com\/mavikadin\/wp-content\/uploads\/Orhan-Gencebay-5-1024x576.png 1024w, https:\/\/www.tgrthaber.com\/mavikadin\/wp-content\/uploads\/Orhan-Gencebay-5-768x432.png 768w\" sizes=\"(max-width: 1208px) 100vw, 1208px\" \/><\/p>\n<hr \/>\n<h3>\u201cSEV\u0130M HANIM B\u0130R B\u00dcT\u00dcN\u00dcN YARISI OLAN K\u0130\u015e\u0130D\u0130R\u201d<\/h3>\n<p>Orhan Gencebay e\u015fi Sevim Emre\u2019den bahsederken \u015fu c\u00fcmleleri kullanm\u0131\u015ft\u0131:<\/p>\n<p>\u201cSevim Han\u0131m, bir b\u00fct\u00fcn\u00fcn yar\u0131s\u0131 olan ki\u015fidir. \u0130nsan bir b\u00fct\u00fcnd\u00fcr, bir yan\u0131 art\u0131 bir yan\u0131 eksi hatta bir yan\u0131 han\u0131m bir yan\u0131 erkektir. Dolay\u0131s\u0131yla bu birliktelik varl\u0131\u011f\u0131yla, insan denilen varl\u0131k taraf\u0131ndan devaml\u0131 s\u00fcrd\u00fcr\u00fclecektir. Sistem b\u00f6yledir. Yaradan\u2019\u0131n sistemi, Yaradan\u2019\u0131n emri, mutlak budur. Yani iki insan bir araya gelirse insan vard\u0131r, gelmezse yoktur. Yoksa laboratuvara kal\u0131r her \u015fey. \u00d6yle diyorlar ya. Dolay\u0131s\u0131yla Sevim Han\u0131m bir b\u00fct\u00fcn\u00fcn yar\u0131s\u0131d\u0131r, benim yar\u0131md\u0131r, ben de onun yar\u0131s\u0131y\u0131m.\u201d<\/p>\n","protected":false},"excerpt":{"rendered":"<p>Orhan Gencebay ve e\u015fi Sevim Emre 20 y\u0131ll\u0131k h\u0131rs\u0131zl\u0131k davas\u0131yla magazin g\u00fcndemine geldi. Arabesk m\u00fczi\u011fin efsane ismi Orhan Gencebay\u2019\u0131n de\u011ferli mutfak e\u015fyalar\u0131 \u00e7al\u0131nm\u0131\u015ft\u0131.<\/p>\n","protected":false},"author":5,"featured_media":159959,"comment_status":"closed","ping_status":"closed","sticky":false,"template":"","format":"standard","meta":{"rank_math_lock_modified_date":false,"footnotes":""},"categories":[76],"tags":[133,2314,7200],"class_list":["post-159953","post","type-post","status-publish","format-standard","has-post-thumbnail","hentry","category-magazin","tag-magazin","tag-orhan-gencebay","tag-sevim-emre"],"_links":{"self":[{"href":"https:\/\/www.tgrthaber.com\/mavikadin\/wp-json\/wp\/v2\/posts\/159953"}],"collection":[{"href":"https:\/\/www.tgrthaber.com\/mavikadin\/wp-json\/wp\/v2\/posts"}],"about":[{"href":"https:\/\/www.tgrthaber.com\/mavikadin\/wp-json\/wp\/v2\/types\/post"}],"author":[{"embeddable":true,"href":"https:\/\/www.tgrthaber.com\/mavikadin\/wp-json\/wp\/v2\/users\/5"}],"replies":[{"embeddable":true,"href":"https:\/\/www.tgrthaber.com\/mavikadin\/wp-json\/wp\/v2\/comments?post=159953"}],"version-history":[{"count":4,"href":"https:\/\/www.tgrthaber.com\/mavikadin\/wp-json\/wp\/v2\/posts\/159953\/revisions"}],"predecessor-version":[{"id":159967,"href":"https:\/\/www.tgrthaber.com\/mavikadin\/wp-json\/wp\/v2\/posts\/159953\/revisions\/159967"}],"wp:featuredmedia":[{"embeddable":true,"href":"https:\/\/www.tgrthaber.com\/mavikadin\/wp-json\/wp\/v2\/media\/159959"}],"wp:attachment":[{"href":"https:\/\/www.tgrthaber.com\/mavikadin\/wp-json\/wp\/v2\/media?parent=159953"}],"wp:term":[{"taxonomy":"category","embeddable":true,"href":"https:\/\/www.tgrthaber.com\/mavikadin\/wp-json\/wp\/v2\/categories?post=159953"},{"taxonomy":"post_tag","embeddable":true,"href":"https:\/\/www.tgrthaber.com\/mavikadin\/wp-json\/wp\/v2\/tags?post=159953"}],"curies":[{"name":"wp","href":"https:\/\/api.w.org\/{rel}","templated":true}]}}