{"id":159991,"date":"2025-04-10T10:49:44","date_gmt":"2025-04-10T07:49:44","guid":{"rendered":"https:\/\/www.tgrthaber.com\/mavikadin\/?p=159991"},"modified":"2025-04-10T10:51:26","modified_gmt":"2025-04-10T07:51:26","slug":"sahika-ercumen-kimdir-ne-hastasi-sahika-ercumen-ne-rekoru-kirdi","status":"publish","type":"post","link":"https:\/\/www.tgrthaber.com\/mavikadin\/sahika-ercumen-kimdir-ne-hastasi-sahika-ercumen-ne-rekoru-kirdi\/","title":{"rendered":"\u015eahika Erc\u00fcmen kimdir ne hastas\u0131? \u015eahika Erc\u00fcmen ne rekoru k\u0131rd\u0131?"},"content":{"rendered":"<p>Suyun alt\u0131ndaki ba\u015far\u0131lar\u0131 ile g\u00fcndeme gelen \u015eahika Erc\u00fcmen, arama mortorlar\u0131nda merak edilen bir isim oluyor. Erc\u00fcmen, yaln\u0131zca T\u00fcrkiye\u2019nin de\u011fil, d\u00fcnyan\u0131n da en dikkat \u00e7eken serbest dal\u0131\u015f\u00e7\u0131lar\u0131ndan biri olarak kar\u015f\u0131m\u0131za \u00e7\u0131k\u0131yor. Cumhurba\u015fkanl\u0131\u011f\u0131 Sosyal ve Gen\u00e7lik Politikalar\u0131 Kurulu\u2019na atanan milli y\u00fcz\u00fcc\u00fcn\u00fcn hayat\u0131 ve sporcu kariyeri ara\u015ft\u0131r\u0131l\u0131yor.<\/p>\n<h3>\u015eAH\u0130KA ERC\u00dcMEN K\u0130MD\u0130R?<\/h3>\n<p>\u015eahika Erc\u00fcmen, 1985 y\u0131l\u0131nda \u00c7anakkale\u2019de d\u00fcnyaya geldi. Ba\u015fkent \u00dcniversitesi Beslenme ve Diyetetik B\u00f6l\u00fcm\u00fc mezunu olan Erc\u00fcmen, akademik e\u011fitimini de spora entegre ederek bedenine ve zihnine hak etti\u011fi disiplini kazand\u0131rd\u0131. 2006 y\u0131l\u0131nda \u0130spanya\u2019n\u0131n Tenerife kentinde d\u00fczenlenen Serbest Dal\u0131\u015f D\u00fcnya \u015eampiyonas\u0131\u2019nda elde etti\u011fi derece ile T\u00fcrkiye rekoru k\u0131rd\u0131.<\/p>\n<p><img loading=\"lazy\" decoding=\"async\" class=\"alignnone wp-image-160001\" src=\"https:\/\/www.tgrthaber.com\/mavikadin\/wp-content\/uploads\/haber-gorselleri-fotoshop-1-7-1024x576.jpg\" alt=\"\u015eahika Erc\u00fcmen kimdir ne hastas\u0131? \u015eahika Erc\u00fcmen ne rekoru k\u0131rd\u0131?\" width=\"1208\" height=\"680\" title=\"\" srcset=\"https:\/\/www.tgrthaber.com\/mavikadin\/wp-content\/uploads\/haber-gorselleri-fotoshop-1-7-1024x576.jpg 1024w, https:\/\/www.tgrthaber.com\/mavikadin\/wp-content\/uploads\/haber-gorselleri-fotoshop-1-7-300x169.jpg 300w, https:\/\/www.tgrthaber.com\/mavikadin\/wp-content\/uploads\/haber-gorselleri-fotoshop-1-7-768x432.jpg 768w, https:\/\/www.tgrthaber.com\/mavikadin\/wp-content\/uploads\/haber-gorselleri-fotoshop-1-7-1536x864.jpg 1536w, https:\/\/www.tgrthaber.com\/mavikadin\/wp-content\/uploads\/haber-gorselleri-fotoshop-1-7.jpg 1600w\" sizes=\"(max-width: 1208px) 100vw, 1208px\" \/><\/p>\n<hr \/>\n<p>\u00c7e\u015fitli yar\u0131\u015fmalarda rekorlar k\u0131ran ba\u015far\u0131l\u0131 milli sporcu Erc\u00fcmen, kendi ad\u0131n\u0131 her zaman d\u00fcnyaya duyurmay\u0131 ba\u015fard\u0131. Survivor 2017 sezonunda \u00fcnl\u00fcler tak\u0131m\u0131nda yar\u0131\u015fm\u0131\u015ft\u0131r. 26 Nisan eleme konseyinde de elenmi\u015ftir. Erc\u00fcmen, Antarktika&#8217;da kurulan T\u00fcrk Bilimsel Ara\u015ft\u0131rma Kamp\u0131n\u0131n a\u00e7\u0131l\u0131\u015f\u0131 Horseshoe adas\u0131nda \u00f6zel dal\u0131\u015f yapt\u0131. Bu dal\u0131\u015f kapsam\u0131nda gitti\u011fi \u2018Beyaz K\u0131ta\u2019da dal\u0131\u015f yapan ilk T\u00fcrk kad\u0131n sporcu \u00fcnvan\u0131n\u0131 ald\u0131.<\/p>\n<p><img loading=\"lazy\" decoding=\"async\" class=\"alignnone wp-image-160000\" src=\"https:\/\/www.tgrthaber.com\/mavikadin\/wp-content\/uploads\/haber-gorselleri-fotoshop-2-8-1024x576.jpg\" alt=\"\u015eahika Erc\u00fcmen kimdir ne hastas\u0131? \u015eahika Erc\u00fcmen ne rekoru k\u0131rd\u0131?\" width=\"1208\" height=\"680\" title=\"\" srcset=\"https:\/\/www.tgrthaber.com\/mavikadin\/wp-content\/uploads\/haber-gorselleri-fotoshop-2-8-1024x576.jpg 1024w, https:\/\/www.tgrthaber.com\/mavikadin\/wp-content\/uploads\/haber-gorselleri-fotoshop-2-8-300x169.jpg 300w, https:\/\/www.tgrthaber.com\/mavikadin\/wp-content\/uploads\/haber-gorselleri-fotoshop-2-8-768x432.jpg 768w, https:\/\/www.tgrthaber.com\/mavikadin\/wp-content\/uploads\/haber-gorselleri-fotoshop-2-8-1536x864.jpg 1536w, https:\/\/www.tgrthaber.com\/mavikadin\/wp-content\/uploads\/haber-gorselleri-fotoshop-2-8.jpg 1600w\" sizes=\"(max-width: 1208px) 100vw, 1208px\" \/><\/p>\n<hr \/>\n<h3>\u015eAH\u0130KA ERC\u00dcMEN NE HASTASI?<\/h3>\n<p>Erc\u00fcmen, \u00e7ocuklu\u011funda ast\u0131m hastal\u0131\u011f\u0131yla m\u00fccadele ediyordu. Bir\u00e7ok insan i\u00e7in deniz, nefes darl\u0131\u011f\u0131 ya\u015fayan biri a\u00e7\u0131s\u0131ndan korkutucu bir alan olabilirken, \u015eahika i\u00e7in bu, hayata tutunma yolunun ta kendisi oldu. Doktorlar\u0131n tavsiyesiyle y\u00fczmeye ba\u015flayan \u015eahika, suyla kurdu\u011fu \u00f6zel ba\u011f sayesinde hem sa\u011fl\u0131\u011f\u0131na kavu\u015ftu hem de bir tutkunun pe\u015finden ko\u015fmaya ba\u015flad\u0131.<\/p>\n<p><img loading=\"lazy\" decoding=\"async\" class=\"alignnone wp-image-159999\" src=\"https:\/\/www.tgrthaber.com\/mavikadin\/wp-content\/uploads\/haber-gorselleri-fotoshop-3-7-1024x576.jpg\" alt=\"\u015eahika Erc\u00fcmen kimdir ne hastas\u0131? \u015eahika Erc\u00fcmen ne rekoru k\u0131rd\u0131?\" width=\"1208\" height=\"680\" title=\"\" srcset=\"https:\/\/www.tgrthaber.com\/mavikadin\/wp-content\/uploads\/haber-gorselleri-fotoshop-3-7-1024x576.jpg 1024w, https:\/\/www.tgrthaber.com\/mavikadin\/wp-content\/uploads\/haber-gorselleri-fotoshop-3-7-300x169.jpg 300w, https:\/\/www.tgrthaber.com\/mavikadin\/wp-content\/uploads\/haber-gorselleri-fotoshop-3-7-768x432.jpg 768w, https:\/\/www.tgrthaber.com\/mavikadin\/wp-content\/uploads\/haber-gorselleri-fotoshop-3-7-1536x864.jpg 1536w, https:\/\/www.tgrthaber.com\/mavikadin\/wp-content\/uploads\/haber-gorselleri-fotoshop-3-7.jpg 1600w\" sizes=\"(max-width: 1208px) 100vw, 1208px\" \/><\/p>\n<hr \/>\n<h3>\u015eAH\u0130KA ERC\u00dcMEN NE REKORU KIRDI?<\/h3>\n<p>\u015eahika Erc\u00fcmen, serbest dal\u0131\u015f alan\u0131nda k\u0131rd\u0131\u011f\u0131 rekorlarla ad\u0131n\u0131 defalarca duyurdu. En dikkat \u00e7eken ba\u015far\u0131s\u0131 ise 2021 y\u0131l\u0131nda geldi. T\u00fcrkiye Cumhuriyeti\u2019nin 98. y\u0131l\u0131na ithafen, 100 metreye tek nefeste dalarak d\u00fcnya rekoru k\u0131rd\u0131. \u00dcstelik bu rekoru, paletsiz ve de\u011fi\u015fken a\u011f\u0131rl\u0131ks\u0131z kategoride k\u0131rmas\u0131, ba\u015far\u0131n\u0131n boyutunu bir kat daha art\u0131rd\u0131. Bu dal\u0131\u015f, sadece bir sportif ba\u015far\u0131 de\u011fil, ayn\u0131 zamanda T\u00fcrkiye ad\u0131na da b\u00fcy\u00fck bir gurur an\u0131yd\u0131.<\/p>\n<p><img loading=\"lazy\" decoding=\"async\" class=\"alignnone wp-image-159998\" src=\"https:\/\/www.tgrthaber.com\/mavikadin\/wp-content\/uploads\/haber-gorselleri-fotoshop-4-7-1024x576.jpg\" alt=\"\u015eahika Erc\u00fcmen kimdir ne hastas\u0131? \u015eahika Erc\u00fcmen ne rekoru k\u0131rd\u0131?\" width=\"1208\" height=\"680\" title=\"\" srcset=\"https:\/\/www.tgrthaber.com\/mavikadin\/wp-content\/uploads\/haber-gorselleri-fotoshop-4-7-1024x576.jpg 1024w, https:\/\/www.tgrthaber.com\/mavikadin\/wp-content\/uploads\/haber-gorselleri-fotoshop-4-7-300x169.jpg 300w, https:\/\/www.tgrthaber.com\/mavikadin\/wp-content\/uploads\/haber-gorselleri-fotoshop-4-7-768x432.jpg 768w, https:\/\/www.tgrthaber.com\/mavikadin\/wp-content\/uploads\/haber-gorselleri-fotoshop-4-7-1536x864.jpg 1536w, https:\/\/www.tgrthaber.com\/mavikadin\/wp-content\/uploads\/haber-gorselleri-fotoshop-4-7.jpg 1600w\" sizes=\"(max-width: 1208px) 100vw, 1208px\" \/><\/p>\n<hr \/>\n<p>Erc\u00fcmen\u2019in serbest dal\u0131\u015ftaki ba\u015far\u0131lar\u0131, ona \u00e7evresel duyarl\u0131l\u0131\u011f\u0131 da getirdi. Sadece sporcusu oldu\u011fu okyanuslar\u0131n de\u011fil, onlar\u0131n korunmas\u0131n\u0131n da savunucusu haline geldi. Deniz temizli\u011fi, plastik kirlili\u011fi ve s\u00fcrd\u00fcr\u00fclebilir ya\u015fam gibi bir\u00e7ok konuda fark\u0131ndal\u0131k kampanyalar\u0131na \u00f6nc\u00fcl\u00fck etti. \u015eahika Erc\u00fcmen, yaln\u0131zca bir sporcu de\u011fil ayn\u0131 zamanda insanlar i\u00e7in birer kaynak oluyor.<\/p>\n","protected":false},"excerpt":{"rendered":"<p>\u015eahika Erc\u00fcmen ile ilgili geli\u015fmeler yak\u0131ndan takip ediliyor. Milli sporcu olan Erc\u00fcmen, g\u00fcndemdeki yerini ald\u0131. T\u00fcrkiye\u2019yi uluslararas\u0131 arenada ba\u015far\u0131s\u0131yla temsil eden sporcu arama motorlar\u0131nda ara\u015ft\u0131r\u0131lmaya ba\u015fland\u0131. Peki, \u015eahika Erc\u00fcmen kimdir, ne hastas\u0131? \u015eahika Erc\u00fcmen ne rekoru k\u0131rd\u0131? Merak edilenleri sizin i\u00e7in ara\u015ft\u0131rd\u0131k\u2026<\/p>\n","protected":false},"author":34,"featured_media":160002,"comment_status":"closed","ping_status":"closed","sticky":false,"template":"","format":"standard","meta":{"rank_math_lock_modified_date":false,"footnotes":""},"categories":[491],"tags":[16521,13696,17425,17426,17428],"class_list":["post-159991","post","type-post","status-publish","format-standard","has-post-thumbnail","hentry","category-biyografi","tag-biyografi-haberleri","tag-milli-sporcu","tag-sahika-ercumen","tag-sahika-ercumen-biyografi","tag-sosyal-genclik-ve-politilari-kurulu"],"_links":{"self":[{"href":"https:\/\/www.tgrthaber.com\/mavikadin\/wp-json\/wp\/v2\/posts\/159991"}],"collection":[{"href":"https:\/\/www.tgrthaber.com\/mavikadin\/wp-json\/wp\/v2\/posts"}],"about":[{"href":"https:\/\/www.tgrthaber.com\/mavikadin\/wp-json\/wp\/v2\/types\/post"}],"author":[{"embeddable":true,"href":"https:\/\/www.tgrthaber.com\/mavikadin\/wp-json\/wp\/v2\/users\/34"}],"replies":[{"embeddable":true,"href":"https:\/\/www.tgrthaber.com\/mavikadin\/wp-json\/wp\/v2\/comments?post=159991"}],"version-history":[{"count":2,"href":"https:\/\/www.tgrthaber.com\/mavikadin\/wp-json\/wp\/v2\/posts\/159991\/revisions"}],"predecessor-version":[{"id":160005,"href":"https:\/\/www.tgrthaber.com\/mavikadin\/wp-json\/wp\/v2\/posts\/159991\/revisions\/160005"}],"wp:featuredmedia":[{"embeddable":true,"href":"https:\/\/www.tgrthaber.com\/mavikadin\/wp-json\/wp\/v2\/media\/160002"}],"wp:attachment":[{"href":"https:\/\/www.tgrthaber.com\/mavikadin\/wp-json\/wp\/v2\/media?parent=159991"}],"wp:term":[{"taxonomy":"category","embeddable":true,"href":"https:\/\/www.tgrthaber.com\/mavikadin\/wp-json\/wp\/v2\/categories?post=159991"},{"taxonomy":"post_tag","embeddable":true,"href":"https:\/\/www.tgrthaber.com\/mavikadin\/wp-json\/wp\/v2\/tags?post=159991"}],"curies":[{"name":"wp","href":"https:\/\/api.w.org\/{rel}","templated":true}]}}