{"id":159992,"date":"2025-04-10T10:15:07","date_gmt":"2025-04-10T07:15:07","guid":{"rendered":"https:\/\/www.tgrthaber.com\/mavikadin\/?p=159992"},"modified":"2025-04-10T10:15:07","modified_gmt":"2025-04-10T07:15:07","slug":"hayati-inanc-evli-mi-hayati-inancin-cocuklari-var-mi","status":"publish","type":"post","link":"https:\/\/www.tgrthaber.com\/mavikadin\/hayati-inanc-evli-mi-hayati-inancin-cocuklari-var-mi\/","title":{"rendered":"Hayati \u0130nan\u00e7 evli mi? Hayati \u0130nan\u00e7&#8217;\u0131n \u00e7ocuklar\u0131 var m\u0131?"},"content":{"rendered":"<p>Avukatl\u0131\u011f\u0131n yan\u0131 s\u0131ra yay\u0131nc\u0131l\u0131k, y\u00f6neticilik, denet\u00e7ilik, \u00f6\u011fretmenlik ve sunuculuk yapan Hayati \u0130nan\u00e7, Cumhurba\u015fkanl\u0131\u011f\u0131 Sosyal ve Gen\u00e7lik Politikalar\u0131 Kurulu\u2019na atand\u0131. Peki Hayati \u0130nan\u00e7 evli mi? Hayati \u0130nan\u00e7&#8217;\u0131n \u00e7ocuklar\u0131 var m\u0131?<\/p>\n<h3>HAYAT\u0130 \u0130NAN\u00c7 YEN\u0130 G\u00d6REV\u0130 NED\u0130R?<\/h3>\n<p>Resmi Gazete\u2019de yay\u0131mlanan Cumhurba\u015fkanl\u0131\u011f\u0131 taraf\u0131ndan yap\u0131lan atamalar ile Cumhurba\u015fkanl\u0131\u011f\u0131 Sosyal ve Gen\u00e7lik Politikalar\u0131 Kurulu\u2019na yay\u0131nc\u0131 Hayati \u0130nan\u00e7 atand\u0131.<\/p>\n<p><img loading=\"lazy\" decoding=\"async\" class=\"alignnone size-full wp-image-159993\" src=\"https:\/\/www.tgrthaber.com\/mavikadin\/wp-content\/uploads\/Hayati-Inanc-7.png\" alt=\"\" width=\"1208\" height=\"680\" title=\"\" srcset=\"https:\/\/www.tgrthaber.com\/mavikadin\/wp-content\/uploads\/Hayati-Inanc-7.png 1208w, https:\/\/www.tgrthaber.com\/mavikadin\/wp-content\/uploads\/Hayati-Inanc-7-300x169.png 300w, https:\/\/www.tgrthaber.com\/mavikadin\/wp-content\/uploads\/Hayati-Inanc-7-1024x576.png 1024w, https:\/\/www.tgrthaber.com\/mavikadin\/wp-content\/uploads\/Hayati-Inanc-7-768x432.png 768w\" sizes=\"(max-width: 1208px) 100vw, 1208px\" \/><\/p>\n<hr \/>\n<h3>HAYAT\u0130 \u0130NAN\u00c7 EVL\u0130 M\u0130? KA\u00c7 \u00c7OCU\u011eU VAR?<\/h3>\n<p>Hayati \u0130nan\u00e7 20 ya\u015f\u0131ndayken tan\u0131\u015ft\u0131\u011f\u0131 e\u015fiyle k\u0131sa s\u00fcrede nikah masas\u0131na oturdu. Evlili\u011fi boyunca avukatl\u0131k mesle\u011fi ve \u00fcniversite e\u011fitimi nedeniyle e\u015fiyle 10 y\u0131ldan fazla s\u00fcre uzak ya\u015famak zorunda kald\u0131.<\/p>\n<p>Hayati \u0130nan\u00e7\u2019\u0131n bu evlili\u011finden iki evlad\u0131 bulunuyor. \u0130nsan hayat\u0131na dokunan s\u00f6zleriyle dikkat \u00e7eken Hayati \u0130nan\u00e7, Divan edebiyat\u0131n\u0131n ya\u015fayan abidelerinden biri olarak an\u0131l\u0131yor.<br \/>\n7000 beyti ezbere bilen Hayati \u0130nan\u00e7, klasik eserlerden edindi\u011fi heyecan\u0131 gen\u00e7lerle payla\u015fmay\u0131 kendisine g\u00f6rev edindi.<\/p>\n<p>&#8220;Can Veren Pervaneler&#8221; program\u0131n\u0131 haz\u0131rlay\u0131p sunan Hayati \u0130nan\u00e7 ayn\u0131 konuda 4 kitap piyasaya s\u00fcrd\u00fc.<\/p>\n<p><img loading=\"lazy\" decoding=\"async\" class=\"alignnone size-full wp-image-159994\" src=\"https:\/\/www.tgrthaber.com\/mavikadin\/wp-content\/uploads\/Hayati-Inanc-6.png\" alt=\"\" width=\"1208\" height=\"680\" title=\"\" srcset=\"https:\/\/www.tgrthaber.com\/mavikadin\/wp-content\/uploads\/Hayati-Inanc-6.png 1208w, https:\/\/www.tgrthaber.com\/mavikadin\/wp-content\/uploads\/Hayati-Inanc-6-300x169.png 300w, https:\/\/www.tgrthaber.com\/mavikadin\/wp-content\/uploads\/Hayati-Inanc-6-1024x576.png 1024w, https:\/\/www.tgrthaber.com\/mavikadin\/wp-content\/uploads\/Hayati-Inanc-6-768x432.png 768w\" sizes=\"(max-width: 1208px) 100vw, 1208px\" \/><\/p>\n<hr \/>\n<h3>SOSYAL VE GEN\u00c7L\u0130K POL\u0130T\u0130KALARI KURULU\u2019NA ATANDI<\/h3>\n<p>Resmi Gazete\u2019de yay\u0131mlanan Cumhurba\u015fkanl\u0131\u011f\u0131 taraf\u0131ndan yap\u0131lan atamalar ile Cumhurba\u015fkanl\u0131\u011f\u0131 Sosyal ve Gen\u00e7lik Politikalar\u0131 Kurulu\u2019na yay\u0131nc\u0131 Hayati \u0130nan\u00e7 atand\u0131. \u015eiir sohbetleriyle dikkatleri \u00fczerine \u00e7eken \u0130nan\u00e7\u2019\u0131n \u00f6zel hayat\u0131 merak konusu oldu.<\/p>\n<h3>HAYAT\u0130 \u0130NAN\u00c7 K\u0130MD\u0130R?<\/h3>\n<p>Denizli&#8217;nin \u00c7ameli il\u00e7esinde \u015eubat 1961\u2019de d\u00fcnyaya gelen Hayati \u0130nan\u00e7\u2019\u0131n babas\u0131 devlet memurudur. D\u00f6rt karde\u015fin en b\u00fcy\u00fc\u011f\u00fc olan \u0130nan\u00e7\u2019\u0131n b\u00fcy\u00fck dedesi hacca giden Mu\u011flal\u0131 bir a\u011fa taraf\u0131ndan k\u00f6le olarak Medine&#8217;den getirilen bir ki\u015fidir.<\/p>\n<p>Sudan k\u00f6kenli olan Hayati \u0130nan\u00e7, ilkokul y\u0131llar\u0131n\u0131 Denizli \u00c7ameli il\u00e7esinde okudu. Orta ikinci s\u0131n\u0131fta Ayd\u0131n Nazilli devlet paras\u0131z yat\u0131l\u0131 okulunu kazand\u0131. Liseyi ise Ayd\u0131n Lisesi\u2019nde tamamlad\u0131.<\/p>\n<p>1977 y\u0131l\u0131nda ise liseyi tamamlad\u0131. \u0130stanbul \u00dcniversitesi Hukuk Fak\u00fcltesi lisans e\u011fitimini ise 1984 y\u0131l\u0131nda tamamlam\u0131\u015ft\u0131r.<\/p>\n<p>\u0130nan\u00e7 avukatl\u0131k d\u0131\u015f\u0131nda y\u00f6neticilik, denet\u00e7ilik, yay\u0131nc\u0131l\u0131k, \u00f6\u011fretmenlik ve sunuculuk g\u00f6revlerini \u00fcstlendi. Klasik eserlerinden edindi\u011fi heyecan\u0131 her ya\u015ftaki gen\u00e7lerle payla\u015fan Hayati \u0130nan\u00e7 bunu bir ya\u015fam tarz\u0131 haline getirdi. Hayati \u0130nan\u00e7 TRT&#8217;de &#8220;Can Veren Pervaneler&#8221; program\u0131n\u0131 sundu.<\/p>\n<p><img loading=\"lazy\" decoding=\"async\" class=\"alignnone size-full wp-image-159995\" src=\"https:\/\/www.tgrthaber.com\/mavikadin\/wp-content\/uploads\/Hayati-Inanc-5.png\" alt=\"\" width=\"1208\" height=\"680\" title=\"\" srcset=\"https:\/\/www.tgrthaber.com\/mavikadin\/wp-content\/uploads\/Hayati-Inanc-5.png 1208w, https:\/\/www.tgrthaber.com\/mavikadin\/wp-content\/uploads\/Hayati-Inanc-5-300x169.png 300w, https:\/\/www.tgrthaber.com\/mavikadin\/wp-content\/uploads\/Hayati-Inanc-5-1024x576.png 1024w, https:\/\/www.tgrthaber.com\/mavikadin\/wp-content\/uploads\/Hayati-Inanc-5-768x432.png 768w\" sizes=\"(max-width: 1208px) 100vw, 1208px\" \/><\/p>\n<hr \/>\n<h3>HAYAT\u0130 \u0130NAN\u00c7&#8217;IN ESERLER\u0130<\/h3>\n<p>Can Veren Pervaneler<br \/>\nCan Veren Pervaneler 2<br \/>\nCan Veren Pervaneler 3<br \/>\nCan Veren Pervaneler 4<br \/>\nCan Veren Pervaneler 5<br \/>\n\u0130\u015fte Geldik Gidiyoruz<\/p>\n","protected":false},"excerpt":{"rendered":"<p>Hayati \u0130nan\u00e7 Cumhurba\u015fkanl\u0131\u011f\u0131 Sosyal ve Gen\u00e7lik Politikalar\u0131 Kurulu\u2019na atand\u0131. Hayati \u0130nan\u00e7 evli mi? Hayati \u0130nan\u00e7&#8217;\u0131n \u00e7ocuklar\u0131 var m\u0131? merak ediliyor.<\/p>\n","protected":false},"author":5,"featured_media":159996,"comment_status":"closed","ping_status":"closed","sticky":false,"template":"","format":"standard","meta":{"rank_math_lock_modified_date":false,"footnotes":""},"categories":[491],"tags":[3374,17420],"class_list":["post-159992","post","type-post","status-publish","format-standard","has-post-thumbnail","hentry","category-biyografi","tag-biyografi","tag-hayati-inanc"],"_links":{"self":[{"href":"https:\/\/www.tgrthaber.com\/mavikadin\/wp-json\/wp\/v2\/posts\/159992"}],"collection":[{"href":"https:\/\/www.tgrthaber.com\/mavikadin\/wp-json\/wp\/v2\/posts"}],"about":[{"href":"https:\/\/www.tgrthaber.com\/mavikadin\/wp-json\/wp\/v2\/types\/post"}],"author":[{"embeddable":true,"href":"https:\/\/www.tgrthaber.com\/mavikadin\/wp-json\/wp\/v2\/users\/5"}],"replies":[{"embeddable":true,"href":"https:\/\/www.tgrthaber.com\/mavikadin\/wp-json\/wp\/v2\/comments?post=159992"}],"version-history":[{"count":1,"href":"https:\/\/www.tgrthaber.com\/mavikadin\/wp-json\/wp\/v2\/posts\/159992\/revisions"}],"predecessor-version":[{"id":159997,"href":"https:\/\/www.tgrthaber.com\/mavikadin\/wp-json\/wp\/v2\/posts\/159992\/revisions\/159997"}],"wp:featuredmedia":[{"embeddable":true,"href":"https:\/\/www.tgrthaber.com\/mavikadin\/wp-json\/wp\/v2\/media\/159996"}],"wp:attachment":[{"href":"https:\/\/www.tgrthaber.com\/mavikadin\/wp-json\/wp\/v2\/media?parent=159992"}],"wp:term":[{"taxonomy":"category","embeddable":true,"href":"https:\/\/www.tgrthaber.com\/mavikadin\/wp-json\/wp\/v2\/categories?post=159992"},{"taxonomy":"post_tag","embeddable":true,"href":"https:\/\/www.tgrthaber.com\/mavikadin\/wp-json\/wp\/v2\/tags?post=159992"}],"curies":[{"name":"wp","href":"https:\/\/api.w.org\/{rel}","templated":true}]}}