{"id":160014,"date":"2025-04-10T11:46:11","date_gmt":"2025-04-10T08:46:11","guid":{"rendered":"https:\/\/www.tgrthaber.com\/mavikadin\/?p=160014"},"modified":"2025-04-10T11:46:11","modified_gmt":"2025-04-10T08:46:11","slug":"nilsu-berfin-aktasin-eski-esi-kimdir-ve-neden-ayrildi-nilsu-berfin-aktas-kac-kez-evlendi","status":"publish","type":"post","link":"https:\/\/www.tgrthaber.com\/mavikadin\/nilsu-berfin-aktasin-eski-esi-kimdir-ve-neden-ayrildi-nilsu-berfin-aktas-kac-kez-evlendi\/","title":{"rendered":"Nilsu Berfin Akta\u015f&#8217;\u0131n eski e\u015fi kimdir ve neden ayr\u0131ld\u0131? Nilsu Berfin Akta\u015f ka\u00e7 kez evlendi?"},"content":{"rendered":"<p>Gen\u00e7 ya\u015f\u0131na ra\u011fmen oyunculuk kariyerinde h\u0131zla y\u00fckselen ve g\u00fczelli\u011fiyle dikkat \u00e7eken Nilsu Berfin Akta\u015f, \u00f6zel hayat\u0131yla da zaman zaman magazin g\u00fcndemine geliyor. Pek \u00e7ok ki\u015fi onun a\u015fk hayat\u0131 hakk\u0131nda merak i\u00e7indeyken, Nilsu Berfin Akta\u015f\u2019\u0131n evlili\u011fi ve bo\u015fanma s\u00fcreci hayranlar\u0131n\u0131 \u015fa\u015f\u0131rtm\u0131\u015ft\u0131. \u0130\u015fte, Nilsu Berfin Akta\u015f\u2019\u0131n eski e\u015fi\u2026<\/p>\n<h3>N\u0130LSU BERF\u0130N AKTA\u015e&#8217;IN ESK\u0130 E\u015e\u0130 K\u0130MD\u0130R?<\/h3>\n<p>Nilsu Berfin Akta\u015f, 2021 y\u0131l\u0131nda kamuoyundan uzak, olduk\u00e7a sade ve sessiz bir t\u00f6renle Ankara\u2019da ya\u015fayan i\u015f insan\u0131 Serdar Sert\u00e7elik ile evlendi. Bu evlilik, uzun bir s\u00fcre boyunca medyadan gizli kald\u0131. Akta\u015f, kariyerine odakland\u0131\u011f\u0131 bu d\u00f6nemde evlili\u011fini g\u00f6z \u00f6n\u00fcnde ya\u015famamay\u0131 tercih etti. Ancak ilerleyen zamanlarda, ya\u015fanan geli\u015fmeler bu \u00f6zel hayat\u0131n sakl\u0131 kalmas\u0131n\u0131 imk\u00e2ns\u0131z hale getirdi.<\/p>\n<p><img loading=\"lazy\" decoding=\"async\" class=\"alignnone wp-image-160025\" src=\"https:\/\/www.tgrthaber.com\/mavikadin\/wp-content\/uploads\/haber-gorselleri-fotoshop-7-5-1024x576.jpg\" alt=\"Nilsu Berfin Akta\u015f&#039;\u0131n eski e\u015fi kimdir ve neden ayr\u0131ld\u0131? Nilsu Berfin Akta\u015f ka\u00e7 kez evlendi?\" width=\"1208\" height=\"680\" title=\"\" srcset=\"https:\/\/www.tgrthaber.com\/mavikadin\/wp-content\/uploads\/haber-gorselleri-fotoshop-7-5-1024x576.jpg 1024w, https:\/\/www.tgrthaber.com\/mavikadin\/wp-content\/uploads\/haber-gorselleri-fotoshop-7-5-300x169.jpg 300w, https:\/\/www.tgrthaber.com\/mavikadin\/wp-content\/uploads\/haber-gorselleri-fotoshop-7-5-768x432.jpg 768w, https:\/\/www.tgrthaber.com\/mavikadin\/wp-content\/uploads\/haber-gorselleri-fotoshop-7-5-1536x864.jpg 1536w, https:\/\/www.tgrthaber.com\/mavikadin\/wp-content\/uploads\/haber-gorselleri-fotoshop-7-5.jpg 1600w\" sizes=\"(max-width: 1208px) 100vw, 1208px\" \/><\/p>\n<hr \/>\n<p>Serdar Sert\u00e7elik\u2019in ad\u0131n\u0131n birtak\u0131m yasal sorunlarla an\u0131lmas\u0131 ve cezaevine girmesi, \u00e7iftin aras\u0131ndaki ili\u015fkiyi ciddi \u015fekilde sarst\u0131. Sert\u00e7elik\u2019in cezaevinden \u00e7\u0131kt\u0131ktan sonra yurt d\u0131\u015f\u0131na ka\u00e7t\u0131\u011f\u0131na dair iddialar magazin bas\u0131n\u0131nda yer buldu. Bu s\u00fcre\u00e7te Nilsu Berfin Akta\u015f\u2019\u0131n ya\u015fad\u0131\u011f\u0131 duygusal y\u0131pranma, sessizli\u011fini korumas\u0131na ra\u011fmen dikkatlerden ka\u00e7mad\u0131.<\/p>\n<h3><img loading=\"lazy\" decoding=\"async\" class=\"alignnone wp-image-160023\" src=\"https:\/\/www.tgrthaber.com\/mavikadin\/wp-content\/uploads\/haber-gorselleri-fotoshop-9-8-1024x576.jpg\" alt=\"Nilsu Berfin Akta\u015f&#039;\u0131n eski e\u015fi kimdir ve neden ayr\u0131ld\u0131? Nilsu Berfin Akta\u015f ka\u00e7 kez evlendi?\" width=\"1208\" height=\"680\" title=\"\" srcset=\"https:\/\/www.tgrthaber.com\/mavikadin\/wp-content\/uploads\/haber-gorselleri-fotoshop-9-8-1024x576.jpg 1024w, https:\/\/www.tgrthaber.com\/mavikadin\/wp-content\/uploads\/haber-gorselleri-fotoshop-9-8-300x169.jpg 300w, https:\/\/www.tgrthaber.com\/mavikadin\/wp-content\/uploads\/haber-gorselleri-fotoshop-9-8-768x432.jpg 768w, https:\/\/www.tgrthaber.com\/mavikadin\/wp-content\/uploads\/haber-gorselleri-fotoshop-9-8-1536x864.jpg 1536w, https:\/\/www.tgrthaber.com\/mavikadin\/wp-content\/uploads\/haber-gorselleri-fotoshop-9-8.jpg 1600w\" sizes=\"(max-width: 1208px) 100vw, 1208px\" \/><\/h3>\n<hr \/>\n<h3>N\u0130LSU BERF\u0130N AKTA\u015e ESK\u0130 E\u015e\u0130NDEN NEDEN AYRILDI?<\/h3>\n<p>Nilsu Berfin Akta\u015f ve eski e\u015fi Serdar Sert\u00e7elik, ya\u015fanan bu olaylar\u0131n ard\u0131ndan 2023 y\u0131l\u0131n\u0131n temmuz ay\u0131nda, yani evliliklerinin yakla\u015f\u0131k iki y\u0131l sonras\u0131nda, 14 Temmuz 2023 tarihinde anla\u015fmal\u0131 olarak bo\u015fand\u0131. Nilsu Berfin Akta\u015f, bu s\u00fcre\u00e7te hi\u00e7bir \u015fekilde medyaya a\u00e7\u0131klama yapmad\u0131.<\/p>\n<h3><img loading=\"lazy\" decoding=\"async\" class=\"alignnone wp-image-160027\" src=\"https:\/\/www.tgrthaber.com\/mavikadin\/wp-content\/uploads\/haber-gorselleri-fotoshop-6-6-1024x576.jpg\" alt=\"Nilsu Berfin Akta\u015f&#039;\u0131n eski e\u015fi kimdir ve neden ayr\u0131ld\u0131? Nilsu Berfin Akta\u015f ka\u00e7 kez evlendi?\" width=\"1208\" height=\"680\" title=\"\" srcset=\"https:\/\/www.tgrthaber.com\/mavikadin\/wp-content\/uploads\/haber-gorselleri-fotoshop-6-6-1024x576.jpg 1024w, https:\/\/www.tgrthaber.com\/mavikadin\/wp-content\/uploads\/haber-gorselleri-fotoshop-6-6-300x169.jpg 300w, https:\/\/www.tgrthaber.com\/mavikadin\/wp-content\/uploads\/haber-gorselleri-fotoshop-6-6-768x432.jpg 768w, https:\/\/www.tgrthaber.com\/mavikadin\/wp-content\/uploads\/haber-gorselleri-fotoshop-6-6-1536x864.jpg 1536w, https:\/\/www.tgrthaber.com\/mavikadin\/wp-content\/uploads\/haber-gorselleri-fotoshop-6-6.jpg 1600w\" sizes=\"(max-width: 1208px) 100vw, 1208px\" \/><\/h3>\n<hr \/>\n<h3>N\u0130LSU BERF\u0130N AKTA\u015e KA\u00c7 KEZ EVLEND\u0130?<\/h3>\n<p>Nilsu Berfin Akta\u015f\u2019\u0131n bilinen tek evlili\u011fi Serdar Sert\u00e7elik ile oldu. Ba\u015fka bir evlilik yapmad\u0131 ve \u015fu anda da medyaya yans\u0131yan bir ili\u015fkisi bulunmuyor. Oyunculu\u011fa ve projelerine yo\u011funla\u015fan Akta\u015f, \u00f6zellikle son d\u00f6nemlerde rol ald\u0131\u011f\u0131 yap\u0131mlarla ad\u0131ndan s\u00f6z ettirmeye devam ediyor. Hayat\u0131ndaki bu \u00f6zel d\u00f6nemi sessizce ya\u015famas\u0131 ve medyatik tart\u0131\u015fmalardan uzak durmas\u0131, onu di\u011fer pek \u00e7ok \u00fcnl\u00fc isimden ay\u0131ran bir \u00f6zellik olarak \u00f6ne \u00e7\u0131k\u0131yor.<\/p>\n","protected":false},"excerpt":{"rendered":"<p>\u00dcnl\u00fc oyuncu Nilsu Berfin Akta\u015f, yapt\u0131\u011f\u0131 son payla\u015f\u0131mla ad\u0131ndan s\u00f6z ettirdi. Sar\u0131 sa\u00e7lar\u0131n\u0131 platin sar\u0131s\u0131 yapan oyuncu, sosyal medyan\u0131n g\u00fcndemine oturdu. \u015eakir Pa\u015fa Ailesi: Mucizeler ve Skandallar dizisinin ba\u015far\u0131l\u0131 oyuncusunun \u00f6zel hayat\u0131 da merak edilen konulardan biri oldu. Peki, Nilsu Berfin Akta\u015f&#8217;\u0131n eski e\u015fi kimdir ve neden ayr\u0131ld\u0131? Nilsu Berfin Akta\u015f ka\u00e7 kez evlendi? sorular\u0131n\u0131 sizin i\u00e7in ara\u015ft\u0131rd\u0131k\u2026<\/p>\n","protected":false},"author":34,"featured_media":160026,"comment_status":"closed","ping_status":"closed","sticky":false,"template":"","format":"standard","meta":{"rank_math_lock_modified_date":false,"footnotes":""},"categories":[491],"tags":[16521,133,3215,17437,17435,17434,17436],"class_list":["post-160014","post","type-post","status-publish","format-standard","has-post-thumbnail","hentry","category-biyografi","tag-biyografi-haberleri","tag-magazin","tag-nilsu-berfin-aktas","tag-nilsu-berfin-aktas-eski-esinden-neden-ayrildi","tag-nilsu-berfin-aktasin-esi","tag-serdar-sertcelik","tag-serdar-sertcelik-kimdir"],"_links":{"self":[{"href":"https:\/\/www.tgrthaber.com\/mavikadin\/wp-json\/wp\/v2\/posts\/160014"}],"collection":[{"href":"https:\/\/www.tgrthaber.com\/mavikadin\/wp-json\/wp\/v2\/posts"}],"about":[{"href":"https:\/\/www.tgrthaber.com\/mavikadin\/wp-json\/wp\/v2\/types\/post"}],"author":[{"embeddable":true,"href":"https:\/\/www.tgrthaber.com\/mavikadin\/wp-json\/wp\/v2\/users\/34"}],"replies":[{"embeddable":true,"href":"https:\/\/www.tgrthaber.com\/mavikadin\/wp-json\/wp\/v2\/comments?post=160014"}],"version-history":[{"count":2,"href":"https:\/\/www.tgrthaber.com\/mavikadin\/wp-json\/wp\/v2\/posts\/160014\/revisions"}],"predecessor-version":[{"id":160030,"href":"https:\/\/www.tgrthaber.com\/mavikadin\/wp-json\/wp\/v2\/posts\/160014\/revisions\/160030"}],"wp:featuredmedia":[{"embeddable":true,"href":"https:\/\/www.tgrthaber.com\/mavikadin\/wp-json\/wp\/v2\/media\/160026"}],"wp:attachment":[{"href":"https:\/\/www.tgrthaber.com\/mavikadin\/wp-json\/wp\/v2\/media?parent=160014"}],"wp:term":[{"taxonomy":"category","embeddable":true,"href":"https:\/\/www.tgrthaber.com\/mavikadin\/wp-json\/wp\/v2\/categories?post=160014"},{"taxonomy":"post_tag","embeddable":true,"href":"https:\/\/www.tgrthaber.com\/mavikadin\/wp-json\/wp\/v2\/tags?post=160014"}],"curies":[{"name":"wp","href":"https:\/\/api.w.org\/{rel}","templated":true}]}}