{"id":160031,"date":"2025-04-10T13:28:12","date_gmt":"2025-04-10T10:28:12","guid":{"rendered":"https:\/\/www.tgrthaber.com\/mavikadin\/?p=160031"},"modified":"2025-04-10T14:26:37","modified_gmt":"2025-04-10T11:26:37","slug":"burak-altay-kimdir-ne-is-yapar-burak-altayin-babasi-kimdir","status":"publish","type":"post","link":"https:\/\/www.tgrthaber.com\/mavikadin\/burak-altay-kimdir-ne-is-yapar-burak-altayin-babasi-kimdir\/","title":{"rendered":"Burak Altay kimdir ne i\u015f yapar? Burak Altay&#8217;\u0131n babas\u0131 kimdir?"},"content":{"rendered":"<p>Burak Altay, yapt\u0131\u011f\u0131 payla\u015f\u0131mla g\u00fcndeme geldi. Yapt\u0131\u011f\u0131 duygusal payla\u015f\u0131m sevenlerini duyguland\u0131rd\u0131. Babas\u0131 ile hastane odas\u0131ndan yapt\u0131\u011f\u0131 payla\u015f\u0131mla sevenlerini merakland\u0131rd\u0131. Babas\u0131n\u0131n evde fenala\u015fmas\u0131 sonucunda hastaneye giden Altay, s\u00fcre\u00e7 boyunca babas\u0131n\u0131n yay\u0131nda refakat\u00e7isi oldu.<\/p>\n<h3>BURAK ALTAY K\u0130MD\u0130R?<\/h3>\n<p>T\u00fcrk tiyatrosunun ve televizyon d\u00fcnyas\u0131n\u0131n ba\u015far\u0131l\u0131 isimlerinden biri olan Burak Altay hem sahnedeki performans\u0131yla hem de hayat hik\u00e2yesiyle dikkat \u00e7eken bir sanat\u00e7\u0131 olarak kar\u015f\u0131m\u0131za \u00e7\u0131k\u0131yor. 25 May\u0131s 1980 tarihinde Rize\u2019de d\u00fcnyaya gelen Altay, oyunculuk kariyerine olan ilgisini gen\u00e7 ya\u015flarda ke\u015ffetti. Babas\u0131n\u0131n mesle\u011fi nedeniyle T\u00fcrkiye\u2019nin farkl\u0131 illerinde e\u011fitim hayat\u0131n\u0131 s\u00fcrd\u00fcrd\u00fc.<\/p>\n<p><img loading=\"lazy\" decoding=\"async\" class=\"alignnone wp-image-160089\" src=\"https:\/\/www.tgrthaber.com\/mavikadin\/wp-content\/uploads\/haber-gorselleri-fotoshop-13-6-1024x576.jpg\" alt=\"Burak Altay kimdir ne i\u015f yapar? Burak Altay&#039;\u0131n babas\u0131 kimdir?\" width=\"1208\" height=\"680\" title=\"\" srcset=\"https:\/\/www.tgrthaber.com\/mavikadin\/wp-content\/uploads\/haber-gorselleri-fotoshop-13-6-1024x576.jpg 1024w, https:\/\/www.tgrthaber.com\/mavikadin\/wp-content\/uploads\/haber-gorselleri-fotoshop-13-6-300x169.jpg 300w, https:\/\/www.tgrthaber.com\/mavikadin\/wp-content\/uploads\/haber-gorselleri-fotoshop-13-6-768x432.jpg 768w, https:\/\/www.tgrthaber.com\/mavikadin\/wp-content\/uploads\/haber-gorselleri-fotoshop-13-6-1536x864.jpg 1536w, https:\/\/www.tgrthaber.com\/mavikadin\/wp-content\/uploads\/haber-gorselleri-fotoshop-13-6.jpg 1600w\" sizes=\"(max-width: 1208px) 100vw, 1208px\" \/><\/p>\n<hr \/>\n<h3>BURAK ALTAY NE \u0130\u015e YAPAR?<\/h3>\n<p>Ba\u015far\u0131l\u0131 oyuncu Burak Altay, 2001 y\u0131l\u0131nda Dokuz Eyl\u00fcl \u00dcniversitesi G\u00fczel Sanatlar Fak\u00fcltesi Tiyatro B\u00f6l\u00fcm\u00fc\u2019nden mezun oldu. Altay, \u201cFiziksel Kusurlar\u0131n Birey Psikolojisine Etkileri\u201d ba\u015fl\u0131kl\u0131 bitirme teziyle dikkat \u00e7ekmi\u015fti. Akademik anlamda da derinli\u011fi olan bu oyuncu, sadece sahnede de\u011fil, d\u00fc\u015f\u00fcnsel boyutta da sanat\u0131na katk\u0131 sunmaya \u00e7al\u0131\u015ft\u0131.<\/p>\n<p><img loading=\"lazy\" decoding=\"async\" class=\"alignnone wp-image-160088\" src=\"https:\/\/www.tgrthaber.com\/mavikadin\/wp-content\/uploads\/haber-gorselleri-fotoshop-14-6-1024x576.jpg\" alt=\"Burak Altay kimdir ne i\u015f yapar? Burak Altay&#039;\u0131n babas\u0131 kimdir?\" width=\"1208\" height=\"680\" title=\"\" srcset=\"https:\/\/www.tgrthaber.com\/mavikadin\/wp-content\/uploads\/haber-gorselleri-fotoshop-14-6-1024x576.jpg 1024w, https:\/\/www.tgrthaber.com\/mavikadin\/wp-content\/uploads\/haber-gorselleri-fotoshop-14-6-300x169.jpg 300w, https:\/\/www.tgrthaber.com\/mavikadin\/wp-content\/uploads\/haber-gorselleri-fotoshop-14-6-768x432.jpg 768w, https:\/\/www.tgrthaber.com\/mavikadin\/wp-content\/uploads\/haber-gorselleri-fotoshop-14-6-1536x864.jpg 1536w, https:\/\/www.tgrthaber.com\/mavikadin\/wp-content\/uploads\/haber-gorselleri-fotoshop-14-6.jpg 1600w\" sizes=\"(max-width: 1208px) 100vw, 1208px\" \/><\/p>\n<hr \/>\n<p>Devlet Tiyatrolar\u0131 ailesine kat\u0131lan Burak Altay, \u015fu anda Erzurum Devlet Tiyatrosu\u2019nda oyunculuk ve y\u00f6netmenlik yapmaya devam ediyor. Tiyatroya olan tutkusunu hi\u00e7bir zaman kaybetmeyen Altay, ayn\u0131 zamanda televizyon dizilerinde ve sinema projelerinde de kendine yer buldu. \u201cAsmal\u0131 Konak\u201d, \u201cSiyah \u0130nci\u201d, \u201c\u015eampiyon\u201d ve \u201c\u00dc\u00e7 kuru\u015f\u201d gibi dizilerdeki performanslar\u0131, izleyicilerin be\u011fenisini kazand\u0131. \u00d6zellikle \u201cBarda\u201d ve \u201cBen Bu Cihana S\u0131\u011fmazam\u201d gibi projelerdeki rolleriyle geni\u015f bir kitleye ula\u015ft\u0131.<\/p>\n<h3><img loading=\"lazy\" decoding=\"async\" class=\"alignnone wp-image-160090\" src=\"https:\/\/www.tgrthaber.com\/mavikadin\/wp-content\/uploads\/haber-gorselleri-fotoshop-12-7-1024x576.jpg\" alt=\"Burak Altay kimdir ne i\u015f yapar? Burak Altay&#039;\u0131n babas\u0131 kimdir?\" width=\"1208\" height=\"680\" title=\"\" srcset=\"https:\/\/www.tgrthaber.com\/mavikadin\/wp-content\/uploads\/haber-gorselleri-fotoshop-12-7-1024x576.jpg 1024w, https:\/\/www.tgrthaber.com\/mavikadin\/wp-content\/uploads\/haber-gorselleri-fotoshop-12-7-300x169.jpg 300w, https:\/\/www.tgrthaber.com\/mavikadin\/wp-content\/uploads\/haber-gorselleri-fotoshop-12-7-768x432.jpg 768w, https:\/\/www.tgrthaber.com\/mavikadin\/wp-content\/uploads\/haber-gorselleri-fotoshop-12-7-1536x864.jpg 1536w, https:\/\/www.tgrthaber.com\/mavikadin\/wp-content\/uploads\/haber-gorselleri-fotoshop-12-7.jpg 1600w\" sizes=\"(max-width: 1208px) 100vw, 1208px\" \/><\/h3>\n<hr \/>\n<h3>BURAK ALTAY&#8217;IN BABASI K\u0130MD\u0130R?<\/h3>\n<p>Burak Altay\u2019\u0131n hayat\u0131ndaki en \u00f6nemli ki\u015filerden biri ise babas\u0131 \u015einasi Altay oluyor. Emekli bir emniyet m\u00fcd\u00fcr\u00fc olan babas\u0131, y\u0131llar boyunca te\u015fkilat\u0131n \u00e7e\u015fitli birimlerinde g\u00f6rev yapt\u0131. Burak Altay, bir\u00e7ok r\u00f6portaj\u0131nda babas\u0131n\u0131n disiplini, kararl\u0131l\u0131\u011f\u0131 ve halkla i\u00e7 i\u00e7e olan yap\u0131s\u0131n\u0131 dile getiriyor. Hatta polis rol\u00fcn\u00fc \u00fcstlendi\u011fi baz\u0131 yap\u0131mlarda babas\u0131ndan edindi\u011fi g\u00f6zlemler sayesinde rol\u00fcne daha kolay adapte oldu\u011funu belirtmi\u015fti.<\/p>\n<p><img loading=\"lazy\" decoding=\"async\" class=\"alignnone wp-image-160087\" src=\"https:\/\/www.tgrthaber.com\/mavikadin\/wp-content\/uploads\/haber-gorselleri-fotoshop-15-5-1024x576.jpg\" alt=\"Burak Altay kimdir ne i\u015f yapar? Burak Altay&#039;\u0131n babas\u0131 kimdir?\" width=\"1208\" height=\"680\" title=\"\" srcset=\"https:\/\/www.tgrthaber.com\/mavikadin\/wp-content\/uploads\/haber-gorselleri-fotoshop-15-5-1024x576.jpg 1024w, https:\/\/www.tgrthaber.com\/mavikadin\/wp-content\/uploads\/haber-gorselleri-fotoshop-15-5-300x169.jpg 300w, https:\/\/www.tgrthaber.com\/mavikadin\/wp-content\/uploads\/haber-gorselleri-fotoshop-15-5-768x432.jpg 768w, https:\/\/www.tgrthaber.com\/mavikadin\/wp-content\/uploads\/haber-gorselleri-fotoshop-15-5-1536x864.jpg 1536w, https:\/\/www.tgrthaber.com\/mavikadin\/wp-content\/uploads\/haber-gorselleri-fotoshop-15-5.jpg 1600w\" sizes=\"(max-width: 1208px) 100vw, 1208px\" \/><\/p>\n<hr \/>\n<p>Son d\u00f6nemlerde ise Burak Altay, babas\u0131n\u0131n ya\u015fad\u0131\u011f\u0131 sa\u011fl\u0131k sorunlar\u0131 nedeniyle duygusal bir s\u00fcre\u00e7ten ge\u00e7iyor. Yakla\u015f\u0131k iki haftad\u0131r hastane de babas\u0131n\u0131n yan\u0131nda olan Burak Altay 10 Nisan Polis G\u00fcn\u00fc\u2019nde yapt\u0131\u011f\u0131 payla\u015f\u0131mla sevenlerini duyguland\u0131rd\u0131. Sosyal medya \u00fczerinden yapt\u0131\u011f\u0131 payla\u015f\u0131mlarda s\u0131k s\u0131k babas\u0131n\u0131n hastane s\u00fcrecine de\u011finen Altay, emekli emniyet m\u00fcd\u00fcr\u00fc babas\u0131n\u0131n azmi ve ya\u015fam m\u00fccadelesine dikkat \u00e7ekti. &#8220;Ger\u00e7ek bir sava\u015f\u00e7\u0131&#8230;&#8221; s\u00f6zleriyle t\u00fcm sevenlerine te\u015fekk\u00fcr etti.<\/p>\n","protected":false},"excerpt":{"rendered":"<p>Ba\u015far\u0131l\u0131 oyuncu Burak Altay, yapt\u0131\u011f\u0131 payla\u015f\u0131mla g\u00fcndeme geldi. Yapt\u0131\u011f\u0131 duygusal payla\u015f\u0131m sevenlerini duyguland\u0131rd\u0131. Babas\u0131 ile hastane odas\u0131ndan yapt\u0131\u011f\u0131 payla\u015f\u0131mla sevenlerini merakland\u0131rd\u0131. Peki, Burak Altay kimdir, ne i\u015f yapar? Burak Altay&#8217;\u0131n babas\u0131 kimdir? sorular\u0131 ara\u015ft\u0131r\u0131lmaya ba\u015fland\u0131. Sizler i\u00e7in bu sorular\u0131n cevaplar\u0131n\u0131 ara\u015ft\u0131rd\u0131k\u2026<\/p>\n","protected":false},"author":34,"featured_media":160086,"comment_status":"closed","ping_status":"closed","sticky":false,"template":"","format":"standard","meta":{"rank_math_lock_modified_date":false,"footnotes":""},"categories":[491],"tags":[17447,17450,17451,17452,133],"class_list":["post-160031","post","type-post","status-publish","format-standard","has-post-thumbnail","hentry","category-biyografi","tag-burak-altay","tag-burak-altay-biyografi-haberleri","tag-burak-altay-kimdir","tag-burak-altayin-babasi","tag-magazin"],"_links":{"self":[{"href":"https:\/\/www.tgrthaber.com\/mavikadin\/wp-json\/wp\/v2\/posts\/160031"}],"collection":[{"href":"https:\/\/www.tgrthaber.com\/mavikadin\/wp-json\/wp\/v2\/posts"}],"about":[{"href":"https:\/\/www.tgrthaber.com\/mavikadin\/wp-json\/wp\/v2\/types\/post"}],"author":[{"embeddable":true,"href":"https:\/\/www.tgrthaber.com\/mavikadin\/wp-json\/wp\/v2\/users\/34"}],"replies":[{"embeddable":true,"href":"https:\/\/www.tgrthaber.com\/mavikadin\/wp-json\/wp\/v2\/comments?post=160031"}],"version-history":[{"count":4,"href":"https:\/\/www.tgrthaber.com\/mavikadin\/wp-json\/wp\/v2\/posts\/160031\/revisions"}],"predecessor-version":[{"id":160114,"href":"https:\/\/www.tgrthaber.com\/mavikadin\/wp-json\/wp\/v2\/posts\/160031\/revisions\/160114"}],"wp:featuredmedia":[{"embeddable":true,"href":"https:\/\/www.tgrthaber.com\/mavikadin\/wp-json\/wp\/v2\/media\/160086"}],"wp:attachment":[{"href":"https:\/\/www.tgrthaber.com\/mavikadin\/wp-json\/wp\/v2\/media?parent=160031"}],"wp:term":[{"taxonomy":"category","embeddable":true,"href":"https:\/\/www.tgrthaber.com\/mavikadin\/wp-json\/wp\/v2\/categories?post=160031"},{"taxonomy":"post_tag","embeddable":true,"href":"https:\/\/www.tgrthaber.com\/mavikadin\/wp-json\/wp\/v2\/tags?post=160031"}],"curies":[{"name":"wp","href":"https:\/\/api.w.org\/{rel}","templated":true}]}}