{"id":160054,"date":"2025-04-10T12:45:24","date_gmt":"2025-04-10T09:45:24","guid":{"rendered":"https:\/\/www.tgrthaber.com\/mavikadin\/?p=160054"},"modified":"2025-04-10T12:45:35","modified_gmt":"2025-04-10T09:45:35","slug":"kurulus-osman-188-bolum-fragmani-osmanin-ogullari-alaeddin-ve-orhan-karsi-karsiya","status":"publish","type":"post","link":"https:\/\/www.tgrthaber.com\/mavikadin\/kurulus-osman-188-bolum-fragmani-osmanin-ogullari-alaeddin-ve-orhan-karsi-karsiya\/","title":{"rendered":"Kurulu\u015f Osman 188. b\u00f6l\u00fcm fragman\u0131! Osman&#8217;\u0131n o\u011fullar\u0131 Alaeddin ve Orhan kar\u015f\u0131 kar\u015f\u0131ya"},"content":{"rendered":"<p>ATV ekranlar\u0131n\u0131n reyting rekortmeni dizisi Kurulu\u015f Osman, t\u00fcm h\u0131z\u0131yla yay\u0131nlanmaya devam ediyor. Yay\u0131nland\u0131\u011f\u0131 g\u00fcnden bu yana hem konusu hem de g\u00fc\u00e7l\u00fc oyuncu kadrosuyla dikkatleri \u00fczerine \u00e7eken dizi yeni b\u00f6l\u00fcmleriyle seyirciyi ekran ba\u015f\u0131na kilitlemeye devam ediyor. Dizinin s\u0131k\u0131 takip\u00e7ileri ise 188. b\u00f6l\u00fcm fragman\u0131n\u0131n yay\u0131nlan\u0131p yay\u0131nlanmad\u0131\u011f\u0131n\u0131 merak ediyor. Peki, Kurulu\u015f Osman 188. b\u00f6l\u00fcm fragman\u0131 yay\u0131nland\u0131 m\u0131? \u0130\u015fte Kurulu\u015f Osman dizisi 188. b\u00f6l\u00fcm fragman\u0131\u2026<\/p>\n<h3>KURULU\u015e OSMAN 188. B\u00d6L\u00dcM FRAGMANI!<\/h3>\n<p>ATV ekranlar\u0131n\u0131n reyting rekortmeni dizisi Kurulu\u015f Osman, t\u00fcm h\u0131z\u0131yla yay\u0131nlanmaya devam ediyor. Yeni b\u00f6l\u00fcmleriyle izleyiciyi ekran ba\u015f\u0131na kilitlemeye devam eden dizi, b\u00fcy\u00fck bir ilgiyle takip ediliyor. Ge\u00e7ti\u011fimiz ak\u015fam 187. b\u00f6l\u00fcm\u00fcyle seyirci kar\u015f\u0131s\u0131na \u00e7\u0131kan dizi, nefes kesen yepyeni bir b\u00f6l\u00fcme daha imza att\u0131. Dizinin s\u0131k\u0131 takip\u00e7ileri ise 188. b\u00f6l\u00fcm fragman\u0131n\u0131n yay\u0131nlan\u0131p yay\u0131nlanmad\u0131\u011f\u0131n\u0131 ara\u015ft\u0131r\u0131yor.<\/p>\n<p><img loading=\"lazy\" decoding=\"async\" class=\"alignnone wp-image-160057\" src=\"https:\/\/www.tgrthaber.com\/mavikadin\/wp-content\/uploads\/Kurulus-Osman-17-1-1024x576.jpg\" alt=\"Kurulu\u015f Osman 188. b\u00f6l\u00fcm fragman\u0131! Osman&#039;\u0131n o\u011fullar\u0131 Alaeddin ve Orhan kar\u015f\u0131 kar\u015f\u0131ya\" width=\"1208\" height=\"680\" title=\"\" srcset=\"https:\/\/www.tgrthaber.com\/mavikadin\/wp-content\/uploads\/Kurulus-Osman-17-1-1024x576.jpg 1024w, https:\/\/www.tgrthaber.com\/mavikadin\/wp-content\/uploads\/Kurulus-Osman-17-1-300x169.jpg 300w, https:\/\/www.tgrthaber.com\/mavikadin\/wp-content\/uploads\/Kurulus-Osman-17-1-768x432.jpg 768w, https:\/\/www.tgrthaber.com\/mavikadin\/wp-content\/uploads\/Kurulus-Osman-17-1-1536x864.jpg 1536w, https:\/\/www.tgrthaber.com\/mavikadin\/wp-content\/uploads\/Kurulus-Osman-17-1.jpg 1600w\" sizes=\"(max-width: 1208px) 100vw, 1208px\" \/><\/p>\n<hr \/>\n<p>Yay\u0131nland\u0131\u011f\u0131 g\u00fcnden bu yana hem tarihi konusu hem de g\u00fc\u00e7l\u00fc oyuncu kadrosuyla dikkatleri \u00fczerine \u00e7eken dizi, heyecan dolu yeni b\u00f6l\u00fcmleriyle 6. sezonunda h\u0131z kesmeden devam ediyor. 6. sezon olmas\u0131na ra\u011fmen reytinglerde zirvede yer alan ve izleyiciden tam puan alan dizi, heyecan dolu yeni b\u00f6l\u00fcmleriyle ekranlara gelmeye devam ediyor. Dizinin gelecek b\u00f6l\u00fcmlerinde neler olaca\u011f\u0131 da b\u00fcy\u00fck bir ilgiyle ara\u015ft\u0131r\u0131l\u0131yor.<\/p>\n<p><img loading=\"lazy\" decoding=\"async\" class=\"alignnone wp-image-160060\" src=\"https:\/\/www.tgrthaber.com\/mavikadin\/wp-content\/uploads\/Kurulus-Osman-13-1-1024x576.jpg\" alt=\"Kurulu\u015f Osman 188. b\u00f6l\u00fcm fragman\u0131! Osman&#039;\u0131n o\u011fullar\u0131 Alaeddin ve Orhan kar\u015f\u0131 kar\u015f\u0131ya\" width=\"1208\" height=\"680\" title=\"\" srcset=\"https:\/\/www.tgrthaber.com\/mavikadin\/wp-content\/uploads\/Kurulus-Osman-13-1-1024x576.jpg 1024w, https:\/\/www.tgrthaber.com\/mavikadin\/wp-content\/uploads\/Kurulus-Osman-13-1-300x169.jpg 300w, https:\/\/www.tgrthaber.com\/mavikadin\/wp-content\/uploads\/Kurulus-Osman-13-1-768x432.jpg 768w, https:\/\/www.tgrthaber.com\/mavikadin\/wp-content\/uploads\/Kurulus-Osman-13-1-1536x864.jpg 1536w, https:\/\/www.tgrthaber.com\/mavikadin\/wp-content\/uploads\/Kurulus-Osman-13-1.jpg 1600w\" sizes=\"(max-width: 1208px) 100vw, 1208px\" \/><\/p>\n<hr \/>\n<p>\u0130\u015fte Kurulu\u015f Osman dizisi 188. b\u00f6l\u00fcm fragman\u0131\u2026<\/p>\n<div style=\"width: 640px;\" class=\"wp-video\"><!--[if lt IE 9]><script>document.createElement('video');<\/script><![endif]-->\n<video class=\"wp-video-shortcode\" id=\"video-160054-1\" width=\"640\" height=\"360\" preload=\"metadata\" controls=\"controls\"><source type=\"video\/mp4\" src=\"https:\/\/www.tgrthaber.com\/mavikadin\/wp-content\/uploads\/Kurulus-Osman-2.mp4?_=1\" \/><a href=\"https:\/\/www.tgrthaber.com\/mavikadin\/wp-content\/uploads\/Kurulus-Osman-2.mp4\">https:\/\/www.tgrthaber.com\/mavikadin\/wp-content\/uploads\/Kurulus-Osman-2.mp4<\/a><\/video><\/div>\n<hr \/>\n<h3>OSMAN&#8217;IN O\u011eULLARI ALAEDD\u0130N VE ORHAN KAR\u015eI KAR\u015eIYA!<\/h3>\n<p>\u00c7ar\u015famba ak\u015famlar\u0131n\u0131n vazge\u00e7ilmez dizileri aras\u0131nda yer alan Kurulu\u015f Osman, ge\u00e7ti\u011fimiz ak\u015fam nefes kesen bir b\u00f6l\u00fcmle ekranlara geldi. Ge\u00e7ti\u011fimiz hafta bayram tatili nedeniyle yay\u0131nlanmayan dizi, d\u00fcn ak\u015famki yeni b\u00f6l\u00fcm\u00fcyle izlenme rekorlar\u0131 k\u0131rd\u0131.<\/p>\n<p><img loading=\"lazy\" decoding=\"async\" class=\"alignnone wp-image-160059\" src=\"https:\/\/www.tgrthaber.com\/mavikadin\/wp-content\/uploads\/Kurulus-Osman-15-1-1024x576.jpg\" alt=\"Kurulu\u015f Osman 188. b\u00f6l\u00fcm fragman\u0131! Osman&#039;\u0131n o\u011fullar\u0131 Alaeddin ve Orhan kar\u015f\u0131 kar\u015f\u0131ya\" width=\"1208\" height=\"680\" title=\"\" srcset=\"https:\/\/www.tgrthaber.com\/mavikadin\/wp-content\/uploads\/Kurulus-Osman-15-1-1024x576.jpg 1024w, https:\/\/www.tgrthaber.com\/mavikadin\/wp-content\/uploads\/Kurulus-Osman-15-1-300x169.jpg 300w, https:\/\/www.tgrthaber.com\/mavikadin\/wp-content\/uploads\/Kurulus-Osman-15-1-768x432.jpg 768w, https:\/\/www.tgrthaber.com\/mavikadin\/wp-content\/uploads\/Kurulus-Osman-15-1-1536x864.jpg 1536w, https:\/\/www.tgrthaber.com\/mavikadin\/wp-content\/uploads\/Kurulus-Osman-15-1.jpg 1600w\" sizes=\"(max-width: 1208px) 100vw, 1208px\" \/><\/p>\n<hr \/>\n<p>Her hafta yepyeni ve heyecan dolu b\u00f6l\u00fcmleriyle seyirci kar\u015f\u0131s\u0131na \u00e7\u0131kan Kurulu\u015f Osman\u2019\u0131n 188. b\u00f6l\u00fcm fragman\u0131 yay\u0131nland\u0131. Fragmana Osman Bey\u2019in o\u011fullar\u0131 Alaeddin Bey ve Orhan Bey\u2019in kar\u015f\u0131 kar\u015f\u0131ya gelmesi damga vurdu. Kurulu\u015f Osman dizisinin yeni b\u00f6l\u00fcm fragman\u0131 Osman Bey\u2019in yolculu\u011funda neler olaca\u011f\u0131na dair ipu\u00e7lar\u0131 da verdi. Dizinin yeni b\u00f6l\u00fcm fragman\u0131 ilk olarak ATV ekranlar\u0131nda ve dizinin resmi sosyal medya hesaplar\u0131nda payla\u015f\u0131ld\u0131.<\/p>\n","protected":false},"excerpt":{"rendered":"<p>ATV ekranlar\u0131n\u0131n b\u00fcy\u00fck bir ilgiyle takip edilen dizisi Kurulu\u015f Osman\u2019\u0131n 188. B\u00f6l\u00fcm fragman\u0131 b\u00fcy\u00fck bir merakla ara\u015ft\u0131r\u0131l\u0131yor. Yeni b\u00f6l\u00fcmleriyle izleyiciyi ekran ba\u015f\u0131na kilitlemeye devam eden Kurulu\u015f Osman dizisinin gelecek b\u00f6l\u00fcm\u00fcnde neler olaca\u011f\u0131 da merak ediliyor. Peki, Kurulu\u015f Osman 188. b\u00f6l\u00fcm fragman\u0131 yay\u0131nland\u0131 m\u0131? \u0130\u015fte detaylar\u2026<\/p>\n","protected":false},"author":26,"featured_media":160056,"comment_status":"closed","ping_status":"closed","sticky":false,"template":"","format":"standard","meta":{"rank_math_lock_modified_date":false,"footnotes":""},"categories":[602],"tags":[2628,3072,17445,15716,8446,13916],"class_list":["post-160054","post","type-post","status-publish","format-standard","has-post-thumbnail","hentry","category-diziler","tag-dizi-haberleri","tag-kurulus-osman","tag-kurulus-osman-188-bolum-fragmani","tag-kurulus-osman-dizi","tag-kurulus-osman-dizisi","tag-kurulus-osman-yeni-bolum"],"_links":{"self":[{"href":"https:\/\/www.tgrthaber.com\/mavikadin\/wp-json\/wp\/v2\/posts\/160054"}],"collection":[{"href":"https:\/\/www.tgrthaber.com\/mavikadin\/wp-json\/wp\/v2\/posts"}],"about":[{"href":"https:\/\/www.tgrthaber.com\/mavikadin\/wp-json\/wp\/v2\/types\/post"}],"author":[{"embeddable":true,"href":"https:\/\/www.tgrthaber.com\/mavikadin\/wp-json\/wp\/v2\/users\/26"}],"replies":[{"embeddable":true,"href":"https:\/\/www.tgrthaber.com\/mavikadin\/wp-json\/wp\/v2\/comments?post=160054"}],"version-history":[{"count":2,"href":"https:\/\/www.tgrthaber.com\/mavikadin\/wp-json\/wp\/v2\/posts\/160054\/revisions"}],"predecessor-version":[{"id":160062,"href":"https:\/\/www.tgrthaber.com\/mavikadin\/wp-json\/wp\/v2\/posts\/160054\/revisions\/160062"}],"wp:featuredmedia":[{"embeddable":true,"href":"https:\/\/www.tgrthaber.com\/mavikadin\/wp-json\/wp\/v2\/media\/160056"}],"wp:attachment":[{"href":"https:\/\/www.tgrthaber.com\/mavikadin\/wp-json\/wp\/v2\/media?parent=160054"}],"wp:term":[{"taxonomy":"category","embeddable":true,"href":"https:\/\/www.tgrthaber.com\/mavikadin\/wp-json\/wp\/v2\/categories?post=160054"},{"taxonomy":"post_tag","embeddable":true,"href":"https:\/\/www.tgrthaber.com\/mavikadin\/wp-json\/wp\/v2\/tags?post=160054"}],"curies":[{"name":"wp","href":"https:\/\/api.w.org\/{rel}","templated":true}]}}