{"id":160055,"date":"2025-04-10T12:49:57","date_gmt":"2025-04-10T09:49:57","guid":{"rendered":"https:\/\/www.tgrthaber.com\/mavikadin\/?p=160055"},"modified":"2025-04-10T13:02:22","modified_gmt":"2025-04-10T10:02:22","slug":"muge-anlida-pes-dedirten-olay-kendini-melek-oldugunu-iddia-eden-gelin-canli-yayinda","status":"publish","type":"post","link":"https:\/\/www.tgrthaber.com\/mavikadin\/muge-anlida-pes-dedirten-olay-kendini-melek-oldugunu-iddia-eden-gelin-canli-yayinda\/","title":{"rendered":"M\u00fcge Anl\u0131&#8217;da pes dedirten olay! Kendini Melek oldu\u011funu iddia eden gelin canl\u0131 yay\u0131nda"},"content":{"rendered":"<p>M\u00fcge Anl\u0131 \u0130le Tatl\u0131 Sert program\u0131na gelen \u0130smail Cevizci\u2019nin doland\u0131r\u0131lma hikayesinde yeni geli\u015fmeler ya\u015fand\u0131. Ailesini dini kullanarak doland\u0131ran kad\u0131n bug\u00fcn canl\u0131 yay\u0131na \u00e7\u0131kt\u0131.<\/p>\n<h3>M\u00dcGE ANLI&#8217;DA PES DED\u0130RTEN OLAY!<\/h3>\n<p>T\u00fcm aileyi dini kullanarak hurafelerle kand\u0131ran gelin aileye ev, arsa ve trakt\u00f6r satt\u0131rd\u0131. Ak\u0131llara durgunluk veren olayda t\u00fcm ailenin gelinlerine kanarak yapt\u0131\u011f\u0131 \u015feyler adeta ak\u0131l tutulmas\u0131 olarak nitelendirildi.<\/p>\n<div style=\"width: 640px;\" class=\"wp-video\"><!--[if lt IE 9]><script>document.createElement('video');<\/script><![endif]-->\n<video class=\"wp-video-shortcode\" id=\"video-160055-1\" width=\"640\" height=\"360\" preload=\"metadata\" controls=\"controls\"><source type=\"video\/mp4\" src=\"https:\/\/www.tgrthaber.com\/mavikadin\/wp-content\/uploads\/Muge-anli-1.mp4?_=1\" \/><a href=\"https:\/\/www.tgrthaber.com\/mavikadin\/wp-content\/uploads\/Muge-anli-1.mp4\">https:\/\/www.tgrthaber.com\/mavikadin\/wp-content\/uploads\/Muge-anli-1.mp4<\/a><\/video><\/div>\n<hr \/>\n<h3>TA\u015e VE KILI\u00c7 KULLANARAK DOLANDIRDI<\/h3>\n<p>Gelinlerinin kendisini k\u0131l\u0131\u00e7 ve ta\u015fla kand\u0131rd\u0131\u011f\u0131n\u0131 anlatan \u0130smail Cevizci\u2019nin s\u00f6yledikleri \u015fa\u015f\u0131rtt\u0131. Palu ailesini aratmayan bu vaka t\u00fcm aile fertlerini etkisi alt\u0131na ald\u0131.<\/p>\n<p>Hayal g\u00fcc\u00fcn\u00fc zorlayan \u015feyler anlatan Cevizci, \u2018Kendini melek ilan eden gelinimiz bizi doland\u0131rd\u0131\u2019 ifadelerini kulland\u0131. \u0130smail Cevizci, M\u00fcge Anl\u0131\u2019dan yard\u0131m talebinde bulunarak \u201cB\u00fct\u00fcn aile asl\u0131nda bizim Palu ailesine benzer bir \u015fekilde bu \u015feye inanm\u0131\u015f. \u015eimdi senin baban neydi?\u201d diyen M\u00fcge Anl\u0131\u2019ya Cevizci, \u201cPeygamberimizin babas\u0131 oldu\u011funa inan\u0131yor mu buna yani valla \u015fu anda ne bizden vazge\u00e7ebiliyor ne \u00f6b\u00fcr taraftan vazge\u00e7ebiliyor.\u201d dedi.<\/p>\n<p><img loading=\"lazy\" decoding=\"async\" class=\"alignnone size-full wp-image-160064\" src=\"https:\/\/www.tgrthaber.com\/mavikadin\/wp-content\/uploads\/Muge-Anli-2-1.png\" alt=\"\" width=\"1208\" height=\"680\" title=\"\" srcset=\"https:\/\/www.tgrthaber.com\/mavikadin\/wp-content\/uploads\/Muge-Anli-2-1.png 1208w, https:\/\/www.tgrthaber.com\/mavikadin\/wp-content\/uploads\/Muge-Anli-2-1-300x169.png 300w, https:\/\/www.tgrthaber.com\/mavikadin\/wp-content\/uploads\/Muge-Anli-2-1-1024x576.png 1024w, https:\/\/www.tgrthaber.com\/mavikadin\/wp-content\/uploads\/Muge-Anli-2-1-768x432.png 768w\" sizes=\"(max-width: 1208px) 100vw, 1208px\" \/><\/p>\n<hr \/>\n<h3>\u201cKEND\u0130S\u0130N\u0130N 14. MELEK OLDU\u011eUNU \u0130DD\u0130A ETT\u0130\u201d<\/h3>\n<p>Kendisinin 14. melek oldu\u011funu s\u00f6yleyerek kand\u0131r\u0131ld\u0131\u011f\u0131n\u0131 anlatan \u0130smail Cevizci st\u00fcdyodaki seyircilerden de tepki g\u00f6rd\u00fc. \u0130smail Cevizci, \u201cNaciye yukar\u0131dan emir geldi diyerek bir \u015feyler bize yapt\u0131rd\u0131lar. Bu paralar\u0131 melekler \u00fczerinden o kad\u0131na g\u00f6nderece\u011fim dedi. Biz de bu \u015fekilde ona \u00e7\u0131kart\u0131p teslim ettik paralar\u0131\u201d \u015feklinde konu\u015ftu.<\/p>\n<p><img loading=\"lazy\" decoding=\"async\" class=\"alignnone wp-image-160067\" src=\"https:\/\/www.tgrthaber.com\/mavikadin\/wp-content\/uploads\/palu-ailesi.jpg\" alt=\"\" width=\"1208\" height=\"680\" title=\"\" srcset=\"https:\/\/www.tgrthaber.com\/mavikadin\/wp-content\/uploads\/palu-ailesi.jpg 976w, https:\/\/www.tgrthaber.com\/mavikadin\/wp-content\/uploads\/palu-ailesi-300x169.jpg 300w, https:\/\/www.tgrthaber.com\/mavikadin\/wp-content\/uploads\/palu-ailesi-768x432.jpg 768w\" sizes=\"(max-width: 1208px) 100vw, 1208px\" \/><\/p>\n<hr \/>\n<h3>PALU A\u0130LES\u0130 DAVASI NED\u0130R?<\/h3>\n<p>Kocaeli&#8217;nin K\u00f6rfez il\u00e7esinde 13 y\u0131l \u00f6nce ortadan kaybolan Meryem Tahnal&#8217;\u0131n \u00f6ld\u00fcr\u00fclmesine ili\u015fkin kamuoyunda &#8220;Palu ailesi&#8221; olarak bilinen ve haklar\u0131nda verilen karar Yarg\u0131tay taraf\u0131ndan bozulan 6 san\u0131\u011f\u0131n yeniden yarg\u0131land\u0131\u011f\u0131 davada karar verildi.<\/p>\n<p>7. A\u011f\u0131r Ceza Mahkemesi&#8217;nde g\u00f6r\u00fclen davada tutuklu san\u0131k Tuncer Ustael, tutuksuz san\u0131klar Emine Ustael, Hava, \u0130sa ve Ay\u015fe Palu ile taraf avukatlar\u0131 haz\u0131r bulundu, Fatih Palu ise duru\u015fmaya kat\u0131lmad\u0131.<\/p>\n<p>M\u00fcdafileri olmad\u0131\u011f\u0131 i\u00e7in bir \u00f6nceki celsede bozma karar\u0131na ili\u015fkin g\u00f6r\u00fc\u015fleri al\u0131namayan \u0130sa ve Ay\u015fe Palu, haklar\u0131nda beraat karar\u0131 verilmesini talep etti.<\/p>\n<p>Esasa ili\u015fkin m\u00fctalaas\u0131n\u0131 a\u00e7\u0131klayan cumhuriyet savc\u0131s\u0131, san\u0131k Tuncer Ustael&#8217;in &#8220;canavarca hisle veya eziyet \u00e7ektirerek kasten \u00f6ld\u00fcrme&#8221; su\u00e7undan a\u011f\u0131rla\u015ft\u0131r\u0131lm\u0131\u015f m\u00fcebbet hapis, di\u011fer san\u0131klar\u0131n ise &#8220;kasten \u00f6ld\u00fcrmeye yard\u0131m&#8221; su\u00e7undan 10 y\u0131ldan 15 y\u0131la kadar hapisle cezaland\u0131r\u0131lmas\u0131n\u0131 istedi.<\/p>\n<p>S\u00f6z verilen san\u0131k Tuncer Ustael, &#8220;\u0130damsa idam, \u00f6l\u00fcmse \u00f6l\u00fcm. Veremeyece\u011fim hesap yok.&#8221; dedi.<\/p>\n","protected":false},"excerpt":{"rendered":"<p>M\u00fcge Anl\u0131\u2019da herkesi \u015foke eden \u0130smail Cevizci\u2019nin doland\u0131r\u0131lma hikayesinde geli\u015fmeler ya\u015fan\u0131yor. T\u00fcm aileyi doland\u0131ran kad\u0131n st\u00fcdyoda kan donduran ifadeler kulland\u0131.<\/p>\n","protected":false},"author":5,"featured_media":160065,"comment_status":"closed","ping_status":"closed","sticky":false,"template":"","format":"standard","meta":{"rank_math_lock_modified_date":false,"footnotes":""},"categories":[76],"tags":[133,2453],"class_list":["post-160055","post","type-post","status-publish","format-standard","has-post-thumbnail","hentry","category-magazin","tag-magazin","tag-muge-anli"],"_links":{"self":[{"href":"https:\/\/www.tgrthaber.com\/mavikadin\/wp-json\/wp\/v2\/posts\/160055"}],"collection":[{"href":"https:\/\/www.tgrthaber.com\/mavikadin\/wp-json\/wp\/v2\/posts"}],"about":[{"href":"https:\/\/www.tgrthaber.com\/mavikadin\/wp-json\/wp\/v2\/types\/post"}],"author":[{"embeddable":true,"href":"https:\/\/www.tgrthaber.com\/mavikadin\/wp-json\/wp\/v2\/users\/5"}],"replies":[{"embeddable":true,"href":"https:\/\/www.tgrthaber.com\/mavikadin\/wp-json\/wp\/v2\/comments?post=160055"}],"version-history":[{"count":3,"href":"https:\/\/www.tgrthaber.com\/mavikadin\/wp-json\/wp\/v2\/posts\/160055\/revisions"}],"predecessor-version":[{"id":160069,"href":"https:\/\/www.tgrthaber.com\/mavikadin\/wp-json\/wp\/v2\/posts\/160055\/revisions\/160069"}],"wp:featuredmedia":[{"embeddable":true,"href":"https:\/\/www.tgrthaber.com\/mavikadin\/wp-json\/wp\/v2\/media\/160065"}],"wp:attachment":[{"href":"https:\/\/www.tgrthaber.com\/mavikadin\/wp-json\/wp\/v2\/media?parent=160055"}],"wp:term":[{"taxonomy":"category","embeddable":true,"href":"https:\/\/www.tgrthaber.com\/mavikadin\/wp-json\/wp\/v2\/categories?post=160055"},{"taxonomy":"post_tag","embeddable":true,"href":"https:\/\/www.tgrthaber.com\/mavikadin\/wp-json\/wp\/v2\/tags?post=160055"}],"curies":[{"name":"wp","href":"https:\/\/api.w.org\/{rel}","templated":true}]}}