{"id":160093,"date":"2025-04-10T14:20:48","date_gmt":"2025-04-10T11:20:48","guid":{"rendered":"https:\/\/www.tgrthaber.com\/mavikadin\/?p=160093"},"modified":"2025-04-10T14:21:49","modified_gmt":"2025-04-10T11:21:49","slug":"alper-saldiran-kimdir-kac-yasinda-alper-saldiran-eski-esi-kim","status":"publish","type":"post","link":"https:\/\/www.tgrthaber.com\/mavikadin\/alper-saldiran-kimdir-kac-yasinda-alper-saldiran-eski-esi-kim\/","title":{"rendered":"Alper Sald\u0131ran kimdir ka\u00e7 ya\u015f\u0131nda? Alper Sald\u0131ran eski e\u015fi kim?"},"content":{"rendered":"<p>T\u00fcrkiye\u2019nin dijital i\u00e7erik izleme platformu olan tabii i\u00e7in \u00e7ekilen \u201cBir Ruh Maceras\u0131\u201d dizinde ba\u015frol oyuncu olarak Alper Sald\u0131ran se\u00e7ildi. Bu haber sonras\u0131 oyuncunun \u00f6zel hayat\u0131 ve kariyeri merak edildi.<\/p>\n<h3>ALPER SALDIRAN K\u0130MD\u0130R?<\/h3>\n<p>Ekranlar\u0131n sevilen isimlerinden biri olan Alper Sald\u0131ran, 16 Eyl\u00fcl 1984 tarihinde \u0130stanbul\u2019da d\u00fcnyaya geldi. Oyunculu\u011fa k\u00fc\u00e7\u00fck ya\u015flarda ilgi duymas\u0131 ile tiyatro temellerini atm\u0131\u015ft\u0131r. \u00a0E\u011fitimini ilk olarak Marmara \u00dcniversitesi\u2019nde Turizm B\u00f6l\u00fcm\u00fc olarak ba\u015flam\u0131\u015f fakat ikinci yar\u0131s\u0131nda b\u0131rak\u0131p oyunculu\u011fa y\u00f6nelmi\u015ftir. Hem televizyon hem tiyatro sahnelerinde izleyiciyle bulu\u015fan Sald\u0131ran, kariyerine ad\u0131m att\u0131\u011f\u0131 ilk g\u00fcnden itibaren istikrarl\u0131 bir \u015fekilde y\u00fckseli\u015fini s\u00fcrd\u00fcrd\u00fc.<\/p>\n<p><img loading=\"lazy\" decoding=\"async\" class=\"alignnone wp-image-160108\" src=\"https:\/\/www.tgrthaber.com\/mavikadin\/wp-content\/uploads\/haber-gorselleri-fotoshop-18-6-1024x576.jpg\" alt=\"Alper Sald\u0131ran kimdir ka\u00e7 ya\u015f\u0131nda? Alper Sald\u0131ran eski e\u015fi kim?\" width=\"1208\" height=\"680\" title=\"\" srcset=\"https:\/\/www.tgrthaber.com\/mavikadin\/wp-content\/uploads\/haber-gorselleri-fotoshop-18-6-1024x576.jpg 1024w, https:\/\/www.tgrthaber.com\/mavikadin\/wp-content\/uploads\/haber-gorselleri-fotoshop-18-6-300x169.jpg 300w, https:\/\/www.tgrthaber.com\/mavikadin\/wp-content\/uploads\/haber-gorselleri-fotoshop-18-6-768x432.jpg 768w, https:\/\/www.tgrthaber.com\/mavikadin\/wp-content\/uploads\/haber-gorselleri-fotoshop-18-6-1536x864.jpg 1536w, https:\/\/www.tgrthaber.com\/mavikadin\/wp-content\/uploads\/haber-gorselleri-fotoshop-18-6.jpg 1600w\" sizes=\"(max-width: 1208px) 100vw, 1208px\" \/><\/p>\n<hr \/>\n<p>Alper Sald\u0131ran, oyunculuk ser\u00fcvenine tiyatro ile ba\u015flad\u0131. Yeditepe \u00dcniversitesi G\u00fczel Sanatlar Fak\u00fcltesi&#8217;nde e\u011fitim alarak sahne sanatlar\u0131na akademik bir temel kazand\u0131rd\u0131. Ancak onu geni\u015f kitlelerle tan\u0131\u015ft\u0131ran as\u0131l \u00e7\u0131k\u0131\u015f, televizyon dizilerindeki ba\u015far\u0131l\u0131 performanslar\u0131yla oldu. \u201cYerden Y\u00fcksek\u201d, \u201cBeni B\u00f6yle Sev\u201d ve \u201cKalbim Ege\u2019de Kald\u0131\u201d gibi sevilen yap\u0131mlarda sergiledi\u011fi do\u011fal oyunculu\u011fuyla izleyicilerin kalbinde yer edindi.<\/p>\n<h3><img loading=\"lazy\" decoding=\"async\" class=\"alignnone wp-image-160105\" src=\"https:\/\/www.tgrthaber.com\/mavikadin\/wp-content\/uploads\/haber-gorselleri-fotoshop-21-6-1024x576.jpg\" alt=\"Alper Sald\u0131ran kimdir ka\u00e7 ya\u015f\u0131nda? Alper Sald\u0131ran eski e\u015fi kim?\" width=\"1208\" height=\"680\" title=\"\" srcset=\"https:\/\/www.tgrthaber.com\/mavikadin\/wp-content\/uploads\/haber-gorselleri-fotoshop-21-6-1024x576.jpg 1024w, https:\/\/www.tgrthaber.com\/mavikadin\/wp-content\/uploads\/haber-gorselleri-fotoshop-21-6-300x169.jpg 300w, https:\/\/www.tgrthaber.com\/mavikadin\/wp-content\/uploads\/haber-gorselleri-fotoshop-21-6-768x432.jpg 768w, https:\/\/www.tgrthaber.com\/mavikadin\/wp-content\/uploads\/haber-gorselleri-fotoshop-21-6-1536x864.jpg 1536w, https:\/\/www.tgrthaber.com\/mavikadin\/wp-content\/uploads\/haber-gorselleri-fotoshop-21-6.jpg 1600w\" sizes=\"(max-width: 1208px) 100vw, 1208px\" \/><\/h3>\n<hr \/>\n<h3>ALPER SALDIRAN KA\u00c7 YA\u015eINDA?<\/h3>\n<p>Ba\u015far\u0131l\u0131 oyunculu\u011fu ile ad\u0131ndan s\u00f6z ettiren Alper Sald\u0131ran, \u015fimdilerde 40 ya\u015f\u0131ndad\u0131r. \u00c7e\u015fitli rollerde oynayan oyuncu reklamlar\u0131nda y\u00fcz\u00fc olmu\u015ftur.<\/p>\n<h3><img loading=\"lazy\" decoding=\"async\" class=\"alignnone wp-image-160107\" src=\"https:\/\/www.tgrthaber.com\/mavikadin\/wp-content\/uploads\/haber-gorselleri-fotoshop-19-6-1024x576.jpg\" alt=\"Alper Sald\u0131ran kimdir ka\u00e7 ya\u015f\u0131nda? Alper Sald\u0131ran eski e\u015fi kim?\" width=\"1208\" height=\"680\" title=\"\" srcset=\"https:\/\/www.tgrthaber.com\/mavikadin\/wp-content\/uploads\/haber-gorselleri-fotoshop-19-6-1024x576.jpg 1024w, https:\/\/www.tgrthaber.com\/mavikadin\/wp-content\/uploads\/haber-gorselleri-fotoshop-19-6-300x169.jpg 300w, https:\/\/www.tgrthaber.com\/mavikadin\/wp-content\/uploads\/haber-gorselleri-fotoshop-19-6-768x432.jpg 768w, https:\/\/www.tgrthaber.com\/mavikadin\/wp-content\/uploads\/haber-gorselleri-fotoshop-19-6-1536x864.jpg 1536w, https:\/\/www.tgrthaber.com\/mavikadin\/wp-content\/uploads\/haber-gorselleri-fotoshop-19-6.jpg 1600w\" sizes=\"(max-width: 1208px) 100vw, 1208px\" \/><\/h3>\n<hr \/>\n<h3>ALPER SALDIRAN ESK\u0130 E\u015e\u0130 K\u0130M?<\/h3>\n<p>Alper Sald\u0131ran\u2019\u0131n \u00f6zel hayat\u0131 da d\u00f6nem d\u00f6nem g\u00fcndeme geldi. \u00d6zellikle oyuncu P\u0131nar Tuncegil ile ya\u015fad\u0131\u011f\u0131 evlilik, hayranlar\u0131n\u0131n merak etti\u011fi konular aras\u0131nda yer ald\u0131. 2013 y\u0131l\u0131nda hayatlar\u0131n\u0131 birle\u015ftiren \u00e7ift, uzun y\u0131llar birlikte ekran kar\u015f\u0131s\u0131nda da yer ald\u0131. Ancak 2019 y\u0131l\u0131nda yollar\u0131n\u0131 ay\u0131rma karar\u0131 ald\u0131lar. Bu karar, magazin bas\u0131n\u0131nda geni\u015f yer bulsa da \u00e7ift, medeni bir \u015fekilde bo\u015fanarak birbirlerine kar\u015f\u0131 sayg\u0131 \u00e7er\u00e7evesinde s\u00fcreci tamamlad\u0131.<\/p>\n<p><img loading=\"lazy\" decoding=\"async\" class=\"alignnone wp-image-160110\" src=\"https:\/\/www.tgrthaber.com\/mavikadin\/wp-content\/uploads\/haber-gorselleri-fotoshop-22-6-1024x576.jpg\" alt=\"Alper Sald\u0131ran kimdir ka\u00e7 ya\u015f\u0131nda? Alper Sald\u0131ran eski e\u015fi kim?\" width=\"1208\" height=\"680\" title=\"\" srcset=\"https:\/\/www.tgrthaber.com\/mavikadin\/wp-content\/uploads\/haber-gorselleri-fotoshop-22-6-1024x576.jpg 1024w, https:\/\/www.tgrthaber.com\/mavikadin\/wp-content\/uploads\/haber-gorselleri-fotoshop-22-6-300x169.jpg 300w, https:\/\/www.tgrthaber.com\/mavikadin\/wp-content\/uploads\/haber-gorselleri-fotoshop-22-6-768x432.jpg 768w, https:\/\/www.tgrthaber.com\/mavikadin\/wp-content\/uploads\/haber-gorselleri-fotoshop-22-6-1536x864.jpg 1536w, https:\/\/www.tgrthaber.com\/mavikadin\/wp-content\/uploads\/haber-gorselleri-fotoshop-22-6.jpg 1600w\" sizes=\"(max-width: 1208px) 100vw, 1208px\" \/><\/p>\n<hr \/>\n<p>P\u0131nar Tuncegil de Alper Sald\u0131ran gibi tiyatro k\u00f6kenli bir oyuncu olarak biliniyor. 1986 do\u011fumlu olan Tuncegil, \u201cYalanc\u0131 Romantik\u201d, \u201cDudaktan Kalbe\u201d ve \u201cKurtlar Vadisi Pusu\u201d gibi yap\u0131mlarla tan\u0131nd\u0131. Alper Sald\u0131ran, bo\u015fanman\u0131n ard\u0131ndan \u00f6zel hayat\u0131n\u0131 g\u00f6z \u00f6n\u00fcnde ya\u015famamay\u0131 tercih etti.<\/p>\n","protected":false},"excerpt":{"rendered":"<p>Ba\u015far\u0131l\u0131 oyuncu Alper Sald\u0131ran\u2019\u0131n kim oldu\u011fu merak edildi. TRT 1\u2019in tabii platformu i\u00e7in \u00e7ekilecek olan \u201cBir Ruh Maceras\u0131\u201d dizisinde ba\u015frol oynayacak. Peki, Alper Sald\u0131ran kimdir ka\u00e7 ya\u015f\u0131nda? Alper Sald\u0131ran eski e\u015fi kim? \u0130\u015fte detaylar&#8230;<\/p>\n","protected":false},"author":34,"featured_media":160109,"comment_status":"closed","ping_status":"closed","sticky":false,"template":"","format":"standard","meta":{"rank_math_lock_modified_date":false,"footnotes":""},"categories":[491],"tags":[2692,17453,17455,17456,8242,16521,17454],"class_list":["post-160093","post","type-post","status-publish","format-standard","has-post-thumbnail","hentry","category-biyografi","tag-alper-saldiran","tag-alper-saldiran-bir-ruh-macerasi","tag-alper-saldiran-biyografi","tag-alper-saldiran-kimdir","tag-bir-ruh-macerasi","tag-biyografi-haberleri","tag-pinar-tuncegil"],"_links":{"self":[{"href":"https:\/\/www.tgrthaber.com\/mavikadin\/wp-json\/wp\/v2\/posts\/160093"}],"collection":[{"href":"https:\/\/www.tgrthaber.com\/mavikadin\/wp-json\/wp\/v2\/posts"}],"about":[{"href":"https:\/\/www.tgrthaber.com\/mavikadin\/wp-json\/wp\/v2\/types\/post"}],"author":[{"embeddable":true,"href":"https:\/\/www.tgrthaber.com\/mavikadin\/wp-json\/wp\/v2\/users\/34"}],"replies":[{"embeddable":true,"href":"https:\/\/www.tgrthaber.com\/mavikadin\/wp-json\/wp\/v2\/comments?post=160093"}],"version-history":[{"count":2,"href":"https:\/\/www.tgrthaber.com\/mavikadin\/wp-json\/wp\/v2\/posts\/160093\/revisions"}],"predecessor-version":[{"id":160112,"href":"https:\/\/www.tgrthaber.com\/mavikadin\/wp-json\/wp\/v2\/posts\/160093\/revisions\/160112"}],"wp:featuredmedia":[{"embeddable":true,"href":"https:\/\/www.tgrthaber.com\/mavikadin\/wp-json\/wp\/v2\/media\/160109"}],"wp:attachment":[{"href":"https:\/\/www.tgrthaber.com\/mavikadin\/wp-json\/wp\/v2\/media?parent=160093"}],"wp:term":[{"taxonomy":"category","embeddable":true,"href":"https:\/\/www.tgrthaber.com\/mavikadin\/wp-json\/wp\/v2\/categories?post=160093"},{"taxonomy":"post_tag","embeddable":true,"href":"https:\/\/www.tgrthaber.com\/mavikadin\/wp-json\/wp\/v2\/tags?post=160093"}],"curies":[{"name":"wp","href":"https:\/\/api.w.org\/{rel}","templated":true}]}}