{"id":160097,"date":"2025-04-10T14:14:29","date_gmt":"2025-04-10T11:14:29","guid":{"rendered":"https:\/\/www.tgrthaber.com\/mavikadin\/?p=160097"},"modified":"2025-04-10T14:14:29","modified_gmt":"2025-04-10T11:14:29","slug":"boran-kuzum-yerine-alper-saldiran-geldi-bir-ruh-macerasi-oyuncu-kadrosunda-koklu-degisim","status":"publish","type":"post","link":"https:\/\/www.tgrthaber.com\/mavikadin\/boran-kuzum-yerine-alper-saldiran-geldi-bir-ruh-macerasi-oyuncu-kadrosunda-koklu-degisim\/","title":{"rendered":"Boran Kuzum yerine Alper Sald\u0131ran geldi! Bir Ruh Maceras\u0131 oyuncu kadrosunda k\u00f6kl\u00fc de\u011fi\u015fim"},"content":{"rendered":"<p>TRT ekranlar\u0131n\u0131n dijital platformu Tabii, ba\u015far\u0131l\u0131 projelere imza atmaya devam ediyor. Tabii\u2019nin b\u00fcy\u00fck bir merakla beklenen dizilerinden \u201cBir Ruh Maceras\u0131\u201d i\u00e7in geri say\u0131m ba\u015flad\u0131. Ge\u00e7ti\u011fimiz g\u00fcnlerde \u00e7ekimlerine ba\u015flan\u0131lacak olan dizide k\u00f6kl\u00fc de\u011fi\u015fimler meydana geldi. Deniz Baysal\u2019\u0131n ba\u015frol\u00fcn\u00fc oynayaca\u011f\u0131 dizinin \u00e7ekimlerine bir g\u00fcn kala Boran Kuzum\u2019un boykot \u00e7a\u011fr\u0131s\u0131 nedeniyle projeden \u00e7\u0131kar\u0131ld\u0131\u011f\u0131 duyuruldu. Dizide Boran Kuzum yerine gelen oyuncu belli oldu. Boran Kuzum yerine ba\u015far\u0131l\u0131 oyuncu Alper Sald\u0131ran geldi.<\/p>\n<h3>B\u0130R RUH MACERASI OYUNCU KADROSUNDA K\u00d6KL\u00dc DE\u011e\u0130\u015e\u0130M!<\/h3>\n<p>Bir Ruh Maceras\u0131 dizisinde k\u00f6kl\u00fc de\u011fi\u015fimler meydana geliyor. TRT\u2019nin dijital platformu Tabii, ba\u015far\u0131l\u0131 projelerine yenilerini eklemeye devam ediyor. Son zamanlarda bir\u00e7ok ba\u015far\u0131l\u0131 projeyle izleyici kar\u015f\u0131s\u0131na \u00e7\u0131kan dijital platform, \u201cBir Ruh Maceras\u0131\u201d i\u00e7in geri say\u0131m yap\u0131yor.<\/p>\n<p>Tabii\u2019nin b\u00fcy\u00fck bir merakla beklenen dizilerinden Bir Ruh Maceras\u0131, T\u00fcrk sinemas\u0131n\u0131n ilk kad\u0131n senaristlerinden Ay\u015fe \u015easa\u2019n\u0131n hik\u00e2yesini konu al\u0131yor.<\/p>\n<p><img loading=\"lazy\" decoding=\"async\" class=\"alignnone wp-image-160099\" src=\"https:\/\/www.tgrthaber.com\/mavikadin\/wp-content\/uploads\/Boran-Kuzum-4-1024x576.jpg\" alt=\"Boran Kuzum yerine Alper Sald\u0131ran geldi! Bir Ruh Maceras\u0131 oyuncu kadrosunda k\u00f6kl\u00fc de\u011fi\u015fim\" width=\"1208\" height=\"680\" title=\"\" srcset=\"https:\/\/www.tgrthaber.com\/mavikadin\/wp-content\/uploads\/Boran-Kuzum-4-1024x576.jpg 1024w, https:\/\/www.tgrthaber.com\/mavikadin\/wp-content\/uploads\/Boran-Kuzum-4-300x169.jpg 300w, https:\/\/www.tgrthaber.com\/mavikadin\/wp-content\/uploads\/Boran-Kuzum-4-768x432.jpg 768w, https:\/\/www.tgrthaber.com\/mavikadin\/wp-content\/uploads\/Boran-Kuzum-4-1536x864.jpg 1536w, https:\/\/www.tgrthaber.com\/mavikadin\/wp-content\/uploads\/Boran-Kuzum-4.jpg 1600w\" sizes=\"(max-width: 1208px) 100vw, 1208px\" \/><\/p>\n<hr \/>\n<p>Yap\u0131mc\u0131l\u0131\u011f\u0131n\u0131 Harmonie Yap\u0131m\u2019\u0131n \u00fcstlendi\u011fi, y\u00f6netmen koltu\u011funda Osman Nail Do\u011fan\u2019\u0131n oturdu\u011fu 10 b\u00f6l\u00fcml\u00fck dizide Boran Kuzum, Ay\u015fe \u015easa\u2019n\u0131n ilk e\u015fi usta y\u00f6netmen At\u0131f Y\u0131lmaz\u2019\u0131 oynamaya haz\u0131rlan\u0131yordu.<\/p>\n<p>Deniz Baysal\u2019\u0131n ba\u015frol\u00fcn\u00fc oynayaca\u011f\u0131 dizinin \u00e7ekimlerine bir g\u00fcn kala Boran Kuzum\u2019un boykot \u00e7a\u011fr\u0131s\u0131 nedeniyle projeden \u00e7\u0131kar\u0131ld\u0131\u011f\u0131 duyuruldu. Dizide Boran Kuzum yerine gelen oyuncu belli oldu.<\/p>\n<p><img loading=\"lazy\" decoding=\"async\" class=\"alignnone wp-image-160100\" src=\"https:\/\/www.tgrthaber.com\/mavikadin\/wp-content\/uploads\/Boran-Kuzum-2-1024x576.jpg\" alt=\"Boran Kuzum yerine Alper Sald\u0131ran geldi! Bir Ruh Maceras\u0131 oyuncu kadrosunda k\u00f6kl\u00fc de\u011fi\u015fim\" width=\"1208\" height=\"680\" title=\"\" srcset=\"https:\/\/www.tgrthaber.com\/mavikadin\/wp-content\/uploads\/Boran-Kuzum-2-1024x576.jpg 1024w, https:\/\/www.tgrthaber.com\/mavikadin\/wp-content\/uploads\/Boran-Kuzum-2-300x169.jpg 300w, https:\/\/www.tgrthaber.com\/mavikadin\/wp-content\/uploads\/Boran-Kuzum-2-768x432.jpg 768w, https:\/\/www.tgrthaber.com\/mavikadin\/wp-content\/uploads\/Boran-Kuzum-2-1536x864.jpg 1536w, https:\/\/www.tgrthaber.com\/mavikadin\/wp-content\/uploads\/Boran-Kuzum-2.jpg 1600w\" sizes=\"(max-width: 1208px) 100vw, 1208px\" \/><\/p>\n<hr \/>\n<h3>BORAN KUZUM YER\u0130NE ALPER SALDIRAN GELD\u0130!<\/h3>\n<p>Sosyal medya hesab\u0131ndan yapt\u0131\u011f\u0131 boykot \u00e7a\u011fr\u0131s\u0131 nedeniyle Bir Ruh Maceras\u0131 dizisinin oyuncu kadrosundan \u00e7\u0131kar\u0131lan Boran Kuzum\u2019un yerine gelen oyuncu belli oldu. TRT\u2019nin dijital platformu Tabii\u2019de yay\u0131nlanacak olan T\u00fcrk sinemas\u0131n\u0131n ilk kad\u0131n senaristlerinden Ay\u015fe \u015easa\u2019n\u0131n hayat\u0131n\u0131 anlatan dizinin yeni oyuncusunun sete \u00e7\u0131kt\u0131\u011f\u0131 \u00f6\u011frenildi.<\/p>\n<p><img loading=\"lazy\" decoding=\"async\" class=\"alignnone wp-image-160101\" src=\"https:\/\/www.tgrthaber.com\/mavikadin\/wp-content\/uploads\/Boran-Kuzum-5-1024x576.jpg\" alt=\"Boran Kuzum yerine Alper Sald\u0131ran geldi! Bir Ruh Maceras\u0131 oyuncu kadrosunda k\u00f6kl\u00fc de\u011fi\u015fim\" width=\"1208\" height=\"680\" title=\"\" srcset=\"https:\/\/www.tgrthaber.com\/mavikadin\/wp-content\/uploads\/Boran-Kuzum-5-1024x576.jpg 1024w, https:\/\/www.tgrthaber.com\/mavikadin\/wp-content\/uploads\/Boran-Kuzum-5-300x169.jpg 300w, https:\/\/www.tgrthaber.com\/mavikadin\/wp-content\/uploads\/Boran-Kuzum-5-768x432.jpg 768w, https:\/\/www.tgrthaber.com\/mavikadin\/wp-content\/uploads\/Boran-Kuzum-5-1536x864.jpg 1536w, https:\/\/www.tgrthaber.com\/mavikadin\/wp-content\/uploads\/Boran-Kuzum-5.jpg 1600w\" sizes=\"(max-width: 1208px) 100vw, 1208px\" \/><\/p>\n<hr \/>\n<p>Ay\u015fe \u015easa\u2019n\u0131n ilk e\u015fi, usta y\u00f6netmen At\u0131f Y\u0131lmaz rol\u00fc i\u00e7in Boran Kuzum\u2019la anla\u015f\u0131lm\u0131\u015ft\u0131. Fakat Kuzum\u2019un boykot \u00e7a\u011fr\u0131s\u0131n\u0131n ard\u0131ndan diziden \u00e7\u0131kar\u0131ld\u0131\u011f\u0131 \u00f6\u011frenilmi\u015fti. Kuzum\u2019un dizinin oyuncu kadrosundan \u00e7\u0131kar\u0131lmas\u0131yla birlikte yerine gelecek oyuncunun kim oldu\u011fu merak edilmi\u015fti.<\/p>\n<p>Dizinin oyuncu kadrosunda k\u00f6kl\u00fc bir de\u011fi\u015fim ya\u015fand\u0131. Diziden \u00e7\u0131kar\u0131lan Boran Kuzum\u2019un yerine ba\u015far\u0131l\u0131 oyuncu Alper Sald\u0131ran geldi.<\/p>\n<p><img loading=\"lazy\" decoding=\"async\" class=\"alignnone wp-image-160102\" src=\"https:\/\/www.tgrthaber.com\/mavikadin\/wp-content\/uploads\/Boran-Kuzum-3-1024x576.jpg\" alt=\"Boran Kuzum yerine Alper Sald\u0131ran geldi! Bir Ruh Maceras\u0131 oyuncu kadrosunda k\u00f6kl\u00fc de\u011fi\u015fim\" width=\"1208\" height=\"680\" title=\"\" srcset=\"https:\/\/www.tgrthaber.com\/mavikadin\/wp-content\/uploads\/Boran-Kuzum-3-1024x576.jpg 1024w, https:\/\/www.tgrthaber.com\/mavikadin\/wp-content\/uploads\/Boran-Kuzum-3-300x169.jpg 300w, https:\/\/www.tgrthaber.com\/mavikadin\/wp-content\/uploads\/Boran-Kuzum-3-768x432.jpg 768w, https:\/\/www.tgrthaber.com\/mavikadin\/wp-content\/uploads\/Boran-Kuzum-3-1536x864.jpg 1536w, https:\/\/www.tgrthaber.com\/mavikadin\/wp-content\/uploads\/Boran-Kuzum-3.jpg 1600w\" sizes=\"(max-width: 1208px) 100vw, 1208px\" \/><\/p>\n","protected":false},"excerpt":{"rendered":"<p>TRT\u2019nin dijital platformu Tabii\u2019de yay\u0131nlanacak olan \u201cBir Ruh Maceras\u0131\u201d dizisi i\u00e7in geri say\u0131m ba\u015flad\u0131. B\u00fcy\u00fck bir heyecanla beklenen dizide k\u00f6kl\u00fc de\u011fi\u015fimler ya\u015fand\u0131. Dizinin \u00e7ekimlerine bir g\u00fcn kala Boran Kuzum\u2019un projeden \u00e7\u0131kar\u0131ld\u0131\u011f\u0131 duyuruldu. Boran Kuzum yerine Alper Sald\u0131ran geldi. \u0130\u015fte detaylar\u2026<\/p>\n","protected":false},"author":26,"featured_media":160098,"comment_status":"closed","ping_status":"closed","sticky":false,"template":"","format":"standard","meta":{"rank_math_lock_modified_date":false,"footnotes":""},"categories":[602],"tags":[2692,6259,8242,9438,8630,2848,2628],"class_list":["post-160097","post","type-post","status-publish","format-standard","has-post-thumbnail","hentry","category-diziler","tag-alper-saldiran","tag-ayse-sasa","tag-bir-ruh-macerasi","tag-bir-ruh-macerasi-dizisi","tag-boran-kuzum","tag-deniz-baysal","tag-dizi-haberleri"],"_links":{"self":[{"href":"https:\/\/www.tgrthaber.com\/mavikadin\/wp-json\/wp\/v2\/posts\/160097"}],"collection":[{"href":"https:\/\/www.tgrthaber.com\/mavikadin\/wp-json\/wp\/v2\/posts"}],"about":[{"href":"https:\/\/www.tgrthaber.com\/mavikadin\/wp-json\/wp\/v2\/types\/post"}],"author":[{"embeddable":true,"href":"https:\/\/www.tgrthaber.com\/mavikadin\/wp-json\/wp\/v2\/users\/26"}],"replies":[{"embeddable":true,"href":"https:\/\/www.tgrthaber.com\/mavikadin\/wp-json\/wp\/v2\/comments?post=160097"}],"version-history":[{"count":2,"href":"https:\/\/www.tgrthaber.com\/mavikadin\/wp-json\/wp\/v2\/posts\/160097\/revisions"}],"predecessor-version":[{"id":160104,"href":"https:\/\/www.tgrthaber.com\/mavikadin\/wp-json\/wp\/v2\/posts\/160097\/revisions\/160104"}],"wp:featuredmedia":[{"embeddable":true,"href":"https:\/\/www.tgrthaber.com\/mavikadin\/wp-json\/wp\/v2\/media\/160098"}],"wp:attachment":[{"href":"https:\/\/www.tgrthaber.com\/mavikadin\/wp-json\/wp\/v2\/media?parent=160097"}],"wp:term":[{"taxonomy":"category","embeddable":true,"href":"https:\/\/www.tgrthaber.com\/mavikadin\/wp-json\/wp\/v2\/categories?post=160097"},{"taxonomy":"post_tag","embeddable":true,"href":"https:\/\/www.tgrthaber.com\/mavikadin\/wp-json\/wp\/v2\/tags?post=160097"}],"curies":[{"name":"wp","href":"https:\/\/api.w.org\/{rel}","templated":true}]}}