{"id":160186,"date":"2025-04-10T16:57:29","date_gmt":"2025-04-10T13:57:29","guid":{"rendered":"https:\/\/www.tgrthaber.com\/mavikadin\/?p=160186"},"modified":"2025-09-18T16:45:22","modified_gmt":"2025-09-18T13:45:22","slug":"asli-hunelin-esi-savas-yurtsever-kimdir-savas-yurtseverin-meslegi-nedir","status":"publish","type":"post","link":"https:\/\/www.tgrthaber.com\/mavikadin\/asli-hunelin-esi-savas-yurtsever-kimdir-savas-yurtseverin-meslegi-nedir\/","title":{"rendered":"Asl\u0131 H\u00fcnel&#8217;in e\u015fi Sava\u015f Yurtsever kimdir? Sava\u015f Yurtsever&#8217;in mesle\u011fi nedir?"},"content":{"rendered":"<p>Kanal D ekranlar\u0131n sevilen program\u0131 \u201cGelinim Mutfakta\u201d seyirci kar\u015f\u0131s\u0131na \u00e7\u0131kmaya devam ediyor. Yar\u0131\u015fman\u0131n sunucusu olan Asl\u0131 H\u00fcnel ise merak edilen isimlerden biri oluyor. \u00d6zel hayat\u0131 ve e\u015finin kim oldu\u011fu merak edilen Asl\u0131 H\u00fcnel evlili\u011fini g\u00f6zlerden uzak ya\u015f\u0131yor. Peki, Asl\u0131 H\u00fcnel&#8217;in e\u015fi Sava\u015f Yurtsever kimdir? Sava\u015f Yurtsever&#8217;in mesle\u011fi nedir? sorular\u0131n\u0131 sizler i\u00e7in ara\u015ft\u0131rd\u0131k.<\/p>\n<h3>ASLI H\u00dcNEL&#8217;\u0130N E\u015e\u0130 SAVA\u015e YURTSEVER K\u0130MD\u0130R?<\/h3>\n<p>Ekranlar\u0131n sevilen isimlerinden Asl\u0131 H\u00fcnel, g\u00fc\u00e7l\u00fc sesi ve zarif duru\u015fuyla y\u0131llard\u0131r hayranl\u0131kla takip ediliyor. Ancak son y\u0131llarda sadece sahne performanslar\u0131yla de\u011fil, \u00f6zel hayat\u0131yla da merak konusu olmaya devam ediyor. \u00d6zellikle 2018 y\u0131l\u0131nda i\u015f insan\u0131 Sava\u015f Yurtsever ile d\u00fcnyaevine girmesi, magazin g\u00fcndeminde geni\u015f yer bulmu\u015ftu. D\u00fc\u011f\u00fcnleri sanat camias\u0131ndan bir\u00e7ok \u00fcnl\u00fc ismin kat\u0131l\u0131m\u0131yla ger\u00e7ekle\u015fti. Evliliklerini g\u00f6zlerden uzak ya\u015fayan \u00e7ift zaman zaman sosyal medyada payla\u015ft\u0131klar\u0131 karelerle be\u011feni topluyor. Sava\u015f Yurtsever, 1975 y\u0131l\u0131nda d\u00fcnyaya geldi.<\/p>\n<h3><img loading=\"lazy\" decoding=\"async\" class=\"alignnone wp-image-160188\" src=\"https:\/\/www.tgrthaber.com\/mavikadin\/wp-content\/uploads\/haber-gorselleri-fotoshop-35-5-1024x576.jpg\" alt=\"Asl\u0131 H\u00fcnel&#039;in e\u015fi Sava\u015f Yurtsever kimdir? Sava\u015f Yurtsever&#039;in mesle\u011fi nedir?\" width=\"1208\" height=\"680\" title=\"\" srcset=\"https:\/\/www.tgrthaber.com\/mavikadin\/wp-content\/uploads\/haber-gorselleri-fotoshop-35-5-1024x576.jpg 1024w, https:\/\/www.tgrthaber.com\/mavikadin\/wp-content\/uploads\/haber-gorselleri-fotoshop-35-5-300x169.jpg 300w, https:\/\/www.tgrthaber.com\/mavikadin\/wp-content\/uploads\/haber-gorselleri-fotoshop-35-5-768x432.jpg 768w, https:\/\/www.tgrthaber.com\/mavikadin\/wp-content\/uploads\/haber-gorselleri-fotoshop-35-5-1536x864.jpg 1536w, https:\/\/www.tgrthaber.com\/mavikadin\/wp-content\/uploads\/haber-gorselleri-fotoshop-35-5.jpg 1600w\" sizes=\"(max-width: 1208px) 100vw, 1208px\" \/><\/h3>\n<hr \/>\n<h3>SAVA\u015e YURTSEVER&#8217;\u0130N MESLE\u011e\u0130 NED\u0130R?<\/h3>\n<p>Sava\u015f Yurtsever, i\u015f hayat\u0131na 1998 y\u0131l\u0131nda otomotiv sekt\u00f6r\u00fcnde ad\u0131m att\u0131. Kariyerine bir otomobil markas\u0131nda sat\u0131\u015f dan\u0131\u015fman\u0131 olarak ba\u015flad\u0131. Otomotiv sekt\u00f6r\u00fcnde y\u0131llar boyunca edindi\u011fi deneyimle, 2011 y\u0131l\u0131ndan bu yana Koluman Otomotiv\u2019de Otomobil Sat\u0131\u015f M\u00fcd\u00fcr\u00fc olarak g\u00f6rev yap\u0131yor. Ayn\u0131 zamanda sekt\u00f6rdeki geli\u015fmeleri yak\u0131ndan takip eden Yurtsever, teknoloji ve yeniliklere olan ilgisiyle de dikkat \u00e7ekiyor.<\/p>\n<p><img loading=\"lazy\" decoding=\"async\" class=\"alignnone wp-image-160190\" src=\"https:\/\/www.tgrthaber.com\/mavikadin\/wp-content\/uploads\/haber-gorselleri-fotoshop-33-5-1024x576.jpg\" alt=\"Asl\u0131 H\u00fcnel&#039;in e\u015fi Sava\u015f Yurtsever kimdir? Sava\u015f Yurtsever&#039;in mesle\u011fi nedir?\" width=\"1208\" height=\"680\" title=\"\" srcset=\"https:\/\/www.tgrthaber.com\/mavikadin\/wp-content\/uploads\/haber-gorselleri-fotoshop-33-5-1024x576.jpg 1024w, https:\/\/www.tgrthaber.com\/mavikadin\/wp-content\/uploads\/haber-gorselleri-fotoshop-33-5-300x169.jpg 300w, https:\/\/www.tgrthaber.com\/mavikadin\/wp-content\/uploads\/haber-gorselleri-fotoshop-33-5-768x432.jpg 768w, https:\/\/www.tgrthaber.com\/mavikadin\/wp-content\/uploads\/haber-gorselleri-fotoshop-33-5-1536x864.jpg 1536w, https:\/\/www.tgrthaber.com\/mavikadin\/wp-content\/uploads\/haber-gorselleri-fotoshop-33-5.jpg 1600w\" sizes=\"(max-width: 1208px) 100vw, 1208px\" \/><\/p>\n<hr \/>\n<p>Sanat camias\u0131n\u0131n g\u00f6zde \u00e7iftlerinden biri olan H\u00fcnel ve Yurtsever, magazin bas\u0131n\u0131nda nadiren yer alsalar da verdikleri pozitif enerjiyle b\u00fcy\u00fck takdir topluyorlar. Sava\u015f Yurtsever, kamuoyuna \u00e7ok fazla a\u00e7\u0131k olmasa da e\u015fiyle kat\u0131ld\u0131\u011f\u0131 baz\u0131 davetlerde \u015f\u0131kl\u0131\u011f\u0131 ve duru\u015fuyla dikkatleri \u00fczerine \u00e7ekmeyi ba\u015far\u0131yor.<\/p>\n<p><img loading=\"lazy\" decoding=\"async\" class=\"alignnone wp-image-160191\" src=\"https:\/\/www.tgrthaber.com\/mavikadin\/wp-content\/uploads\/haber-gorselleri-fotoshop-32-4-1024x576.jpg\" alt=\"Asl\u0131 H\u00fcnel&#039;in e\u015fi Sava\u015f Yurtsever kimdir? Sava\u015f Yurtsever&#039;in mesle\u011fi nedir?\" width=\"1208\" height=\"680\" title=\"\" srcset=\"https:\/\/www.tgrthaber.com\/mavikadin\/wp-content\/uploads\/haber-gorselleri-fotoshop-32-4-1024x576.jpg 1024w, https:\/\/www.tgrthaber.com\/mavikadin\/wp-content\/uploads\/haber-gorselleri-fotoshop-32-4-300x169.jpg 300w, https:\/\/www.tgrthaber.com\/mavikadin\/wp-content\/uploads\/haber-gorselleri-fotoshop-32-4-768x432.jpg 768w, https:\/\/www.tgrthaber.com\/mavikadin\/wp-content\/uploads\/haber-gorselleri-fotoshop-32-4-1536x864.jpg 1536w, https:\/\/www.tgrthaber.com\/mavikadin\/wp-content\/uploads\/haber-gorselleri-fotoshop-32-4.jpg 1600w\" sizes=\"(max-width: 1208px) 100vw, 1208px\" \/><\/p>\n<hr \/>\n<p>\u0130\u015f d\u00fcnyas\u0131nda ba\u015far\u0131l\u0131, \u00f6zel hayat\u0131nda ise dengeli ve huzurlu bir profil \u00e7izen Sava\u015f Yurtsever, sevenlerinin de sayg\u0131s\u0131n\u0131 kazand\u0131. Onlar\u0131n bu uyumlu evlili\u011fi hem sanat d\u00fcnyas\u0131nda hem de i\u015f d\u00fcnyas\u0131nda \u00f6rnek g\u00f6sterilen birliktelikler aras\u0131nda yer al\u0131yor.<\/p>\n","protected":false},"excerpt":{"rendered":"<p>Kanal D ekranlar\u0131n\u0131n sevilen yar\u0131\u015fmas\u0131 \u201cGelinim Mutfakta\u201d izleyicisi ile bulu\u015fuyor. Yar\u0131\u015fman\u0131n g\u00fczel sunucusu Asl\u0131 H\u00fcnel\u2019in hayat\u0131 ve e\u015fi merak ediliyor. Peki, Asl\u0131 H\u00fcnel\u2019in e\u015fi Sava\u015f Yurtsever kimdir? Sava\u015f Yurtsever&#8217;in mesle\u011fi nedir? \u0130\u015fte o detaylar\u2026<\/p>\n","protected":false},"author":34,"featured_media":160189,"comment_status":"closed","ping_status":"closed","sticky":false,"template":"","format":"standard","meta":{"rank_math_lock_modified_date":false,"footnotes":""},"categories":[491],"tags":[2737,17477,16521,17476,17475],"class_list":["post-160186","post","type-post","status-publish","format-standard","has-post-thumbnail","hentry","category-biyografi","tag-asli-hunel","tag-asli-hunel-esi","tag-biyografi-haberleri","tag-savas-yurtsever-biyografi","tag-savas-yutsever"],"_links":{"self":[{"href":"https:\/\/www.tgrthaber.com\/mavikadin\/wp-json\/wp\/v2\/posts\/160186"}],"collection":[{"href":"https:\/\/www.tgrthaber.com\/mavikadin\/wp-json\/wp\/v2\/posts"}],"about":[{"href":"https:\/\/www.tgrthaber.com\/mavikadin\/wp-json\/wp\/v2\/types\/post"}],"author":[{"embeddable":true,"href":"https:\/\/www.tgrthaber.com\/mavikadin\/wp-json\/wp\/v2\/users\/34"}],"replies":[{"embeddable":true,"href":"https:\/\/www.tgrthaber.com\/mavikadin\/wp-json\/wp\/v2\/comments?post=160186"}],"version-history":[{"count":2,"href":"https:\/\/www.tgrthaber.com\/mavikadin\/wp-json\/wp\/v2\/posts\/160186\/revisions"}],"predecessor-version":[{"id":160193,"href":"https:\/\/www.tgrthaber.com\/mavikadin\/wp-json\/wp\/v2\/posts\/160186\/revisions\/160193"}],"wp:featuredmedia":[{"embeddable":true,"href":"https:\/\/www.tgrthaber.com\/mavikadin\/wp-json\/wp\/v2\/media\/160189"}],"wp:attachment":[{"href":"https:\/\/www.tgrthaber.com\/mavikadin\/wp-json\/wp\/v2\/media?parent=160186"}],"wp:term":[{"taxonomy":"category","embeddable":true,"href":"https:\/\/www.tgrthaber.com\/mavikadin\/wp-json\/wp\/v2\/categories?post=160186"},{"taxonomy":"post_tag","embeddable":true,"href":"https:\/\/www.tgrthaber.com\/mavikadin\/wp-json\/wp\/v2\/tags?post=160186"}],"curies":[{"name":"wp","href":"https:\/\/api.w.org\/{rel}","templated":true}]}}