{"id":160219,"date":"2025-04-10T17:58:39","date_gmt":"2025-04-10T14:58:39","guid":{"rendered":"https:\/\/www.tgrthaber.com\/mavikadin\/?p=160219"},"modified":"2025-04-10T20:01:39","modified_gmt":"2025-04-10T17:01:39","slug":"justin-bieber-kendisini-izinsiz-goruntuleyenlere-sinirlendi-kac-para-aliyorsunuz","status":"publish","type":"post","link":"https:\/\/www.tgrthaber.com\/mavikadin\/justin-bieber-kendisini-izinsiz-goruntuleyenlere-sinirlendi-kac-para-aliyorsunuz\/","title":{"rendered":"Justin Bieber kendisini izinsiz g\u00f6r\u00fcnt\u00fcleyenlere sinirlendi! Ka\u00e7 para al\u0131yorsunuz"},"content":{"rendered":"<p class=\"p1\">D\u00fcnyaca tan\u0131nan pop y\u0131ld\u0131z\u0131 Justin Bieber, \u00f6zel hayat\u0131na sayg\u0131 g\u00f6sterilmemesinden duydu\u011fu rahats\u0131zl\u0131\u011f\u0131 a\u00e7\u0131k bir \u015fekilde ortaya koydu. Kendisini gizlice g\u00f6r\u00fcnt\u00fclemeye \u00e7al\u0131\u015fan gazetecilere sert bir dille tepki g\u00f6steren Bieber, &#8216;Ka\u00e7 para al\u0131yorsunuz, gidin buradan!&#8217; s\u00f6zleriyle \u00f6fkesini dile getirdi. Bu anlar k\u0131sa s\u00fcrede sosyal medya platformlar\u0131nda g\u00fcndeme oturdu. Bir\u00e7ok kullan\u0131c\u0131, \u00fcnl\u00fc ismin tepkisini hakl\u0131 bularak, &#8216;\u00d6zel hayat\u0131n b\u00f6ylesine ihlal edilmesi kabul edilemez&#8217; ve &#8216;\u0130zinsiz g\u00f6r\u00fcnt\u00fclemek nedir ger\u00e7ekten?&#8217; \u015feklinde yorumlarla destek verdi. Bieber\u2019\u0131n bu tavr\u0131, magazin d\u00fcnyas\u0131nda da yank\u0131 uyand\u0131rd\u0131. Kimi, onun mahremiyet s\u0131n\u0131rlar\u0131n\u0131 koruma \u00e7abas\u0131n\u0131 takdir ederken, kimileri ise paparazzilerin s\u0131n\u0131r tan\u0131mayan davran\u0131\u015flar\u0131n\u0131 ele\u015ftirdi.<\/p>\n<h3>JUST\u0130N B\u0130EBER KEND\u0130S\u0130N\u0130 \u0130Z\u0130NS\u0130Z G\u00d6R\u00dcNT\u00dcLEYENLERE S\u0130N\u0130RLEND\u0130<\/h3>\n<p class=\"p1\">Son d\u00f6nemde hem tarz\u0131ndaki de\u011fi\u015fim hem de ki\u015fisel hayat\u0131yla yeniden g\u00fcndeme gelen Justin Bieber, bu kez \u00f6zel ya\u015fam\u0131na yap\u0131lan m\u00fcdahaleye sert bir kar\u015f\u0131l\u0131k verdi.<\/p>\n<p><img loading=\"lazy\" decoding=\"async\" class=\"alignnone wp-image-160337 size-full\" src=\"https:\/\/www.tgrthaber.com\/mavikadin\/wp-content\/uploads\/Ekran-Resmi-2025-04-10-20.00.53.png\" alt=\"\" width=\"932\" height=\"568\" title=\"\" srcset=\"https:\/\/www.tgrthaber.com\/mavikadin\/wp-content\/uploads\/Ekran-Resmi-2025-04-10-20.00.53.png 932w, https:\/\/www.tgrthaber.com\/mavikadin\/wp-content\/uploads\/Ekran-Resmi-2025-04-10-20.00.53-300x183.png 300w, https:\/\/www.tgrthaber.com\/mavikadin\/wp-content\/uploads\/Ekran-Resmi-2025-04-10-20.00.53-768x468.png 768w\" sizes=\"(max-width: 932px) 100vw, 932px\" \/><\/p>\n<hr \/>\n<p class=\"p1\">G\u00fcnl\u00fck hayat\u0131n\u0131 s\u00fcrd\u00fcrmeye \u00e7al\u0131\u015f\u0131rken gizlice kameraya al\u0131nan \u00fcnl\u00fc \u015fark\u0131c\u0131, g\u00f6r\u00fcnt\u00fclendi\u011fini fark etti\u011finde olduk\u00e7a \u00f6fkeli bir \u00e7\u0131k\u0131\u015f yapt\u0131. Yakla\u015fan muhabir ve foto\u011fraf\u00e7\u0131lara y\u00f6neltti\u011fi &#8216;Ka\u00e7 para al\u0131yorsunuz?&#8217; \u015feklindeki \u00e7\u0131k\u0131\u015f\u0131, sosyal medyada g\u00fcndem oldu. Kullan\u0131c\u0131lar, Bieber\u2019\u0131n bu tepkisini olduk\u00e7a yerinde buldu ve onu savunan payla\u015f\u0131mlarla Bieber\u2019a destek verdi.<span class=\"Apple-converted-space\">\u00a0<\/span><\/p>\n<div style=\"width: 640px;\" class=\"wp-video\"><!--[if lt IE 9]><script>document.createElement('video');<\/script><![endif]-->\n<video class=\"wp-video-shortcode\" id=\"video-160219-1\" width=\"640\" height=\"1138\" preload=\"metadata\" controls=\"controls\"><source type=\"video\/mp4\" src=\"https:\/\/www.tgrthaber.com\/mavikadin\/wp-content\/uploads\/justin-.mp4?_=1\" \/><a href=\"https:\/\/www.tgrthaber.com\/mavikadin\/wp-content\/uploads\/justin-.mp4\">https:\/\/www.tgrthaber.com\/mavikadin\/wp-content\/uploads\/justin-.mp4<\/a><\/video><\/div>\n<p class=\"p1\">\u2018Kameralarla insanlara pusu kurmak habercilik de\u011fil, tacizdir\u2019 diyenlerden tutun da \u2018Herkesin bir s\u0131n\u0131r\u0131 vard\u0131r, \u00fcnl\u00fcler de insan\u2019 yorumlar\u0131na kadar bir\u00e7ok destek mesaj\u0131 payla\u015f\u0131ld\u0131. Konuya duyarl\u0131l\u0131k g\u00f6steren takip\u00e7iler, \u00fcnl\u00fc olman\u0131n mahremiyetin tamamen kayb\u0131 anlam\u0131na gelmedi\u011fini vurgulad\u0131. \u00d6te yandan, ya\u015fanan bu olay sadece sosyal medya kullan\u0131c\u0131lar\u0131 aras\u0131nda de\u011fil, magazin \u00e7evrelerinde de dikkat \u00e7ekti.<\/p>\n<p><img loading=\"lazy\" decoding=\"async\" class=\"alignnone wp-image-160247 size-full\" src=\"https:\/\/www.tgrthaber.com\/mavikadin\/wp-content\/uploads\/Ekran-Resmi-2025-04-10-17.55.20.png\" alt=\"\" width=\"946\" height=\"558\" title=\"\" srcset=\"https:\/\/www.tgrthaber.com\/mavikadin\/wp-content\/uploads\/Ekran-Resmi-2025-04-10-17.55.20.png 946w, https:\/\/www.tgrthaber.com\/mavikadin\/wp-content\/uploads\/Ekran-Resmi-2025-04-10-17.55.20-300x177.png 300w, https:\/\/www.tgrthaber.com\/mavikadin\/wp-content\/uploads\/Ekran-Resmi-2025-04-10-17.55.20-768x453.png 768w\" sizes=\"(max-width: 946px) 100vw, 946px\" \/><\/p>\n<hr \/>\n<h3>JUST\u0130N B\u0130EBER K\u0130MD\u0130R, KA\u00c7 YA\u015eINDA?<\/h3>\n<p class=\"p1\">1 Mart 1994\u2019te Kanada\u2019n\u0131n Ontario eyaletinde d\u00fcnyaya gelen Justin Drew Bieber, m\u00fczik kariyerine beklenmedik bir \u015fekilde internet sayesinde ad\u0131m att\u0131.<\/p>\n<p><img loading=\"lazy\" decoding=\"async\" class=\"alignnone wp-image-160335 size-large\" src=\"https:\/\/www.tgrthaber.com\/mavikadin\/wp-content\/uploads\/Ekran-Resmi-2025-04-10-19.59.56-1024x613.png\" alt=\"\" width=\"1024\" height=\"613\" title=\"\" srcset=\"https:\/\/www.tgrthaber.com\/mavikadin\/wp-content\/uploads\/Ekran-Resmi-2025-04-10-19.59.56-1024x613.png 1024w, https:\/\/www.tgrthaber.com\/mavikadin\/wp-content\/uploads\/Ekran-Resmi-2025-04-10-19.59.56-300x180.png 300w, https:\/\/www.tgrthaber.com\/mavikadin\/wp-content\/uploads\/Ekran-Resmi-2025-04-10-19.59.56-768x460.png 768w, https:\/\/www.tgrthaber.com\/mavikadin\/wp-content\/uploads\/Ekran-Resmi-2025-04-10-19.59.56.png 1026w\" sizes=\"(max-width: 1024px) 100vw, 1024px\" \/><\/p>\n<hr \/>\n<p class=\"p1\">Hen\u00fcz \u00e7ocuk ya\u015flardayken \u015fark\u0131 s\u00f6yledi\u011fi videolar\u0131 YouTube\u2019a y\u00fcklemesi, d\u00f6nemin yap\u0131mc\u0131lar\u0131ndan Scooter Braun\u2019un dikkatini \u00e7ekti. Braun, Bieber\u2019\u0131n yetene\u011finden etkilenerek onunla ileti\u015fime ge\u00e7ti ve k\u0131sa s\u00fcre i\u00e7inde gen\u00e7 yetene\u011fi Amerika\u2019ya davet etti. Atlanta\u2019da R&amp;B sanat\u00e7\u0131s\u0131 Usher ile tan\u0131\u015fan Bieber, m\u00fczikal yolculu\u011funa b\u00fcy\u00fck bir ad\u0131m att\u0131. Bu tan\u0131\u015fma, onu Usher ve Scooter Braun\u2019un ortak kurdu\u011fu Raymond Braun Media Group (RBMG) etiketiyle profesyonel m\u00fczik d\u00fcnyas\u0131na ta\u015f\u0131d\u0131.<\/p>\n<p class=\"p1\">\n","protected":false},"excerpt":{"rendered":"<p>D\u00fcnyaca \u00fcnl\u00fc \u015fark\u0131c\u0131 Justin Bieber, gizlice g\u00f6r\u00fcnt\u00fclendi\u011fini fark edince sinirlerine h\u00e2kim olamad\u0131. \u00d6zel hayat\u0131na yap\u0131lan m\u00fcdahaleye sert tepki g\u00f6steren Bieber&#8217;\u0131n tavr\u0131 sosyal medyada g\u00fcndem oldu. <\/p>\n","protected":false},"author":16,"featured_media":160251,"comment_status":"closed","ping_status":"closed","sticky":false,"template":"","format":"standard","meta":{"rank_math_lock_modified_date":false,"footnotes":""},"categories":[76],"tags":[17492,11818,133,2218],"class_list":["post-160219","post","type-post","status-publish","format-standard","has-post-thumbnail","hentry","category-magazin","tag-justin-bieber-izinsiz-goruntuleyenler","tag-justin-bieber-kimdir","tag-magazin","tag-magazin-haberleri"],"_links":{"self":[{"href":"https:\/\/www.tgrthaber.com\/mavikadin\/wp-json\/wp\/v2\/posts\/160219"}],"collection":[{"href":"https:\/\/www.tgrthaber.com\/mavikadin\/wp-json\/wp\/v2\/posts"}],"about":[{"href":"https:\/\/www.tgrthaber.com\/mavikadin\/wp-json\/wp\/v2\/types\/post"}],"author":[{"embeddable":true,"href":"https:\/\/www.tgrthaber.com\/mavikadin\/wp-json\/wp\/v2\/users\/16"}],"replies":[{"embeddable":true,"href":"https:\/\/www.tgrthaber.com\/mavikadin\/wp-json\/wp\/v2\/comments?post=160219"}],"version-history":[{"count":3,"href":"https:\/\/www.tgrthaber.com\/mavikadin\/wp-json\/wp\/v2\/posts\/160219\/revisions"}],"predecessor-version":[{"id":160339,"href":"https:\/\/www.tgrthaber.com\/mavikadin\/wp-json\/wp\/v2\/posts\/160219\/revisions\/160339"}],"wp:featuredmedia":[{"embeddable":true,"href":"https:\/\/www.tgrthaber.com\/mavikadin\/wp-json\/wp\/v2\/media\/160251"}],"wp:attachment":[{"href":"https:\/\/www.tgrthaber.com\/mavikadin\/wp-json\/wp\/v2\/media?parent=160219"}],"wp:term":[{"taxonomy":"category","embeddable":true,"href":"https:\/\/www.tgrthaber.com\/mavikadin\/wp-json\/wp\/v2\/categories?post=160219"},{"taxonomy":"post_tag","embeddable":true,"href":"https:\/\/www.tgrthaber.com\/mavikadin\/wp-json\/wp\/v2\/tags?post=160219"}],"curies":[{"name":"wp","href":"https:\/\/api.w.org\/{rel}","templated":true}]}}