{"id":160257,"date":"2025-04-10T18:32:40","date_gmt":"2025-04-10T15:32:40","guid":{"rendered":"https:\/\/www.tgrthaber.com\/mavikadin\/?p=160257"},"modified":"2025-04-10T18:32:40","modified_gmt":"2025-04-10T15:32:40","slug":"kurulus-osmanda-yaprak-dokumu-suruyor-yusufu-karakterini-oynayan-ali-onsoz-diziye-veda-ediyor","status":"publish","type":"post","link":"https:\/\/www.tgrthaber.com\/mavikadin\/kurulus-osmanda-yaprak-dokumu-suruyor-yusufu-karakterini-oynayan-ali-onsoz-diziye-veda-ediyor\/","title":{"rendered":"Kurulu\u015f Osman&#8217;da yaprak d\u00f6k\u00fcm\u00fc s\u00fcr\u00fcyor! Yusuf&#8217;u karakterini oynayan Ali \u00d6ns\u00f6z diziye veda ediyor!"},"content":{"rendered":"<p class=\"p1\">ATV\u2019nin uzun soluklu yap\u0131mlar\u0131ndan biri olan Kurulu\u015f Osman, ekran ser\u00fcvenine 6. sezonuyla h\u0131z kesmeden devam ederken, oyuncu kadrosunda ya\u015fanan ayr\u0131l\u0131klar g\u00fcndemden d\u00fc\u015fm\u00fcyor. Birsen Altunta\u015f&#8217;\u0131n haberine g\u00f6re, dizide Yusuf karakterini oynayan Ali \u00d6ns\u00f6z, projeye veda etmeye haz\u0131rlan\u0131yor. \u0130ddialara g\u00f6re, oyuncunun sette ya\u015fad\u0131\u011f\u0131 talihsiz bir kaza sonucu \u00f6n \u00e7apraz ba\u011flar\u0131nda y\u0131rt\u0131k meydana geldi. Bu sa\u011fl\u0131k sorunu, onun diziden ayr\u0131lma karar\u0131n\u0131 da beraberinde getirdi. Kurulu\u015f Osman dizisinde ya\u015fanan bu ayr\u0131l\u0131klar, hayranlar\u0131n\u0131n da dikkatini \u00e7ekmeye ba\u015flad\u0131.<\/p>\n<h3 class=\"p1\">KURULU\u015e OSMAN&#8217;DA \u015eOK AYRILIK! YUSUF KARAKTER\u0130 D\u0130Z\u0130DEN AYRILIYOR<\/h3>\n<p class=\"p1\">ATV ekranlar\u0131nda y\u0131llard\u0131r ilgiyle izlenen Kurulu\u015f Osman, alt\u0131nc\u0131 sezonunda da g\u00fc\u00e7l\u00fc hik\u00e2yesi ve geni\u015f oyuncu kadrosuyla seyircisini ekran ba\u015f\u0131na toplamaya devam ediyor. Ancak son d\u00f6nemde diziden pe\u015f pe\u015fe gelen ayr\u0131l\u0131k haberleri, izleyicileri \u015fa\u015f\u0131rtmaya devam ediyor.<span class=\"Apple-converted-space\">\u00a0 <\/span>Yeni gelen haberlere g\u00f6re, dizide Yusuf karakterini oynayan ba\u015far\u0131l\u0131 oyuncu Ali \u00d6ns\u00f6z, ekipten ayr\u0131lacak isimler aras\u0131na kat\u0131ld\u0131. Oyuncunun sette ge\u00e7irdi\u011fi talihsiz bir sakatl\u0131k sonucu dizinden ciddi \u015fekilde yaraland\u0131\u011f\u0131 ve \u00f6n \u00e7apraz ba\u011flar\u0131nda kopma meydana geldi\u011fi \u00f6\u011frenildi. Ya\u015fad\u0131\u011f\u0131 sa\u011fl\u0131k sorunlar\u0131 nedeniyle projeden \u00e7ekilme karar\u0131 ald\u0131\u011f\u0131 belirtiliyor.<\/p>\n<p><img loading=\"lazy\" decoding=\"async\" class=\"alignnone wp-image-160275 size-full\" src=\"https:\/\/www.tgrthaber.com\/mavikadin\/wp-content\/uploads\/Ekran-Resmi-2025-04-10-18.20.04.png\" alt=\"\" width=\"946\" height=\"524\" title=\"\" srcset=\"https:\/\/www.tgrthaber.com\/mavikadin\/wp-content\/uploads\/Ekran-Resmi-2025-04-10-18.20.04.png 946w, https:\/\/www.tgrthaber.com\/mavikadin\/wp-content\/uploads\/Ekran-Resmi-2025-04-10-18.20.04-300x166.png 300w, https:\/\/www.tgrthaber.com\/mavikadin\/wp-content\/uploads\/Ekran-Resmi-2025-04-10-18.20.04-768x425.png 768w\" sizes=\"(max-width: 946px) 100vw, 946px\" \/><\/p>\n<hr \/>\n<p class=\"p1\">Son haftalarda Kurulu\u015f Osman\u2019dan ayr\u0131lan oyuncular listesi hayli kabar\u0131k. Ekin Mert Daymaz, Devrim Salto\u011flu, Ay\u00e7a \u0130nci, Ali \u00d6ner ve Murat G\u00f6\u00e7mez gibi isimlerin projeye veda etti\u011fi duyurulmu\u015ftu. Hik\u00e2yedeki y\u00f6n de\u011fi\u015fimi nedeniyle ekipteki bu ayr\u0131l\u0131klar\u0131n devam edece\u011fi s\u00f6yleniyor. Yusuf karakterinin 9 Nisan \u00c7ar\u015famba ak\u015fam\u0131 ekrana gelecek b\u00f6l\u00fcmde son kez yer alaca\u011f\u0131 bildirildi. Dizinin s\u0131k\u0131 takip\u00e7ileri, ya\u015fanan bu oyuncu ayr\u0131l\u0131klar\u0131 kar\u015f\u0131s\u0131nda tepkilerini sosyal medya \u00fczerinden dile getirmeye ba\u015flad\u0131.<\/p>\n<p><img loading=\"lazy\" decoding=\"async\" class=\"alignnone wp-image-160276 size-full\" src=\"https:\/\/www.tgrthaber.com\/mavikadin\/wp-content\/uploads\/Ekran-Resmi-2025-04-10-18.21.06.png\" alt=\"\" width=\"954\" height=\"550\" title=\"\" srcset=\"https:\/\/www.tgrthaber.com\/mavikadin\/wp-content\/uploads\/Ekran-Resmi-2025-04-10-18.21.06.png 954w, https:\/\/www.tgrthaber.com\/mavikadin\/wp-content\/uploads\/Ekran-Resmi-2025-04-10-18.21.06-300x173.png 300w, https:\/\/www.tgrthaber.com\/mavikadin\/wp-content\/uploads\/Ekran-Resmi-2025-04-10-18.21.06-768x443.png 768w\" sizes=\"(max-width: 954px) 100vw, 954px\" \/><\/p>\n<hr \/>\n<h3>KURULU\u015e OSMAN&#8217;IN YUSUF&#8217;U AL\u0130 \u00d6NS\u00d6Z K\u0130MD\u0130R?<\/h3>\n<p class=\"p1\">2000 y\u0131l\u0131nda Antalya\u2019da d\u00fcnyaya gelen Ali \u00d6ns\u00f6z, oyunculuk kariyerine gen\u00e7 ya\u015flarda ad\u0131m atan isimlerden biridir. Televizyon d\u00fcnyas\u0131nda ilk kez 2021 y\u0131l\u0131nda izleyici kar\u015f\u0131s\u0131na \u00e7\u0131kan \u00d6ns\u00f6z, Sana S\u00f6z adl\u0131 dizisinde oynad\u0131\u011f\u0131 Bora karakteriyle dikkatleri \u00fczerine \u00e7ekmi\u015ftir.<\/p>\n<p><img loading=\"lazy\" decoding=\"async\" class=\"alignnone wp-image-160280 size-full\" src=\"https:\/\/www.tgrthaber.com\/mavikadin\/wp-content\/uploads\/Ekran-Resmi-2025-04-10-18.24.26.png\" alt=\"\" width=\"1020\" height=\"584\" title=\"\" srcset=\"https:\/\/www.tgrthaber.com\/mavikadin\/wp-content\/uploads\/Ekran-Resmi-2025-04-10-18.24.26.png 1020w, https:\/\/www.tgrthaber.com\/mavikadin\/wp-content\/uploads\/Ekran-Resmi-2025-04-10-18.24.26-300x172.png 300w, https:\/\/www.tgrthaber.com\/mavikadin\/wp-content\/uploads\/Ekran-Resmi-2025-04-10-18.24.26-768x440.png 768w\" sizes=\"(max-width: 1020px) 100vw, 1020px\" \/><\/p>\n<hr \/>\n<p class=\"p1\">Bu projeyle birlikte ad\u0131n\u0131 duyuran gen\u00e7 oyuncu, performans\u0131yla sekt\u00f6rde kendine sa\u011flam bir yer edinmeye ba\u015flam\u0131\u015ft\u0131r. Ard\u0131ndan Darmaduman ve Ate\u015f Ku\u015flar\u0131 gibi farkl\u0131 yap\u0131mlarda rol alarak oyunculuk deneyimini daha da ileriye ta\u015f\u0131m\u0131\u015ft\u0131r. Her projede farkl\u0131 bir karakteri oynayarak kendini geli\u015ftirmeyi s\u00fcrd\u00fcren \u00d6ns\u00f6z, kariyerine emin ad\u0131mlarla devam etmektedir.<\/p>\n<p>&nbsp;<\/p>\n","protected":false},"excerpt":{"rendered":"<p>Kurulu\u015f Osman\u2019da beklenmedik bir veda daha ya\u015fan\u0131yor. Yusuf karakterini oynayan Ali \u00d6ns\u00f6z, ya\u015fad\u0131\u011f\u0131 sakatl\u0131k nedeniyle projeye veda etme karar\u0131 ald\u0131.<\/p>\n","protected":false},"author":16,"featured_media":160282,"comment_status":"closed","ping_status":"closed","sticky":false,"template":"","format":"standard","meta":{"rank_math_lock_modified_date":false,"footnotes":""},"categories":[602],"tags":[17499,17500],"class_list":["post-160257","post","type-post","status-publish","format-standard","has-post-thumbnail","hentry","category-diziler","tag-kurulus-osman-ayrilik","tag-kurulus-osman-yusuf-ali-onsoz-ayrilik"],"_links":{"self":[{"href":"https:\/\/www.tgrthaber.com\/mavikadin\/wp-json\/wp\/v2\/posts\/160257"}],"collection":[{"href":"https:\/\/www.tgrthaber.com\/mavikadin\/wp-json\/wp\/v2\/posts"}],"about":[{"href":"https:\/\/www.tgrthaber.com\/mavikadin\/wp-json\/wp\/v2\/types\/post"}],"author":[{"embeddable":true,"href":"https:\/\/www.tgrthaber.com\/mavikadin\/wp-json\/wp\/v2\/users\/16"}],"replies":[{"embeddable":true,"href":"https:\/\/www.tgrthaber.com\/mavikadin\/wp-json\/wp\/v2\/comments?post=160257"}],"version-history":[{"count":1,"href":"https:\/\/www.tgrthaber.com\/mavikadin\/wp-json\/wp\/v2\/posts\/160257\/revisions"}],"predecessor-version":[{"id":160283,"href":"https:\/\/www.tgrthaber.com\/mavikadin\/wp-json\/wp\/v2\/posts\/160257\/revisions\/160283"}],"wp:featuredmedia":[{"embeddable":true,"href":"https:\/\/www.tgrthaber.com\/mavikadin\/wp-json\/wp\/v2\/media\/160282"}],"wp:attachment":[{"href":"https:\/\/www.tgrthaber.com\/mavikadin\/wp-json\/wp\/v2\/media?parent=160257"}],"wp:term":[{"taxonomy":"category","embeddable":true,"href":"https:\/\/www.tgrthaber.com\/mavikadin\/wp-json\/wp\/v2\/categories?post=160257"},{"taxonomy":"post_tag","embeddable":true,"href":"https:\/\/www.tgrthaber.com\/mavikadin\/wp-json\/wp\/v2\/tags?post=160257"}],"curies":[{"name":"wp","href":"https:\/\/api.w.org\/{rel}","templated":true}]}}