{"id":160307,"date":"2025-04-10T19:29:50","date_gmt":"2025-04-10T16:29:50","guid":{"rendered":"https:\/\/www.tgrthaber.com\/mavikadin\/?p=160307"},"modified":"2025-04-10T19:29:50","modified_gmt":"2025-04-10T16:29:50","slug":"netfilixin-populer-dizisi-adolescence-ikinci-sezon-icin-beklenen-aciklama-geldi","status":"publish","type":"post","link":"https:\/\/www.tgrthaber.com\/mavikadin\/netfilixin-populer-dizisi-adolescence-ikinci-sezon-icin-beklenen-aciklama-geldi\/","title":{"rendered":"Netfilix&#8217;in pop\u00fcler dizisi Adolescence ikinci sezon i\u00e7in beklenen a\u00e7\u0131klama geldi!"},"content":{"rendered":"<p class=\"p1\">Netflix\u2019te yay\u0131nland\u0131\u011f\u0131 g\u00fcnden bu yana b\u00fcy\u00fck ilgi g\u00f6ren ve k\u0131sa s\u00fcrede geni\u015f bir hayran kitlesine ula\u015fan Adolescence dizisinin 2. sezonuyla ilgili beklenen geli\u015fme sonunda netle\u015fti. \u0130lk sezonuyla platformda \u00f6nemli bir izlenme ba\u015far\u0131s\u0131 elde eden yap\u0131m\u0131n devam edip etmeyece\u011fi uzun s\u00fcredir g\u00fcndemdeydi. Netflix\u2019in bug\u00fcne kadar en \u00e7ok izlenen dizileri aras\u0131na girmeyi ba\u015faran Adolescence\u2019in 2. sezonu \u00e7ekilecek mi? Dizinin yap\u0131mc\u0131lar\u0131, izleyicilerin merak etti\u011fi bu sorunun cevab\u0131n\u0131 payla\u015ft\u0131. Sosyal medyada s\u0131k\u00e7a konu\u015fulan dizi i\u00e7in verilen karar, hayranlar\u0131n\u0131 heyecanland\u0131rd\u0131. Yeni sezon beklentisi, resmi a\u00e7\u0131klamayla kar\u015f\u0131l\u0131k buldu.<\/p>\n<h3>ADOLESCENCE 2. SEZON \u00c7EK\u0130LECEK M\u0130? BEKLENEN A\u00c7IKLAMA GELD\u0130<\/h3>\n<p class=\"p1\">\u0130ngiltere men\u015feli bir su\u00e7 dramas\u0131 olan Adolescence, y\u0131l\u0131n en b\u00fcy\u00fck s\u00fcrprizlerinden biri olarak Netflix izleyicisinin kar\u015f\u0131s\u0131na \u00e7\u0131kt\u0131. D\u00fc\u015f\u00fck b\u00fct\u00e7esi ve m\u00fctevaz\u0131 tan\u0131t\u0131m\u0131yla ilk etapta fazla dikkat \u00e7ekmeyen yap\u0131m, yay\u0131nland\u0131ktan sonra beklenmedik bir \u015fekilde b\u00fcy\u00fck bir etki olu\u015fturdu.<\/p>\n<p><img loading=\"lazy\" decoding=\"async\" class=\"alignnone wp-image-160314 size-full\" src=\"https:\/\/www.tgrthaber.com\/mavikadin\/wp-content\/uploads\/Ekran-Resmi-2025-04-10-19.21.13.png\" alt=\"\" width=\"966\" height=\"556\" title=\"\" srcset=\"https:\/\/www.tgrthaber.com\/mavikadin\/wp-content\/uploads\/Ekran-Resmi-2025-04-10-19.21.13.png 966w, https:\/\/www.tgrthaber.com\/mavikadin\/wp-content\/uploads\/Ekran-Resmi-2025-04-10-19.21.13-300x173.png 300w, https:\/\/www.tgrthaber.com\/mavikadin\/wp-content\/uploads\/Ekran-Resmi-2025-04-10-19.21.13-768x442.png 768w\" sizes=\"(max-width: 966px) 100vw, 966px\" \/><\/p>\n<hr \/>\n<p class=\"p1\">Seyirciler aras\u0131nda h\u0131zla yay\u0131lan olumlu yorumlar, dizinin k\u0131sa s\u00fcrede k\u00fcresel ba\u015far\u0131ya ula\u015fmas\u0131n\u0131 sa\u011flad\u0131. \u015eu anda platformun en \u00e7ok izlenen dizileri listesinde d\u00f6rd\u00fcnc\u00fc s\u0131raya kadar y\u00fckselen Adolescence, mevcut izlenme grafi\u011fiyle ilk \u00fc\u00e7e girme potansiyelini de ta\u015f\u0131yor.<\/p>\n<p><img loading=\"lazy\" decoding=\"async\" class=\"alignnone wp-image-160311 size-full\" src=\"https:\/\/www.tgrthaber.com\/mavikadin\/wp-content\/uploads\/Ekran-Resmi-2025-04-10-19.19.31.png\" alt=\"\" width=\"966\" height=\"562\" title=\"\" srcset=\"https:\/\/www.tgrthaber.com\/mavikadin\/wp-content\/uploads\/Ekran-Resmi-2025-04-10-19.19.31.png 966w, https:\/\/www.tgrthaber.com\/mavikadin\/wp-content\/uploads\/Ekran-Resmi-2025-04-10-19.19.31-300x175.png 300w, https:\/\/www.tgrthaber.com\/mavikadin\/wp-content\/uploads\/Ekran-Resmi-2025-04-10-19.19.31-768x447.png 768w\" sizes=\"(max-width: 966px) 100vw, 966px\" \/><\/p>\n<hr \/>\n<p class=\"p1\">Ba\u015flang\u0131\u00e7ta sadece d\u00f6rt b\u00f6l\u00fcmden olu\u015fan s\u0131n\u0131rl\u0131 bir hik\u00e2yeyle planlanan dizi, ilk sezonun sonunda olaylar\u0131 belirli bir sona ba\u011flam\u0131\u015ft\u0131. Ancak dizinin g\u00f6rd\u00fc\u011f\u00fc b\u00fcy\u00fck ilgi, devam sezonu ihtimalini g\u00fcndeme ta\u015f\u0131d\u0131. Sosyal medya \u00fczerinden y\u00fckselen talepler ve k\u00fcresel izleyici bask\u0131s\u0131, yap\u0131mc\u0131lar\u0131 harekete ge\u00e7irdi.<\/p>\n<p><img loading=\"lazy\" decoding=\"async\" class=\"alignnone wp-image-160312 size-large\" src=\"https:\/\/www.tgrthaber.com\/mavikadin\/wp-content\/uploads\/Ekran-Resmi-2025-04-10-19.19.08-1024x576.png\" alt=\"\" width=\"1024\" height=\"576\" title=\"\" srcset=\"https:\/\/www.tgrthaber.com\/mavikadin\/wp-content\/uploads\/Ekran-Resmi-2025-04-10-19.19.08-1024x576.png 1024w, https:\/\/www.tgrthaber.com\/mavikadin\/wp-content\/uploads\/Ekran-Resmi-2025-04-10-19.19.08-300x169.png 300w, https:\/\/www.tgrthaber.com\/mavikadin\/wp-content\/uploads\/Ekran-Resmi-2025-04-10-19.19.08-768x432.png 768w, https:\/\/www.tgrthaber.com\/mavikadin\/wp-content\/uploads\/Ekran-Resmi-2025-04-10-19.19.08.png 1384w\" sizes=\"(max-width: 1024px) 100vw, 1024px\" \/><\/p>\n<hr \/>\n<p class=\"p1\">Netflix\u2019in bug\u00fcne kadar en \u00e7ok izlenen dizileri aras\u0131na girmeyi ba\u015faran Adolescence\u2019in 2. sezonu \u00e7ekilecek mi? Dizinin yap\u0131mc\u0131lar\u0131, izleyicilerin merak etti\u011fi bu sorunun cevab\u0131n\u0131 payla\u015ft\u0131. Yap\u0131lan a\u00e7\u0131klama, hayranlar\u0131n\u0131 heyecanland\u0131ran yeni bir d\u00f6nemin sinyalini verdi.<\/p>\n<p><img loading=\"lazy\" decoding=\"async\" class=\"alignnone wp-image-160313 size-full\" src=\"https:\/\/www.tgrthaber.com\/mavikadin\/wp-content\/uploads\/Ekran-Resmi-2025-04-10-19.19.26.png\" alt=\"\" width=\"974\" height=\"548\" title=\"\" srcset=\"https:\/\/www.tgrthaber.com\/mavikadin\/wp-content\/uploads\/Ekran-Resmi-2025-04-10-19.19.26.png 974w, https:\/\/www.tgrthaber.com\/mavikadin\/wp-content\/uploads\/Ekran-Resmi-2025-04-10-19.19.26-300x169.png 300w, https:\/\/www.tgrthaber.com\/mavikadin\/wp-content\/uploads\/Ekran-Resmi-2025-04-10-19.19.26-768x432.png 768w\" sizes=\"(max-width: 974px) 100vw, 974px\" \/><\/p>\n<hr \/>\n<p class=\"p1\">Dizinin yap\u0131m g\u00fcc\u00fc olan Plan B yap\u0131m \u015firketi, Adolescence\u2019\u0131n ikinci sezonu i\u00e7in \u00e7al\u0131\u015fmalara start verdi\u011fini duyurdu. \u0130lk sezonun hik\u00e2yesi tamamlanm\u0131\u015f olsa da, yeni sezonda benzer bir atmosfer korunarak farkl\u0131 bir kurguya ge\u00e7ilecek. Bu d\u00f6n\u00fc\u015f\u00fcmle birlikte dizi, her sezon ayr\u0131 bir \u00f6yk\u00fc sunan antoloji format\u0131na evrilecek. True Detective ve Fargo gibi yap\u0131mlarda g\u00f6rd\u00fc\u011f\u00fcm\u00fcz bu yap\u0131, Adolescence\u2019\u0131n da yol haritas\u0131 olacak. Plan B yetkilileri, ilk sezonun duygusal ve stilistik \u00f6z\u00fcn\u00fc muhafaza ederek yeni sezonu \u015fekillendireceklerini belirtti.<\/p>\n<p>&nbsp;<\/p>\n","protected":false},"excerpt":{"rendered":"<p>Netflix\u2019te k\u0131sa s\u00fcrede b\u00fcy\u00fck ilgi g\u00f6ren ve geni\u015f bir izleyici kitlesine ula\u015fan pop\u00fcler dizi i\u00e7in ikinci sezon beklentisi giderek art\u0131yor. \u0130lk sezonuyla iz b\u0131rakmay\u0131 ba\u015faran yap\u0131m\u0131n devam edip etmeyece\u011fi ise merak konusuyd\u0131. Yap\u0131m \u015firketinden beklenen a\u00e7\u0131klama geldi. <\/p>\n","protected":false},"author":16,"featured_media":160315,"comment_status":"closed","ping_status":"closed","sticky":false,"template":"","format":"standard","meta":{"rank_math_lock_modified_date":false,"footnotes":""},"categories":[602],"tags":[17515,17517,17516],"class_list":["post-160307","post","type-post","status-publish","format-standard","has-post-thumbnail","hentry","category-diziler","tag-adolescence-ikinci-sezon","tag-adolescence-ikinci-sezon-ne-zaman","tag-adolescence-ikinci-sezon-yayinlanacak-mi"],"_links":{"self":[{"href":"https:\/\/www.tgrthaber.com\/mavikadin\/wp-json\/wp\/v2\/posts\/160307"}],"collection":[{"href":"https:\/\/www.tgrthaber.com\/mavikadin\/wp-json\/wp\/v2\/posts"}],"about":[{"href":"https:\/\/www.tgrthaber.com\/mavikadin\/wp-json\/wp\/v2\/types\/post"}],"author":[{"embeddable":true,"href":"https:\/\/www.tgrthaber.com\/mavikadin\/wp-json\/wp\/v2\/users\/16"}],"replies":[{"embeddable":true,"href":"https:\/\/www.tgrthaber.com\/mavikadin\/wp-json\/wp\/v2\/comments?post=160307"}],"version-history":[{"count":2,"href":"https:\/\/www.tgrthaber.com\/mavikadin\/wp-json\/wp\/v2\/posts\/160307\/revisions"}],"predecessor-version":[{"id":160317,"href":"https:\/\/www.tgrthaber.com\/mavikadin\/wp-json\/wp\/v2\/posts\/160307\/revisions\/160317"}],"wp:featuredmedia":[{"embeddable":true,"href":"https:\/\/www.tgrthaber.com\/mavikadin\/wp-json\/wp\/v2\/media\/160315"}],"wp:attachment":[{"href":"https:\/\/www.tgrthaber.com\/mavikadin\/wp-json\/wp\/v2\/media?parent=160307"}],"wp:term":[{"taxonomy":"category","embeddable":true,"href":"https:\/\/www.tgrthaber.com\/mavikadin\/wp-json\/wp\/v2\/categories?post=160307"},{"taxonomy":"post_tag","embeddable":true,"href":"https:\/\/www.tgrthaber.com\/mavikadin\/wp-json\/wp\/v2\/tags?post=160307"}],"curies":[{"name":"wp","href":"https:\/\/api.w.org\/{rel}","templated":true}]}}