{"id":162652,"date":"2025-04-15T17:58:51","date_gmt":"2025-04-15T14:58:51","guid":{"rendered":"https:\/\/www.tgrthaber.com\/mavikadin\/?p=162652"},"modified":"2025-04-15T18:07:14","modified_gmt":"2025-04-15T15:07:14","slug":"teskilattan-ayrilan-aybuke-pusatin-chaplin-oyunu-son-dakikada-iptal-edildi-tiyatro-izleyicisine-surpriz-mesaj","status":"publish","type":"post","link":"https:\/\/www.tgrthaber.com\/mavikadin\/teskilattan-ayrilan-aybuke-pusatin-chaplin-oyunu-son-dakikada-iptal-edildi-tiyatro-izleyicisine-surpriz-mesaj\/","title":{"rendered":"Te\u015fkilat&#8217;tan ayr\u0131lan Ayb\u00fcke Pusat\u2019\u0131n Chaplin oyunu son dakikada iptal edildi! Tiyatro izleyicisine s\u00fcrpriz mesaj"},"content":{"rendered":"<p class=\"p1\">TRT 1&#8217;in pop\u00fcler yap\u0131m\u0131 Te\u015fkilat&#8217;tan yapt\u0131\u011f\u0131 sosyal medya payla\u015f\u0131m\u0131 sonras\u0131 ayr\u0131lan Ayb\u00fcke Pusat, bu geli\u015fmenin ard\u0131ndan sahne d\u00fcnyas\u0131nda da beklenmedik bir durumla kar\u015f\u0131la\u015ft\u0131. Uzun s\u00fcredir sahnelenen &#8216;Chaplin2 oyunu, 19 Nisan\u2019da Maximum Uniq sahnesinde izleyiciyle bulu\u015fmaya haz\u0131rlan\u0131rken organizasyon \u015firketinin karar\u0131yla iptal edildi. Oyunun biletlerini alan izleyicilere e-posta yoluyla bilgilendirme yap\u0131ld\u0131\u011f\u0131 \u00f6\u011frenildi. Gazeteci Birsen Altunta\u015f\u2019\u0131n haberine g\u00f6re oyunun neden iptal edildi\u011fi ortaya \u00e7\u0131kt\u0131.<\/p>\n<h3 class=\"p1\"><b>TE\u015eK\u0130LAT&#8217;TAN AYRILAN AYBUKE PUSAT&#8217;IN CHAPL\u0130N OYUNUNUN NEDEN \u0130PTAL ED\u0130LD\u0130\u011e\u0130 ORTAYA \u00c7IKTI <\/b><\/h3>\n<p class=\"p1\">Organizat\u00f6r \u015firketin g\u00f6nderdi\u011fi mesajda net bir gerek\u00e7e belirtilmezken, kulislerde farkl\u0131 iddialar g\u00fcndeme geldi. Gazeteci Birsen Altunta\u015f, sosyal medya hesab\u0131ndan yapt\u0131\u011f\u0131 a\u00e7\u0131klamada iptalin perde arkas\u0131nda oyunculardan \u00d6zg\u00fcr Daniel Foster\u2019\u0131n sa\u011fl\u0131k durumu oldu\u011funu \u00f6ne s\u00fcrd\u00fc.<\/p>\n<p><img loading=\"lazy\" decoding=\"async\" class=\"alignnone wp-image-162662 size-large\" src=\"https:\/\/www.tgrthaber.com\/mavikadin\/wp-content\/uploads\/Basliksiz-1-1024x576.png\" alt=\"\" width=\"1024\" height=\"576\" title=\"\" srcset=\"https:\/\/www.tgrthaber.com\/mavikadin\/wp-content\/uploads\/Basliksiz-1-1024x576.png 1024w, https:\/\/www.tgrthaber.com\/mavikadin\/wp-content\/uploads\/Basliksiz-1-300x169.png 300w, https:\/\/www.tgrthaber.com\/mavikadin\/wp-content\/uploads\/Basliksiz-1-768x432.png 768w, https:\/\/www.tgrthaber.com\/mavikadin\/wp-content\/uploads\/Basliksiz-1-1536x864.png 1536w, https:\/\/www.tgrthaber.com\/mavikadin\/wp-content\/uploads\/Basliksiz-1.png 1920w\" sizes=\"(max-width: 1024px) 100vw, 1024px\" \/><\/p>\n<hr \/>\n<h3 class=\"p1\"><b>G\u00d6STER\u0130M TAKV\u0130M\u0130 ASKIYA ALINDI\u00a0<\/b><b><\/b><\/h3>\n<p class=\"p1\">Chaplin oyununun bilet sat\u0131\u015f sayfas\u0131nda ise \u015fu an yaln\u0131zca &#8216;\u00c7ok Yak\u0131nda&#8217; ifadesi yer al\u0131yor. Bu durum, oyunun tamamen mi iptal edildi\u011fi yoksa ileri bir tarihe mi ertelendi\u011fi sorusunu beraberinde getiriyor. \u0130zleyiciler belirsizli\u011fin k\u0131sa s\u00fcrede giderilmesini bekliyor. Hem dizi hem sahne alan\u0131nda \u00fcst \u00fcste ya\u015fad\u0131\u011f\u0131 geli\u015fmelerle g\u00fcndemde kalan Ayb\u00fcke Pusat\u2019\u0131n \u00f6n\u00fcm\u00fczdeki s\u00fcre\u00e7te nas\u0131l bir yol izleyece\u011fi merak ediliyor.<\/p>\n<p><img loading=\"lazy\" decoding=\"async\" class=\"alignnone wp-image-162663 size-large\" src=\"https:\/\/www.tgrthaber.com\/mavikadin\/wp-content\/uploads\/Ekran-Resmi-2025-04-15-17.51.45-1024x579.png\" alt=\"\" width=\"1024\" height=\"579\" title=\"\" srcset=\"https:\/\/www.tgrthaber.com\/mavikadin\/wp-content\/uploads\/Ekran-Resmi-2025-04-15-17.51.45-1024x579.png 1024w, https:\/\/www.tgrthaber.com\/mavikadin\/wp-content\/uploads\/Ekran-Resmi-2025-04-15-17.51.45-300x170.png 300w, https:\/\/www.tgrthaber.com\/mavikadin\/wp-content\/uploads\/Ekran-Resmi-2025-04-15-17.51.45-768x434.png 768w, https:\/\/www.tgrthaber.com\/mavikadin\/wp-content\/uploads\/Ekran-Resmi-2025-04-15-17.51.45.png 1430w\" sizes=\"(max-width: 1024px) 100vw, 1024px\" \/><\/p>\n<hr \/>\n<h3>TE\u015eK\u0130LAT D\u0130Z\u0130S\u0130N\u0130N NESL\u0130HAN&#8217;I AYB\u00dcKE PUSAT K\u0130MD\u0130R?<\/h3>\n<p class=\"p1\">Ayb\u00fcke Pusat, 25 \u015eubat 1995 tarihinde Ankara\u2019da do\u011fmu\u015ftur. Sanatla erken ya\u015fta tan\u0131\u015fan Pusat, e\u011fitim hayat\u0131n\u0131 Hacettepe \u00dcniversitesi Ankara Devlet Konservatuvar\u0131\u2019nda Bale B\u00f6l\u00fcm\u00fc\u2019n\u00fc tamamlayarak \u015fekillendirmi\u015ftir.<\/p>\n<p><img loading=\"lazy\" decoding=\"async\" class=\"alignnone wp-image-162664 size-full\" src=\"https:\/\/www.tgrthaber.com\/mavikadin\/wp-content\/uploads\/Ekran-Resmi-2025-04-15-17.52.38.png\" alt=\"\" width=\"926\" height=\"554\" title=\"\" srcset=\"https:\/\/www.tgrthaber.com\/mavikadin\/wp-content\/uploads\/Ekran-Resmi-2025-04-15-17.52.38.png 926w, https:\/\/www.tgrthaber.com\/mavikadin\/wp-content\/uploads\/Ekran-Resmi-2025-04-15-17.52.38-300x179.png 300w, https:\/\/www.tgrthaber.com\/mavikadin\/wp-content\/uploads\/Ekran-Resmi-2025-04-15-17.52.38-768x459.png 768w\" sizes=\"(max-width: 926px) 100vw, 926px\" \/><\/p>\n<hr \/>\n<p class=\"p1\">Mezuniyetinin ard\u0131ndan Anadolu \u00dcniversitesi\u2019nde \u0130\u015fletme e\u011fitimi almaya ba\u015flam\u0131\u015ft\u0131r. G\u00fczellik yar\u0131\u015fmalar\u0131nda da ad\u0131ndan s\u00f6z ettiren Pusat, 2014 y\u0131l\u0131nda Miss Turkey\u2019de \u00fc\u00e7\u00fcnc\u00fcl\u00fck elde etmi\u015ftir. Televizyon kariyerine ilk ad\u0131m\u0131n\u0131, Medcezir dizisinde oynad\u0131\u011f\u0131 &#8216;Elif&#8217; karakteriyle atm\u0131\u015ft\u0131r.<\/p>\n<p><img loading=\"lazy\" decoding=\"async\" class=\"alignnone wp-image-162665 size-full\" src=\"https:\/\/www.tgrthaber.com\/mavikadin\/wp-content\/uploads\/Ekran-Resmi-2025-04-15-17.52.33.png\" alt=\"\" width=\"970\" height=\"554\" title=\"\" srcset=\"https:\/\/www.tgrthaber.com\/mavikadin\/wp-content\/uploads\/Ekran-Resmi-2025-04-15-17.52.33.png 970w, https:\/\/www.tgrthaber.com\/mavikadin\/wp-content\/uploads\/Ekran-Resmi-2025-04-15-17.52.33-300x171.png 300w, https:\/\/www.tgrthaber.com\/mavikadin\/wp-content\/uploads\/Ekran-Resmi-2025-04-15-17.52.33-768x439.png 768w\" sizes=\"(max-width: 970px) 100vw, 970px\" \/><\/p>\n<hr \/>\n<p class=\"p1\">Oyunculuk yolculu\u011fu daha sonra O Hayat Benim ve Familya gibi yap\u0131mlarla devam etmi\u015ftir. 2017-2018 y\u0131llar\u0131nda ekranlara gelen S\u00f6z dizisinde \u00fcstlendi\u011fi rolle geni\u015f bir izleyici kitlesi taraf\u0131ndan tan\u0131nm\u0131\u015ft\u0131r. Hem g\u00fczelli\u011fi hem yetene\u011fiyle dikkat \u00e7eken Pusat, ekranlar\u0131n sevilen isimleri aras\u0131nda yer al\u0131yor.<\/p>\n","protected":false},"excerpt":{"rendered":"<p>TRT 1\u2019in sevilen dizisi Te\u015fkilat\u2019tan ayr\u0131l\u0131\u011f\u0131yla g\u00fcndeme gelen Ayb\u00fcke Pusat, bu kez tiyatro sahnesinde ya\u015fanan bir geli\u015fmeyle dikkat \u00e7ekti. 19 Nisan\u2019da sahnelenmesi planlanan Chaplin oyunu iptal edildi. Organizasyon ekibi, izleyicilere durumu e-posta arac\u0131l\u0131\u011f\u0131yla duyurdu. Tiyatro oyununun neden iptal edildi\u011fi ise ortaya \u00e7\u0131kt\u0131. Me\u011ferse konu bamba\u015fkaym\u0131\u015f! <\/p>\n","protected":false},"author":16,"featured_media":162666,"comment_status":"closed","ping_status":"closed","sticky":false,"template":"","format":"standard","meta":{"rank_math_lock_modified_date":false,"footnotes":""},"categories":[76],"tags":[133,2218,18090,18091,18089],"class_list":["post-162652","post","type-post","status-publish","format-standard","has-post-thumbnail","hentry","category-magazin","tag-magazin","tag-magazin-haberleri","tag-teskilat-aybuke-pusat-chaplin-tiyatro-oyunu-neden-iptal","tag-teskilat-dizisi-neslihan-aybuke-pusat-kimdir","tag-teskilattan-ayrilan-aybuke-pusat-chalin-oyunu-iptal"],"_links":{"self":[{"href":"https:\/\/www.tgrthaber.com\/mavikadin\/wp-json\/wp\/v2\/posts\/162652"}],"collection":[{"href":"https:\/\/www.tgrthaber.com\/mavikadin\/wp-json\/wp\/v2\/posts"}],"about":[{"href":"https:\/\/www.tgrthaber.com\/mavikadin\/wp-json\/wp\/v2\/types\/post"}],"author":[{"embeddable":true,"href":"https:\/\/www.tgrthaber.com\/mavikadin\/wp-json\/wp\/v2\/users\/16"}],"replies":[{"embeddable":true,"href":"https:\/\/www.tgrthaber.com\/mavikadin\/wp-json\/wp\/v2\/comments?post=162652"}],"version-history":[{"count":2,"href":"https:\/\/www.tgrthaber.com\/mavikadin\/wp-json\/wp\/v2\/posts\/162652\/revisions"}],"predecessor-version":[{"id":162675,"href":"https:\/\/www.tgrthaber.com\/mavikadin\/wp-json\/wp\/v2\/posts\/162652\/revisions\/162675"}],"wp:featuredmedia":[{"embeddable":true,"href":"https:\/\/www.tgrthaber.com\/mavikadin\/wp-json\/wp\/v2\/media\/162666"}],"wp:attachment":[{"href":"https:\/\/www.tgrthaber.com\/mavikadin\/wp-json\/wp\/v2\/media?parent=162652"}],"wp:term":[{"taxonomy":"category","embeddable":true,"href":"https:\/\/www.tgrthaber.com\/mavikadin\/wp-json\/wp\/v2\/categories?post=162652"},{"taxonomy":"post_tag","embeddable":true,"href":"https:\/\/www.tgrthaber.com\/mavikadin\/wp-json\/wp\/v2\/tags?post=162652"}],"curies":[{"name":"wp","href":"https:\/\/api.w.org\/{rel}","templated":true}]}}